{"id":10116,"date":"2015-12-28T17:22:48","date_gmt":"2015-12-28T13:22:48","guid":{"rendered":"http:\/\/kultur.az\/?p=10116"},"modified":"2015-12-28T17:22:48","modified_gmt":"2015-12-28T13:22:48","slug":"henk-helmantel-muasir-qoca-usta","status":"publish","type":"post","link":"https:\/\/kultur.az\/?p=10116","title":{"rendered":"Henk Helmantel: m\u00fcasir qoca usta"},"content":{"rendered":"<p><a href=\"http:\/\/kultur.az\/wp-content\/uploads\/2015\/12\/djv20130313142.jpg\"><img decoding=\"async\" loading=\"lazy\" class=\"alignright wp-image-10117 size-medium\" src=\"http:\/\/kultur.az\/wp-content\/uploads\/2015\/12\/djv20130313142-300x200.jpg\" alt=\"Thuis, tentoonstelling Hoogeland museum\" width=\"300\" height=\"200\" \/><\/a><\/p>\n<p>Oktyabr\u0131n ortalar\u0131nda Cenevr\u0259d\u0259ki &#8220;Artvera&#8217;s&#8221; r\u0259sm qalereyas\u0131nda &#8220;Henk Helmantel: m\u00fcasir qoca usta&#8221; s\u0259rgisi a\u00e7\u0131l\u0131b.<br \/>\n&#8220;M\u00fcasir qoca&#8221; ifad\u0259si zaman\u0131n f\u00f6vq\u00fcnd\u0259 olan \u0259s\u0259rl\u0259r yaradan holland r\u0259ssam yarad\u0131c\u0131 universumunu u\u011furla xarakteriz\u0259 edir. Qeyd etm\u0259k laz\u0131md\u0131r ki, Henk Helmantel \u00f6z t\u0259rzind\u0259 ya\u015fay\u0131b-yarad\u0131r, sanki var olman\u0131 \u00f6z zaman \u015fkalas\u0131 il\u0259 \u00f6l\u00e7\u00fcr. O, 1945-ci ild\u0259 sakit Vesteremdene \u015f\u0259h\u0259rciyind\u0259 anadan olub, Qroninqend\u0259 Minerva inc\u0259s\u0259n\u0259t akademiyas\u0131n\u0131 bitir\u0259r\u0259k, \u00f6z do\u011fma yurduna qay\u0131d\u0131b, burada is\u0259 fermer t\u0259s\u0259rr\u00fcfat\u0131 olan m\u00fclkiyy\u0259t \u0259ld\u0259 ed\u0259r\u0259k, t\u0259s\u0259rr\u00fcfat\u0131n\u0131 holland pastoral monast\u0131r\u0131na \u00e7evirib. Ancaq bel\u0259 h\u0259yat yarad\u0131c\u0131n\u0131 rahib\u0259 \u00e7evirmir. 2008-ci ild\u0259 Helmantel ilin \u0259n yax\u015f\u0131 r\u0259ssam\u0131 se\u00e7ilib v\u0259 \u0130nc\u0259s\u0259n\u0259t H\u0259ft\u0259si \u00e7\u0259r\u00e7iv\u0259sind\u0259 Kunstenaa van het Jaar awards m\u00fckafat\u0131n\u0131 qazan\u0131b. Onun i\u015fl\u0259ri AB\u015e, Asiya v\u0259 Avropada qalereyalarda s\u0259rgil\u0259nir. Rusiyada r\u0259ssam\u0131n \u0259s\u0259rl\u0259ri A.S. Pu\u015fkin ad\u0131na d\u00f6vl\u0259t t\u0259sviri inc\u0259s\u0259n\u0259t muzeyind\u0259 t\u0259qdim olunur.<\/p>\n<p><img decoding=\"async\" loading=\"lazy\" style=\"font-weight: inherit; font-style: inherit;\" src=\"http:\/\/www.buro247.az\/images\/Henk-Helmantel---La-composition-parfaite.jpg\" alt=\"G\u0259l\u0259c\u0259yin \u0259ntiq \u0259\u015fyas\u0131\" width=\"640\" height=\"426\" \/><\/p>\n<p><img decoding=\"async\" loading=\"lazy\" style=\"font-weight: inherit; font-style: inherit;\" src=\"http:\/\/www.buro247.az\/images\/ggefvgwf485.jpg\" alt=\"G\u0259l\u0259c\u0259yin \u0259ntiq \u0259\u015fyas\u0131\" width=\"700\" height=\"485\" \/><\/p>\n<p><img decoding=\"async\" loading=\"lazy\" style=\"font-weight: inherit; font-style: inherit;\" src=\"http:\/\/www.buro247.az\/images\/23_Henk_Helmantel_Still_Life_with_fruit_and_bread_on_a_blue_background_2013_oil_on_panel_122_x_200_cm.jpg\" alt=\"G\u0259l\u0259c\u0259yin \u0259ntiq \u0259\u015fyas\u0131\" width=\"640\" height=\"387\" \/><\/p>\n<p>R\u0259ssaml\u0131qda Henk Helmantel Rembrant\u0131 \u00f6z kumiri hesab edir. Onu Q\u0259rbi Avropan\u0131n roman v\u0259 q\u0259dim qotik memarl\u0131\u011f\u0131 ilhamland\u0131r\u0131r. Ancaq onun y\u00fcks\u0259k r\u0259ssaml\u0131q ustal\u0131\u011f\u0131 17-ci \u0259sr holland r\u0259ssaml\u0131\u011f\u0131 il\u0259 m\u00fcqayis\u0259 edil\u0259 bil\u0259r, \u00f6z yarad\u0131c\u0131 universumunu r\u0259ssam abstrakt, i\u015fl\u0259rini is\u0259 m\u00fc\u0259yy\u0259n konsept \u0259sas\u0131nda yarad\u0131ld\u0131\u011f\u0131ndan konseptual hesab edir. Onlar\u0131 forma, r\u0259ng palitras\u0131nda klassik hesab etm\u0259k olar, ancaq b\u0259dii metod 20-ci \u0259srin r\u0259ssaml\u0131\u011f\u0131na uy\u011fun olan abstrakt ideyaya \u0259saslan\u0131r. Helmantelin, bir qayda olaraq, sad\u0259 \u0259\u015fyalar\u0131n orijinal kompozisiyalar\u0131ndan ibar\u0259t olan nat\u00fcrmortlar\u0131 qeyri-adi d\u0259r\u0259c\u0259d\u0259 n\u0259fis v\u0259 poetikdir. R\u0259ssam ustal\u0131qla \u0259\u015fya v\u0259 i\u015f\u0131q aras\u0131nda dialoq yarad\u0131r. R\u0259ssaml\u0131q t\u0259rzinin bu x\u00fcsusiyy\u0259tl\u0259ri g\u0259l\u0259c\u0259kd\u0259 Helmentelin \u0259s\u0259rl\u0259rinin onun 17-ci \u0259srd\u0259n olan h\u0259mv\u0259t\u0259nl\u0259rinin yaratd\u0131qlar\u0131 \u015fedevl\u0259ri aras\u0131nda layiq yer tutaca\u011f\u0131n\u0131 g\u00fcman etm\u0259y\u0259 \u0259sas verir.<\/p>\n<p>&nbsp;<\/p>\n<p><img decoding=\"async\" loading=\"lazy\" style=\"font-weight: inherit; font-style: inherit;\" src=\"http:\/\/www.buro247.az\/images\/21_Henk_Helmantel_Han_Dynasty_Chinese_Vase_and_two_goose_eggs_2012_oil_on_panel_84.5_x_76.5_cm.jpg\" alt=\"G\u0259l\u0259c\u0259yin \u0259ntiq \u0259\u015fyas\u0131\" width=\"640\" height=\"710\" \/><\/p>\n<p><img decoding=\"async\" loading=\"lazy\" style=\"font-weight: inherit; font-style: inherit;\" src=\"http:\/\/www.buro247.az\/images\/20_Henk_Helmantel_Quinces_and_medlars_2012_oil_on_panel_43_x_55_cm.jpg\" alt=\"G\u0259l\u0259c\u0259yin \u0259ntiq \u0259\u015fyas\u0131\" width=\"640\" height=\"486\" \/><\/p>\n<p><img decoding=\"async\" loading=\"lazy\" style=\"font-weight: inherit; font-style: inherit;\" src=\"http:\/\/www.buro247.az\/images\/15_Henk_Helmantel_The_Pigeon_2002_oil_on_panel_40_x_52_cm.jpg\" alt=\"G\u0259l\u0259c\u0259yin \u0259ntiq \u0259\u015fyas\u0131\" width=\"640\" height=\"491\" \/><br \/>\nHenk Helmantelin yarad\u0131c\u0131l\u0131\u011f\u0131 bar\u0259d\u0259 \u00f6z fikrinizi formala\u015fd\u0131rma\u011fa zaman var. Bunun \u00fc\u00e7\u00fcn Cenevrd\u0259 &#8220;Artvere&#8217;s&#8221; qalereyas\u0131nda g\u0259l\u0259n ilin fevral ay\u0131n\u0131n 27-n\u0259 q\u0259d\u0259r davam ed\u0259c\u0259k s\u0259rgiy\u0259 getm\u0259k kifay\u0259tdir.<\/p>\n<p><img decoding=\"async\" loading=\"lazy\" class=\"columns_img alignright\" src=\"http:\/\/www.buro247.az\/images\/helenamilena.png\" alt=\"\/images\/helenamilena.png\" width=\"126\" height=\"117\" \/><\/p>\n<p class=\"columns_name\"><a style=\"font-weight: inherit; font-style: inherit;\" href=\"http:\/\/www.buro247.az\/columnist\/yelena-kufen-ernoff\">Yelena Kufen-\u00c7ernoff<\/a><\/p>\n<p class=\"columns_bio\">Kulturologiya elml\u0259ri namiz\u0259didir. Premium-klass otell\u0259r sah\u0259sind\u0259 beyn\u0259lxalq &#8220;Villegiature Awards&#8221; m\u00fcsabiq\u0259sind\u0259 m\u00fcnsifl\u0259r hey\u0259tinin \u00fczv\u00fc.<\/p>\n<p>M\u0259nb\u0259: B\u00fcro 24\/7<\/p>\n<p><span id=\"ctrlcopy\" style=\"font-weight: inherit; font-style: inherit; color: transparent;\"><\/p>\n<p>M\u0259nm\u0259nb\u0259<\/span><\/p>\n<p class=\"bawpvc-ajax-counter\" data-id=\"10116\">Yaz\u0131ya 761 d\u0259f\u0259 bax\u0131l\u0131b<\/p>\n","protected":false},"excerpt":{"rendered":"<p>Oktyabr\u0131n ortalar\u0131nda Cenevr\u0259d\u0259ki &#8220;Artvera&#8217;s&#8221; r\u0259sm qalereyas\u0131nda &#8220;Henk Helmantel: m\u00fcasir qoca usta&#8221; s\u0259rgisi a\u00e7\u0131l\u0131b. &#8220;M\u00fcasir qoca&#8221; ifad\u0259si zaman\u0131n f\u00f6vq\u00fcnd\u0259 olan \u0259s\u0259rl\u0259r yaradan holland r\u0259ssam yarad\u0131c\u0131 universumunu u\u011furla xarakteriz\u0259 edir. Qeyd etm\u0259k laz\u0131md\u0131r ki, Henk Helmantel \u00f6z t\u0259rzind\u0259 ya\u015fay\u0131b-yarad\u0131r, sanki var olman\u0131 \u00f6z zaman \u015fkalas\u0131 il\u0259 \u00f6l\u00e7\u00fcr. O, 1945-ci ild\u0259 sakit Vesteremdene \u015f\u0259h\u0259rciyind\u0259 anadan olub, Qroninqend\u0259 Minerva [&hellip;]<\/p>\n","protected":false},"author":1,"featured_media":0,"comment_status":"closed","ping_status":"closed","sticky":false,"template":"","format":"standard","meta":[],"categories":[4],"tags":[],"_links":{"self":[{"href":"https:\/\/kultur.az\/index.php?rest_route=\/wp\/v2\/posts\/10116"}],"collection":[{"href":"https:\/\/kultur.az\/index.php?rest_route=\/wp\/v2\/posts"}],"about":[{"href":"https:\/\/kultur.az\/index.php?rest_route=\/wp\/v2\/types\/post"}],"author":[{"embeddable":true,"href":"https:\/\/kultur.az\/index.php?rest_route=\/wp\/v2\/users\/1"}],"replies":[{"embeddable":true,"href":"https:\/\/kultur.az\/index.php?rest_route=%2Fwp%2Fv2%2Fcomments&post=10116"}],"version-history":[{"count":1,"href":"https:\/\/kultur.az\/index.php?rest_route=\/wp\/v2\/posts\/10116\/revisions"}],"predecessor-version":[{"id":10118,"href":"https:\/\/kultur.az\/index.php?rest_route=\/wp\/v2\/posts\/10116\/revisions\/10118"}],"wp:attachment":[{"href":"https:\/\/kultur.az\/index.php?rest_route=%2Fwp%2Fv2%2Fmedia&parent=10116"}],"wp:term":[{"taxonomy":"category","embeddable":true,"href":"https:\/\/kultur.az\/index.php?rest_route=%2Fwp%2Fv2%2Fcategories&post=10116"},{"taxonomy":"post_tag","embeddable":true,"href":"https:\/\/kultur.az\/index.php?rest_route=%2Fwp%2Fv2%2Ftags&post=10116"}],"curies":[{"name":"wp","href":"https:\/\/api.w.org\/{rel}","templated":true}]}}