{"id":10886,"date":"2016-04-14T14:02:01","date_gmt":"2016-04-14T09:02:01","guid":{"rendered":"http:\/\/kultur.az\/?p=10886"},"modified":"2016-04-14T14:02:01","modified_gmt":"2016-04-14T09:02:01","slug":"erm%c9%99nil%c9%99rin-t%c9%99%c9%99ssubunu-c%c9%99k%c9%99nl%c9%99r","status":"publish","type":"post","link":"https:\/\/kultur.az\/?p=10886","title":{"rendered":"Erm\u0259nil\u0259rin t\u0259\u0259ss\u00fcb\u00fcn\u00fc \u00e7\u0259k\u0259nl\u0259r&#8230;"},"content":{"rendered":"<p><span style=\"text-decoration: underline;\"><em><strong><a href=\"http:\/\/kultur.az\/wp-content\/uploads\/2016\/04\/seymur.jpg\"><img decoding=\"async\" loading=\"lazy\" class=\"alignnone size-medium wp-image-10887\" src=\"http:\/\/kultur.az\/wp-content\/uploads\/2016\/04\/seymur-300x188.jpg\" alt=\"seymur\" width=\"300\" height=\"188\" \/><\/a>Seymur Verdizad\u0259<\/strong><\/em><\/span><\/p>\n<p><strong>Az\u0259rbaycan Ordusunun q\u0259l\u0259b\u0259si il\u0259 n\u0259tic\u0259l\u0259n\u0259n \u00fc\u00e7 g\u00fcnl\u00fck m\u00fcharib\u0259d\u0259n sonra ictimai m\u00fczakir\u0259l\u0259rin ba\u015flamas\u0131nda t\u0259\u0259cc\u00fcbl\u00fc he\u00e7 n\u0259 yoxdur. Milli Ordumuz d\u00fc\u015fm\u0259nin \u00fcz\u0259rind\u0259 \u00e7ald\u0131\u011f\u0131 z\u0259f\u0259rl\u0259 son 22-23 ild\u0259 m\u0259\u011flubiyy\u0259t sindromundan \u0259ziyy\u0259t \u00e7\u0259k\u0259n c\u0259miyy\u0259t\u0259 stimul vermi\u015f oldu. H\u0259rbi \u0259m\u0259liyyatlar\u0131n davam etdiyi \u00fc\u00e7 g\u00fcn tariximiz\u0259 q\u0131z\u0131l h\u0259rfl\u0259rl\u0259 yaz\u0131ld\u0131. Bu tarixl\u0259 \u00f6y\u00fcnm\u0259y\u0259 h\u0259r bir az\u0259rbaycanl\u0131n\u0131n haqq\u0131 var.<\/strong><\/p>\n<p>M\u0259n ictimai m\u00fczakir\u0259l\u0259r\u0259 c\u0259miyy\u0259tin inki\u015faf\u0131n\u0131 t\u0259min ed\u0259n \u0259sas faktorlardan biri kimi yana\u015fsam da, h\u0259mi\u015f\u0259 bu c\u00fcr m\u00fczakir\u0259l\u0259rin obyektiv apar\u0131lmas\u0131na t\u0259r\u0259fdar olmu\u015fam. S\u00f6hb\u0259t \u00fcmummilli m\u0259s\u0259l\u0259l\u0259rd\u0259n ged\u0259nd\u0259 he\u00e7 vaxt \u0259dal\u0259t hissini itirm\u0259k olmaz. \u0130nsan\u0131n \u00f6z fikrini vahid h\u0259qiq\u0259t kimi c\u0259miyy\u0259t\u0259 s\u0131r\u0131ma\u011fa \u00e7al\u0131\u015fmas\u0131 s\u0259fehlik \u0259lam\u0259tidir. B\u00fct\u00fcn ideyalar c\u0259miyy\u0259tin inki\u015faf\u0131na xidm\u0259t etm\u0259li, insanlara fayda verm\u0259lidir. \u0130nsan, dan\u0131\u015fmaq xatirin\u0259 a\u011fz\u0131n\u0131 a\u00e7\u0131b-yumanda g\u00fcl\u00fcnc g\u00f6r\u00fcn\u00fcr.<\/p>\n<p>Hesab edir\u0259m ki, h\u0259rbi \u0259m\u0259liyyatlar\u0131n birinci m\u0259rh\u0259l\u0259si ba\u015fa \u00e7atd\u0131\u011f\u0131 \u00fc\u00e7\u00fcn bu m\u00f6vzuda a\u00e7\u0131q dan\u0131\u015fa bil\u0259rik. T\u0259\u0259ss\u00fcf ki, son g\u00fcnl\u0259r b\u0259zi \u201cdostlar\u0131m\u0131z\u201d sosial \u015f\u0259b\u0259k\u0259l\u0259rd\u0259 \u015f\u0259hidl\u0259rimizin say\u0131 \u00fcz\u0259rind\u0259 manipulyasiya etm\u0259y\u0259 ba\u015flay\u0131blar. M\u0259n n\u0259inki genefondumuzun \u0259sas\u0131n\u0131 t\u0259\u015fkil ed\u0259n g\u0259ncl\u0259rimizin, h\u0259tta \u00f6mr\u00fcn\u00fcn 99-cu bahar\u0131n\u0131 ya\u015fayan zavall\u0131 bir qocan\u0131n da burnunun qanamas\u0131n\u0131 ist\u0259mir\u0259m. Amma m\u0259nim ist\u0259yib-ist\u0259m\u0259m\u0259yimd\u0259n as\u0131l\u0131 olmayaraq, m\u00fcharib\u0259 \u00f6l\u00fcm, qan-qada dem\u0259kdir. C\u0259bh\u0259d\u0259 he\u00e7 kim\u0259 piroq paylam\u0131rlar. Erm\u0259nistan M\u00fcdafi\u0259 Nazirliyinin \u00f6z itkil\u0259riyl\u0259 ba\u011fl\u0131 t\u0259qdim etdiyi saxta r\u0259q\u0259ml\u0259ri \u0259sas g\u00f6t\u00fcr\u00fcb, ordumuzun q\u0259l\u0259b\u0259sin\u0259 k\u00f6lg\u0259 salmaq naqislikdir. T\u0259kc\u0259 \u00f6zl\u0259rinin deyil, h\u0259m d\u0259 bizim \u0259v\u0259zimiz\u0259 canlar\u0131n\u0131 f\u0259da ed\u0259n \u015f\u0259hidl\u0259rimizin xatir\u0259sini \u0259ziz tutmaq h\u0259r birimizin borcudur. \u00dc\u00e7 g\u00fcnl\u00fck m\u00fcharib\u0259d\u0259n \u00e7\u0131xan n\u0259tic\u0259 budur: Az\u0259rbaycan \u0259sg\u0259ri g\u00f6z\u00fcn\u00fc q\u0131rpmadan can\u0131n\u0131 v\u0259t\u0259n u\u011frunda f\u0259da etm\u0259y\u0259 haz\u0131rd\u0131r. Komp\u00fcterin arxas\u0131nda gizl\u0259n\u0259nl\u0259rin sin\u0259sini d\u00fc\u015fm\u0259n g\u00fcll\u0259sin\u0259 sip\u0259r ed\u0259n adamlar\u0131n f\u0259aliyy\u0259tini t\u0259fti\u015f etm\u0259y\u0259 haqq\u0131 yoxdur.<\/p>\n<p>T\u0259\u0259cc\u00fcb do\u011furan ba\u015fqa bir m\u0259qam is\u0259 \u015f\u0259hidl\u0259rimizin say\u0131 \u00fcz\u0259rind\u0259 manipulyasiya ed\u0259n adamlar\u0131n at\u0259\u015fk\u0259s haqda q\u0259rara ironik yana\u015fmas\u0131d\u0131r. \u018fg\u0259r siz \u0259sg\u0259rl\u0259rimizin \u015f\u0259hid olmas\u0131n\u0131 ist\u0259mirsinizs\u0259, niy\u0259 h\u0259rbi \u0259m\u0259liyyatlar\u0131n dayand\u0131r\u0131lmas\u0131na t\u0259pki g\u00f6st\u0259rirsiniz? B\u0259s, m\u0259ntiq harda qald\u0131?<\/p>\n<p>\u00dc\u00e7 g\u00fcnl\u00fck m\u00fcharib\u0259 ilk n\u00f6vb\u0259d\u0259 son ill\u0259r \u0259rzind\u0259 Az\u0259rbaycan Ordusunda ba\u015f vermi\u015f keyfiyy\u0259t d\u0259yi\u015fikliyini ortaya \u00e7\u0131xard\u0131. M\u0259lum oldu\u011fu kimi, \u015f\u0259hidl\u0259rimizin aras\u0131nda bir ne\u00e7\u0259 y\u00fcks\u0259k r\u00fctb\u0259li zabit d\u0259 var. Hans\u0131 ki, biz Birinci Qaraba\u011f M\u00fcharib\u0259sind\u0259 b\u0259zi zabitl\u0259rin m\u00fcxt\u0259lif b\u0259han\u0259l\u0259rl\u0259 d\u00f6y\u00fc\u015f meydan\u0131ndan yay\u0131nd\u0131\u011f\u0131n\u0131 g\u00f6rm\u00fc\u015fd\u00fck. Amma 2-4 aprel tarixl\u0259rind\u0259 h\u0259yata ke\u00e7iril\u0259n h\u0259rbi \u0259m\u0259liyyatlar zaman\u0131 bunun \u0259ksi ba\u015f verdi. Bu d\u0259f\u0259 d\u00f6y\u00fc\u015f\u0259 ham\u0131dan \u0259vv\u0259l komandirl\u0259r at\u0131ld\u0131. \u018fv\u0259vlki d\u00f6vrd\u0259n f\u0259rqli olaraq, komandirl\u0259r bu d\u0259f\u0259 \u0259sg\u0259rl\u0259rin arxas\u0131nda gizl\u0259nm\u0259dil\u0259r, \u0259ksin\u0259, \u0259sg\u0259rl\u0259ri \u00f6z arxalar\u0131nca apard\u0131lar. Mayor Elnur \u018fliyev \u0259sg\u0259rl\u0259rinin h\u0259yat\u0131n\u0131 xilas etm\u0259k \u00fc\u00e7\u00fcn \u00f6z\u00fcn\u00fc qumbaran\u0131n \u00fcst\u00fcn\u0259 atd\u0131. Komandiri \u0259sg\u0259rin\u0259, \u0259sg\u0259ri v\u0259t\u0259nin\u0259 g\u00f6r\u0259 can\u0131n\u0131 f\u0259da ed\u0259n bir ordu m\u00fctl\u0259q qalib g\u0259l\u0259c\u0259kdir!<\/p>\n<p><strong>P.S.<\/strong> \u00d6t\u0259n g\u00fcn istefada olan bir polkovnik m\u0259n\u0259 dedi ki, \u201cL\u0259l\u0259 t\u0259p\u0259\u201d y\u00fcks\u0259kliyini azad etm\u0259k \u00fc\u00e7\u00fcn 1994-c\u00fc ild\u0259 ard-arda iki \u0259m\u0259liyyat ke\u00e7iribl\u0259r. Amma h\u0259r iki c\u0259hd u\u011fursuzluqla n\u0259tic\u0259l\u0259nib. Polkovnik onu da dedi ki, \u201cL\u0259l\u0259 t\u0259p\u0259\u201d y\u00fcks\u0259kliyinin Az\u0259rbaycan Ordusuna hans\u0131 \u00fcst\u00fcnl\u00fckl\u0259r qazand\u0131rd\u0131\u011f\u0131n\u0131 qar\u015f\u0131dak\u0131 d\u00f6y\u00fc\u015fl\u0259rd\u0259 daha yax\u015f\u0131 anlayaca\u011f\u0131q.<\/p>\n<p><strong>P.P.S.<\/strong> Erm\u0259nil\u0259rin t\u0259\u0259ss\u00fcb\u00fcn\u00fc \u00e7\u0259k\u0259nl\u0259r indid\u0259n narahat ola bil\u0259rl\u0259r&#8230;(Qafqazinfo.az)<\/p>\n<p><a class=\"fb \"> <i class=\"hidden-xs\"> Payla\u015f<\/i> <\/a> <a class=\"twitter\"> <em class=\"hidden-xs\"> Tweet<\/em> <\/a> <a class=\"googleplus\" href=\"https:\/\/plus.google.com\/share?url=http%3A%2F%2Fwww.qafqazinfo.az%2Fsiyaset-2%2Fermenilerin-teessubunu-cekenler-144085\"> <em class=\"hidden-xs\"> Payla\u015f<\/em> <\/a><\/p>\n<p class=\"bawpvc-ajax-counter\" data-id=\"10886\">Yaz\u0131ya 913 d\u0259f\u0259 bax\u0131l\u0131b<\/p>\n","protected":false},"excerpt":{"rendered":"<p>Seymur Verdizad\u0259 Az\u0259rbaycan Ordusunun q\u0259l\u0259b\u0259si il\u0259 n\u0259tic\u0259l\u0259n\u0259n \u00fc\u00e7 g\u00fcnl\u00fck m\u00fcharib\u0259d\u0259n sonra ictimai m\u00fczakir\u0259l\u0259rin ba\u015flamas\u0131nda t\u0259\u0259cc\u00fcbl\u00fc he\u00e7 n\u0259 yoxdur. Milli Ordumuz d\u00fc\u015fm\u0259nin \u00fcz\u0259rind\u0259 \u00e7ald\u0131\u011f\u0131 z\u0259f\u0259rl\u0259 son 22-23 ild\u0259 m\u0259\u011flubiyy\u0259t sindromundan \u0259ziyy\u0259t \u00e7\u0259k\u0259n c\u0259miyy\u0259t\u0259 stimul vermi\u015f oldu. H\u0259rbi \u0259m\u0259liyyatlar\u0131n davam etdiyi \u00fc\u00e7 g\u00fcn tariximiz\u0259 q\u0131z\u0131l h\u0259rfl\u0259rl\u0259 yaz\u0131ld\u0131. Bu tarixl\u0259 \u00f6y\u00fcnm\u0259y\u0259 h\u0259r bir az\u0259rbaycanl\u0131n\u0131n haqq\u0131 var. M\u0259n ictimai [&hellip;]<\/p>\n","protected":false},"author":1,"featured_media":0,"comment_status":"closed","ping_status":"closed","sticky":false,"template":"","format":"standard","meta":[],"categories":[6],"tags":[],"_links":{"self":[{"href":"https:\/\/kultur.az\/index.php?rest_route=\/wp\/v2\/posts\/10886"}],"collection":[{"href":"https:\/\/kultur.az\/index.php?rest_route=\/wp\/v2\/posts"}],"about":[{"href":"https:\/\/kultur.az\/index.php?rest_route=\/wp\/v2\/types\/post"}],"author":[{"embeddable":true,"href":"https:\/\/kultur.az\/index.php?rest_route=\/wp\/v2\/users\/1"}],"replies":[{"embeddable":true,"href":"https:\/\/kultur.az\/index.php?rest_route=%2Fwp%2Fv2%2Fcomments&post=10886"}],"version-history":[{"count":1,"href":"https:\/\/kultur.az\/index.php?rest_route=\/wp\/v2\/posts\/10886\/revisions"}],"predecessor-version":[{"id":10888,"href":"https:\/\/kultur.az\/index.php?rest_route=\/wp\/v2\/posts\/10886\/revisions\/10888"}],"wp:attachment":[{"href":"https:\/\/kultur.az\/index.php?rest_route=%2Fwp%2Fv2%2Fmedia&parent=10886"}],"wp:term":[{"taxonomy":"category","embeddable":true,"href":"https:\/\/kultur.az\/index.php?rest_route=%2Fwp%2Fv2%2Fcategories&post=10886"},{"taxonomy":"post_tag","embeddable":true,"href":"https:\/\/kultur.az\/index.php?rest_route=%2Fwp%2Fv2%2Ftags&post=10886"}],"curies":[{"name":"wp","href":"https:\/\/api.w.org\/{rel}","templated":true}]}}