{"id":11583,"date":"2018-11-26T16:54:01","date_gmt":"2018-11-26T12:54:01","guid":{"rendered":"http:\/\/kultur.az\/?p=11583"},"modified":"2018-11-26T16:54:01","modified_gmt":"2018-11-26T12:54:01","slug":"garip-bir-zeytinyagi-oykusu","status":"publish","type":"post","link":"https:\/\/kultur.az\/?p=11583","title":{"rendered":"Garip bir zeytinya\u011f\u0131 \u00f6yk\u00fcs\u00fc&#8230;"},"content":{"rendered":"<p><span style=\"color: black;\"><a href=\"http:\/\/kultur.az\/wp-content\/uploads\/2014\/02\/hulya-sezgin.jpg\"><img decoding=\"async\" loading=\"lazy\" class=\"alignleft wp-image-166 \" src=\"http:\/\/kultur.az\/wp-content\/uploads\/2014\/02\/hulya-sezgin.jpg\" alt=\"hulya sezgin\" width=\"245\" height=\"306\" \/><\/a>Biz \u00c7ank\u0131r\u0131l\u0131 oldu\u011fumuz i\u00e7in \u00e7ocuklu\u011fumda o zamanlar rahmetli babam koyun kestirir, kavurmalar yap\u0131l\u0131r, kuyru\u011fu da eritilir, elde edilen ya\u011f yemeklerde kullan\u0131l\u0131rd\u0131. Hatta ya\u011f\u0131n kavrulmu\u015f hali \u00e7\u0131t\u0131r \u00e7\u0131t\u0131r olur, sokakta oynarken ara vermek istemeyince annem ekme\u011fin aras\u0131na koyar, \u00f6fke ile eve \u00e7a\u011f\u0131r\u0131r, evin i\u00e7inde acele ile keyifle yer ve hemen soka\u011fa oyuna geri ko\u015fard\u0131k&#8230;<\/span><\/p>\n<p><span style=\"color: black;\">Banka memuru babam Rize&#8217;ye tayin oldu. Hen\u00fcz ilkokul birinci s\u0131n\u0131ftay\u0131m. D\u00f6rt y\u0131l\u0131m\u0131z da orada ge\u00e7ti. Orada da mis gibi Trabzon tereya\u011f\u0131 kulland\u0131k. Yine tayin ve \u0130zmir&#8230; Sonra arada tereya\u011f\u0131, kuyrukya\u011f\u0131 ve zeytinya\u011f\u0131 emperyalist g\u00fc\u00e7lerin pazarlama takti\u011fi olarak &#8220;zararl\u0131&#8221; diye pompaland\u0131\u011f\u0131 i\u00e7in as\u0131l zararl\u0131 olan Vita ve Sana ya\u011flar\u0131n\u0131 kulland\u0131k&#8230; <\/span><\/p>\n<p><span style=\"color: black;\">Derken evlendim, Giritli gelini oldum&#8230; E ad\u0131 \u00fcst\u00fcnde rahmetli kay\u0131nvalidem Giritli&#8230; Zeytinya\u011f\u0131ndan ba\u015fka ya\u011f bilmiyorlar, asla kullanm\u0131yorlar. \u0130lk \u00f6nceleri a\u011f\u0131r gibi gelse de zamanla al\u0131\u015ft\u0131m&#8230; Al\u0131\u015fmak ne kelime&#8230; Sevdim, bay\u0131ld\u0131m. Sa\u011f olsun Canan hoca da yararlar\u0131n\u0131 anlatt\u0131k\u00e7a daha \u00e7ok sevdim. \u015eimdi pilavda bile tereya\u011f\u0131 ile kar\u0131\u015f\u0131k zeytinya\u011f\u0131 kullan\u0131yorum&#8230; Hoca bir tan\u0131sa beni \u00e7ok sevecek&#8230;<\/span><\/p>\n<p><span style=\"color: black;\">Bu arada zeytin a\u011fa\u00e7lar\u0131 kesildik\u00e7e kahroluyorum&#8230; O g\u00fczelim a\u011fa\u00e7lar\u0131n yerine koca koca beton y\u0131\u011f\u0131nlar\u0131n\u0131, al\u0131\u015fveri\u015f tuza\u011f\u0131 havas\u0131z AVM&#8217;leri dikiyorlar ya, \u00fcz\u00fcl\u00fcyorum&#8230; E ressam olunca da tepkimi sanat\u0131mla ortaya koyuyorum. Pek \u00e7ok zeytin a\u011fac\u0131, zeytin toplayan kad\u0131nlar resmi yap\u0131yorum. Bunlar\u0131 insanlar\u0131n g\u00f6rmesi i\u00e7in de sosyal medyay\u0131 kullan\u0131yorum&#8230;<\/span><\/p>\n<p><span style=\"color: black;\">Her g\u00fcn bak\u0131yorum &#8220;kim be\u011fenmi\u015f resmimi&#8230;&#8221;, &#8220;ne yazm\u0131\u015flar&#8230;&#8221;, &#8220;\u00f6nemine vurgu yapabilmi\u015f miyim?&#8221; diye&#8230; Bir sabah instagramda bir mesaj:<\/span><\/p>\n<p><span style=\"color: black;\">&#8220;H\u00fclya han\u0131m merhabalar, internette resminizi g\u00f6rd\u00fcm. \u00c7ok be\u011fendim. Zeytinya\u011f\u0131 \u00fcretim tesisimiz var. Yeni y\u0131l takvimi bast\u0131raca\u011f\u0131z ve resminizi kullanmak istiyoruz. Sizin r\u0131zan\u0131z olmadan bast\u0131rmak istemedim. Bir \u015fekilde anla\u015farak takvimde yer vermek istiyorum&#8230;&#8221; diyor ve ortak arkada\u015f\u0131m\u0131z \u00e7ok sevdi\u011fim karde\u015fim \u0130zmir&#8217;in de\u011ferli ses sanat\u00e7\u0131s\u0131 Ersin Ku\u015fkanat&#8217;\u0131n da sevdi\u011fi bir a\u011fabeyi oldu\u011fundan s\u00f6z ediyordu&#8230; Altm\u0131\u015f y\u0131ll\u0131k bir i\u015fletme ve \u00fc\u00e7\u00fcnc\u00fc ku\u015fak gen\u00e7 i\u015fletmeci Mustafa \u00d6zduran&#8217;m\u0131\u015f&#8230; <\/span><\/p>\n<p><span style=\"color: black;\">\u015ea\u015f\u0131rm\u0131\u015ft\u0131m&#8230; Bu g\u00fcne kadar gerek sergilerimde g\u00f6z\u00fcme baka baka izne bile gerek duymadan profesyonel makinelerle resimlerimin fotosunu \u00e7ekenleri g\u00f6rd\u00fcm&#8230; Belli ki bir yerde kullanacaklar. Telif hakk\u0131ym\u0131\u015f, emekmi\u015f, bunun bir bedeli olaca\u011f\u0131ym\u0131\u015f umurlar\u0131 de\u011fil. Hatta bazen sosyal medyada da kimileri sitelerinde ya da ba\u015fka bir i\u015fleri i\u00e7in kullan\u0131yorlar. G\u00f6ren arkada\u015flar\u0131m &#8220;Bu resim senin de\u011fil mi?&#8221;\u00a0diye bana yolluyorlar. Pek \u00e7ok insan\u0131m\u0131z eme\u011fe sayg\u0131 bilmiyorlar&#8230; San\u0131r\u0131m 2010 y\u0131l\u0131 idi, TEMA G\u00fczelbah\u00e7e \u015fubesi izinli kullanm\u0131\u015ft\u0131 y\u0131lba\u015f\u0131 takviminde, \u00e7ok da ilgi g\u00f6rm\u00fc\u015ft\u00fc de ikinci bask\u0131y\u0131 yapm\u0131\u015flard\u0131. Bir de yine G\u00fczelbah\u00e7e&#8217;de bir dershane kullanm\u0131\u015f ama izin vs. vazge\u00e7tim imzam\u0131 bile yok ederek basm\u0131\u015flard\u0131. \u00d6fkelenmi\u015f ve \u00fcz\u00fclm\u00fc\u015ft\u00fcm&#8230; B\u00f6yle \u015feylere art\u0131k al\u0131\u015ft\u0131\u011f\u0131m i\u00e7in bu d\u00fcr\u00fcst davran\u0131\u015f beni hem mutlu etmi\u015f, hem de sevindirmi\u015fti. Yan\u0131tlad\u0131m:<\/span><\/p>\n<p><span style=\"color: black;\">&#8220;Haber verdi\u011finiz i\u00e7in te\u015fekk\u00fcr ederim. Telif hakk\u0131 istemem. Ancak resmin sanat\u00e7\u0131s\u0131 olarak k\u0131sa \u00f6zge\u00e7mi\u015fimi yazarsan\u0131z ve bana da takvim yollarsan\u0131z sevinirim. Hem arada da sevdi\u011fim karde\u015fim Ersin Ku\u015fkanat var&#8230;&#8221; <\/span><\/p>\n<p><span style=\"color: black;\">&#8220;Telif hakk\u0131 sembolik de olsa bir \u015fey alsan\u0131z, i\u00e7im rahat eder&#8230;&#8221; diye yan\u0131tlad\u0131&#8230;<\/span><\/p>\n<p><span style=\"color: black;\">Ben &#8220;Te\u015fekk\u00fcr ederim. G\u00fcn\u00fcm\u00fczde pek g\u00f6remedi\u011fimiz muhte\u015fem bir d\u00fcr\u00fcstl\u00fck \u00f6rne\u011fi sergilediniz, o yeter!..&#8221; diyorum. O \u0131srar ediyor!..<\/span><\/p>\n<p><span style=\"color: black;\">Allah Allah!.. Bir tarafta h\u0131rs\u0131z gibi i\u015f yapanlar&#8230; Di\u011fer yanda &#8220;istemem&#8221; dedi\u011fim halde d\u00fcr\u00fcst\u00e7e zorla bedel vermeye \u00e7al\u0131\u015fan biri&#8230; O\u00a0yazd\u0131k\u00e7a ben \u015fa\u015f\u0131r\u0131yorum&#8230; Aptalla\u015f\u0131yorum&#8230; Fabrikam\u0131z Kemalpa\u015fa Ulucak&#8217;ta&#8230; &#8220;Tesisimize ziyarete gelirseniz seviniriz&#8221; diyerek iki teneke \u00f6zel so\u011fuk s\u0131k\u0131m zeytinya\u011f\u0131 hediye edece\u011fini bildirdi. &#8220;Haaaa&#8230; bak ona hay\u0131r demem. Fabrikan\u0131z\u0131 da mutlaka g\u00f6rmek isterim&#8221; diye belirttim&#8230; Daha pek \u00e7ok konu\u015ftuk&#8230; Projeler \u00fcrettik&#8230; Sohbet ettik&#8230; Ba\u015fka ortak tan\u0131d\u0131klar bulduk. \u0130lk ba\u015flarda bana &#8220;Han\u0131mefendi&#8221; diye hitap ederken on g\u00fcnl\u00fck konu\u015fman\u0131n sonunda ben ona &#8220;Mustafa&#8221;, o da bana &#8220;H\u00fclya abla&#8221; demeye ba\u015flad\u0131&#8230; Ya\u015fas\u0131n, d\u00fcr\u00fcst, ilkeli, p\u0131r\u0131l p\u0131r\u0131l gen\u00e7 bir karde\u015fim daha olmu\u015ftu&#8230; \u00c7\u00fcnk\u00fc bu \u00f6zellikler g\u00fcn\u00fcm\u00fczde o kadar azalmaya ba\u015flad\u0131 ki&#8230; Benim i\u00e7in \u00e7ok de\u011ferli&#8230;<\/span><\/p>\n<p><span style=\"color: black;\">Sonras\u0131nda resmi de sat\u0131n ald\u0131&#8230; Eh art\u0131k, o resim zaten onlara yak\u0131\u015f\u0131rd\u0131&#8230;<\/span><\/p>\n<p><span style=\"color: black;\">Ya\u011flar\u0131m geldi. Biri &#8220;Revnak so\u011fuk s\u0131k\u0131m birinci&#8221; ikincisi ise &#8220;Revnak so\u011fuk s\u0131k\u0131m naturel s\u0131zma&#8221; heyecanla ikisini de a\u00e7t\u0131m. Ekme\u011fin t\u00fcl\u00fc taraf\u0131ndan bir birinden band\u0131r\u0131p yedim, bir di\u011ferinden. \u0130kisi de muhte\u015fem&#8230; Mis gibi kokuyor&#8230; Bay\u0131ld\u0131m&#8230; Birinci olan daha tatl\u0131 iken, naturel g\u0131rtla\u011f\u0131 hafif yak\u0131yor. Ama kimisi de \u00f6yle sever&#8230; ben zeytinin biraz ac\u0131s\u0131n\u0131 severim \u00f6rne\u011fin. Zaten zeytinya\u011f\u0131 gurmeleri tadarken &#8220;h\u00fc\u00fc\u00fcp&#8221; diye \u00e7eker ve dama\u011f\u0131nda hafif yanma ve b\u0131rakt\u0131\u011f\u0131 aromaya g\u00f6re kalitesini belirler&#8230; \u00d6nemli \u00f6zelliktir. Ba\u015fka ya\u011flarla hileli kar\u0131\u015f\u0131kl\u0131k olmad\u0131\u011f\u0131n\u0131n g\u00f6stergesidir bu&#8230;<\/span><\/p>\n<p><span style=\"color: black;\">\u015eu g\u00fcnlerde yurdumuz zor zamanlardan ge\u00e7iyor&#8230; Pek \u00e7ok etik de\u011ferlerimiz bir bir yok oluyor, erozyona u\u011fruyor. \u00dcz\u00fcl\u00fcyorum&#8230; Kahroluyorum&#8230; Biz ya\u015f grubundaki d\u00fcr\u00fcst, ahlakl\u0131 ki\u015filerden \u00e7ok b\u00f6yle gen\u00e7leri g\u00f6rd\u00fck\u00e7e daha bir seviniyorum. Heyecanlan\u0131yorum&#8230; &#8220;H\u00e2l\u00e2 umudumuz var&#8221; diyorum ve \u00e7ok olsunlar diliyorum&#8230; \u0130yi ki vars\u0131n Mustafa ve iyi ki vars\u0131n\u0131z Mustafa gibi d\u00fcr\u00fcst gen\u00e7ler&#8230;<\/span><\/p>\n<p><span style=\"color: black;\"><img decoding=\"async\" loading=\"lazy\" src=\"http:\/\/www.ortakses.com\/d\/other\/takvim-001.png\" alt=\"takvim-001.png\" width=\"450\" height=\"800\" \/><\/span><\/p>\n<h1>H\u00fclya SEZG\u0130N<\/h1>\n<p>RessamE-posta: <a href=\"mailto:hulyasezgin@hotmail.com\" rel=\"nofollow\">hulyasezgin@hotmail.com<\/a><\/p>\n<p>Kaynak: <a href=\"http:\/\/www.ortakses.com\/bir-zeytinyagi-oykusu-2360yy.htm?fbclid=IwAR21u2bVqMIIv1gGIgEGJ9kHrEb7TDfDUx1iFDoov1Jg5b8G3oHUbW7lqfg\" target=\"_blank\">Garip bir zeytinya\u011f\u0131 \u00f6yk\u00fcs\u00fc&#8230; &#8211; H\u00fclya SEZG\u0130N<\/a><\/p>\n<p>&nbsp;<\/p>\n<p>&nbsp;<\/p>\n<p>&nbsp;<\/p>\n<p>&nbsp;<\/p>\n<p>&nbsp;<\/p>\n<p>&nbsp;<\/p>\n<p>&nbsp;<\/p>\n<p class=\"bawpvc-ajax-counter\" data-id=\"11583\">Yaz\u0131ya 535 d\u0259f\u0259 bax\u0131l\u0131b<\/p>\n","protected":false},"excerpt":{"rendered":"<p>Biz \u00c7ank\u0131r\u0131l\u0131 oldu\u011fumuz i\u00e7in \u00e7ocuklu\u011fumda o zamanlar rahmetli babam koyun kestirir, kavurmalar yap\u0131l\u0131r, kuyru\u011fu da eritilir, elde edilen ya\u011f yemeklerde kullan\u0131l\u0131rd\u0131. Hatta ya\u011f\u0131n kavrulmu\u015f hali \u00e7\u0131t\u0131r \u00e7\u0131t\u0131r olur, sokakta oynarken ara vermek istemeyince annem ekme\u011fin aras\u0131na koyar, \u00f6fke ile eve \u00e7a\u011f\u0131r\u0131r, evin i\u00e7inde acele ile keyifle yer ve hemen soka\u011fa oyuna geri ko\u015fard\u0131k&#8230; Banka memuru [&hellip;]<\/p>\n","protected":false},"author":1,"featured_media":166,"comment_status":"closed","ping_status":"closed","sticky":false,"template":"","format":"standard","meta":[],"categories":[6],"tags":[],"_links":{"self":[{"href":"https:\/\/kultur.az\/index.php?rest_route=\/wp\/v2\/posts\/11583"}],"collection":[{"href":"https:\/\/kultur.az\/index.php?rest_route=\/wp\/v2\/posts"}],"about":[{"href":"https:\/\/kultur.az\/index.php?rest_route=\/wp\/v2\/types\/post"}],"author":[{"embeddable":true,"href":"https:\/\/kultur.az\/index.php?rest_route=\/wp\/v2\/users\/1"}],"replies":[{"embeddable":true,"href":"https:\/\/kultur.az\/index.php?rest_route=%2Fwp%2Fv2%2Fcomments&post=11583"}],"version-history":[{"count":1,"href":"https:\/\/kultur.az\/index.php?rest_route=\/wp\/v2\/posts\/11583\/revisions"}],"predecessor-version":[{"id":11584,"href":"https:\/\/kultur.az\/index.php?rest_route=\/wp\/v2\/posts\/11583\/revisions\/11584"}],"wp:featuredmedia":[{"embeddable":true,"href":"https:\/\/kultur.az\/index.php?rest_route=\/wp\/v2\/media\/166"}],"wp:attachment":[{"href":"https:\/\/kultur.az\/index.php?rest_route=%2Fwp%2Fv2%2Fmedia&parent=11583"}],"wp:term":[{"taxonomy":"category","embeddable":true,"href":"https:\/\/kultur.az\/index.php?rest_route=%2Fwp%2Fv2%2Fcategories&post=11583"},{"taxonomy":"post_tag","embeddable":true,"href":"https:\/\/kultur.az\/index.php?rest_route=%2Fwp%2Fv2%2Ftags&post=11583"}],"curies":[{"name":"wp","href":"https:\/\/api.w.org\/{rel}","templated":true}]}}