{"id":11935,"date":"2019-01-06T15:22:34","date_gmt":"2019-01-06T11:22:34","guid":{"rendered":"http:\/\/kultur.az\/?p=11935"},"modified":"2019-01-06T15:23:56","modified_gmt":"2019-01-06T11:23:56","slug":"hulya-sezgin-fethiyeli-kiz-gulistan","status":"publish","type":"post","link":"https:\/\/kultur.az\/?p=11935","title":{"rendered":"H\u00fclya Sezgin &#8211; Fethiyeli k\u0131z G\u00fclistan&#8230;"},"content":{"rendered":"<p><span style=\"color: #212121;\"><a href=\"http:\/\/kultur.az\/wp-content\/uploads\/2014\/06\/hulya.jpg\"><img decoding=\"async\" loading=\"lazy\" class=\"alignleft wp-image-5758 \" src=\"http:\/\/kultur.az\/wp-content\/uploads\/2014\/06\/hulya-227x300.jpg\" alt=\"hulya\" width=\"336\" height=\"330\" \/><\/a><strong>&#8220;K\u0131z G\u00fclistan ben otob\u00fcsteyim de bi p\u0131rasa \u00e7orbas\u0131 yapar m\u0131s\u0131n? Hasan bilemez, sen mandalinan\u0131n alt\u0131ndan topla, o kal\u0131n olanlar\u0131ndan. K\u00f6k\u00fcn\u00fc yap, yapra\u011f\u0131n\u0131 koma. Ben yapra\u011f\u0131n\u0131 sevmiyom da. Ben gelince yapra\u011f\u0131n\u0131 tepsi b\u00f6re\u011fi ederiz.&#8221;<\/strong><\/span><\/p>\n<p><span style=\"color: #212121;\">&#8220;Havu\u00e7 pirin\u00e7 koyar\u0131m.&#8221; <\/span><\/p>\n<p><span style=\"color: #212121;\">&#8220;Yok G\u00fclistan&#8217;\u0131m havu\u00e7 ko, yok sal\u00e7a malca koma.&#8221;<\/span><\/p>\n<p><span style=\"color: #212121;\">&#8220;Tamam abam, ben internete bakar yapar\u0131m.&#8221;<\/span><\/p>\n<p><span style=\"color: #212121;\">&#8220;Yok G\u00fclistan&#8217;\u0131m&#8230; Biliyo musun asl\u0131nda \u00e7ok kolay. So\u011fan gibi kavur; pirin\u00e7, su koy. \u00dcst\u00fcne de nane&#8230; tamam&#8230;&#8221; <\/span><\/p>\n<p><span style=\"color: #212121;\">&#8220;Tamam abam tamam&#8230; ederim. Haydi kapat&#8230;&#8221; <\/span><\/p>\n<p><span style=\"color: #212121;\">&#8220;G\u0131z G\u00fclistan Allah iyili\u011fini versin. G\u00f6r\u00fcnt\u00fcl\u00fc m\u00fc arad\u0131n, ben de gula\u011f\u0131ma goymu\u015fum&#8221;. <\/span><\/p>\n<p><span style=\"color: #212121;\">\u00c7akt\u0131rmadan g\u00fcl\u00fcyorum&#8230; Yok dinlemiyorum&#8230; Onlar ba\u011f\u0131ra ba\u011f\u0131ra konu\u015fuyorlar. Fethiye yolculu\u011fumda otob\u00fcste arkamdaki koltukta oturan han\u0131m konu\u015ftu G\u00fclistan&#8217;\u0131 ile&#8230;<\/span><\/p>\n<p><span style=\"color: #212121;\">Yan koltukta oturan ya\u015fl\u0131ca teyze ise kafas\u0131n\u0131 \u00e7antas\u0131ndaki torbaya soktu soktu bir \u015feyler yedi. Bir insan be\u015f saat s\u00fcrekli nas\u0131l durmadan yer&#8230; Yemin ederim de\u011firmen ta\u015f\u0131 gibi \u00f6\u011f\u00fctt\u00fc. \u00dcst\u00fcne de bir avu\u00e7 ila\u00e7 i\u00e7ti. Sonra da fosur fosur uyudu. Uyan\u0131nca telefonuna sar\u0131ld\u0131&#8230;<\/span><\/p>\n<p><span style=\"color: #212121;\">&#8220;Nerdesin g\u0131d\u0131g\u0131d\u0131m?..&#8221;<\/span><\/p>\n<p><span style=\"color: #212121;\">Ne\u015feli ge\u00e7iyor yolculu\u011fum. Bir o kadar da g\u00f6rsel g\u00fczellikte&#8230; \u00c7\u00fcnk\u00fc do\u011fan\u0131n paletinde sar\u0131, turuncu, ye\u015fil, hardal ve toprak rengi&#8230; Kar\u015f\u0131da dumanl\u0131 da\u011flar ve \u0131slak yollar&#8230; Modaya uyup arkada\u015flar\u0131mla bu g\u00fczellikleri payla\u015fmak i\u00e7in ben de faceden canl\u0131 yay\u0131na ge\u00e7tim&#8230;<\/span><\/p>\n<p><span style=\"color: #212121;\">Doksan alt\u0131 \u00fclke ile e\u015f zamanl\u0131 olarak her y\u0131l tekrarlanan &#8220;Yaln\u0131zca Bar\u0131\u015fa Taraf\u0131z&#8221; konulu serginin T\u00fcrkiye temsilcisi sevgili arkada\u015f\u0131m \u015fair-ressam-sanat y\u00f6netmeni Mine Sarm\u0131\u015f&#8217;\u0131n organize etti\u011fi sergi i\u00e7in Fethiye yollar\u0131nday\u0131m. \u00dc\u00e7 g\u00fcn boyunca Mine&#8217;me konuk olaca\u011f\u0131m&#8230;<\/span><\/p>\n<p><span style=\"color: #212121;\">Ya\u011fmurlu bir yolculuktan sonra p\u0131r\u0131l p\u0131r\u0131l yazdan kalma g\u00fcnlerle bir Fethiye&#8230;<\/span><\/p>\n<p><span style=\"color: #212121;\">Sergi Aziz Sanat Galerisi&#8217;nde&#8230; resimler as\u0131ld\u0131&#8230; sergimiz tamam&#8230; <\/span><\/p>\n<p><span style=\"color: #212121;\">Mine&#8217;min evi b\u00fcy\u00fck\u00e7e bir bah\u00e7enin i\u00e7inde \u00fc\u00e7 katl\u0131, her katta anne-baba ve karde\u015flerin oturdu\u011fu kendilerine ait bir ev. Bana ay\u0131rd\u0131\u011f\u0131 odada yorgunluktan uyuyakald\u0131m&#8230;<\/span><\/p>\n<p><span style=\"color: #212121;\">Sabah erkenden kalk\u0131p baraj yoluna do\u011fru y\u00fcr\u00fcy\u00fc\u015f yapt\u0131m&#8230; Sessizlik&#8230; Yaln\u0131zca do\u011fan\u0131n sesi&#8230; Huzur&#8230; G\u00fcne\u015f \u0131s\u0131t\u0131yor&#8230; Boynu b\u00fck\u00fck mor menek\u015feyi koklad\u0131m ve yakama takt\u0131m. Yol boyunca portakallar, mandalinalar yerlere d\u00f6k\u00fclm\u00fc\u015f. Ebeg\u00fcmeci, labada, \u0131s\u0131rgan otlar\u0131, mantarlar&#8230; ah yak\u0131n olsak&#8230; hepsini toplar yemek, sarma, b\u00f6rek yapard\u0131m. Toprak bereketli hava g\u00fczel ve g\u00fcne\u015f bol olunca yere d\u00fc\u015fen ye\u015fermi\u015f, \u00e7\u0131km\u0131\u015f. Dallar\u0131nda kalan \u00fc\u00e7 be\u015f b\u00f6\u011f\u00fcrtleni kopar\u0131p afiyetle yedim. Burada ya\u015famak b\u00fcy\u00fck \u015fehirlere g\u00f6re daha kolay ve keyifli. Biraz topra\u011f\u0131n olsun yeter. Pek \u00e7ok \u015feyini kendin yeti\u015ftir, dal\u0131ndan ye. Bu aralar avakadoya takt\u0131m. \u00c7ok yararl\u0131 ve lezzetli. Kahvalt\u0131da bol bol yiyoruz \u00e7oluk \u00e7ocuk. Mine&#8217;nin babas\u0131 bu konuda uzman. Bah\u00e7esinde tam on alt\u0131 \u00e7e\u015fit avakoda a\u011fac\u0131 var. Hatta kendisine art\u0131k &#8220;Avakado Hasan&#8221; diyorlarm\u0131\u015f orada. D\u00f6nerken sa\u011f olsun bavulumun yar\u0131s\u0131n\u0131 avakado ile doldurdular ve bir de fidan verdiler. Bah\u00e7eme dikece\u011fim. G\u00f6z\u00fcm gibi bakaca\u011f\u0131m ona&#8230; \u0130n\u015fallah meyvesini de yeriz&#8230;<\/span><\/p>\n<p><span style=\"color: #212121;\">Kalabal\u0131k bir izleyici grubu ile sergimizin a\u00e7\u0131l\u0131\u015f\u0131 oldu. Benimle birlikte iki ressam arkada\u015f daha canl\u0131 performans sergiledik. O arkada\u015flar k\u00fc\u00e7\u00fck tuvallere \u00e7al\u0131\u015f\u0131rken bana 50&#215;70 cm tuval verdiler nedense. Benim gibi naif biri o kadar k\u0131sa s\u00fcrede&#8230; mahcup olmayay\u0131m, yeti\u015ftireyim diye canla ba\u015fla soluksuz \u00e7al\u0131\u015ft\u0131m ve sonunda bitirdim. G\u00fczel de bir resim oldu. Bitirdim ama kokteyl ikramlar\u0131n\u0131 da konuklar bitirmi\u015fti&#8230; Neyse ki a\u00e7 kalmad\u0131m&#8230; Sonras\u0131nda yeme\u011fe gittik. Sergi da\u011f\u0131ld\u0131, haydi toparlan\u0131p yeme\u011fe gidelim diye d\u00fc\u015f\u00fcn\u00fcrken Ankara Belediye ba\u015fkan aday\u0131 Mansur Yava\u015f bey, e\u015fi ve arkada\u015flar\u0131 ile sergimize gelmez mi&#8230; G\u00fczel ve ho\u015f bir s\u00fcrpriz olmu\u015ftu&#8230; Daha \u00f6nce Beypazar\u0131 Belediye Ba\u015fkanl\u0131\u011f\u0131 d\u00f6neminde &#8220;G\u00fcn \u0131\u015f\u0131\u011f\u0131nda All\u0131ano\u0131&#8221; adl\u0131 sergimiz ile ilgili konu\u011fu olup tan\u0131\u015fm\u0131\u015ft\u0131m kendisi ile. O g\u00fcnlerden sohbet ettik&#8230;<\/span><\/p>\n<p><span style=\"color: #212121;\">B\u00f6yle etkinliklerde en sevdi\u011fim \u015feylerden biri de yeni g\u00fczel dostlar edinmem. Onlardan biri de Ku\u015fadas\u0131&#8217;nda ya\u015fayan \u015e\u00fckriye Us. \u015e\u00fckriye evine davet etti&#8230; &#8220;\u0130n\u015fallah k\u0131smet&#8221; dedim. Sonra &#8220;Benim kocam Urfal\u0131, \u00e7ok g\u00fczel \u00e7i\u011f k\u00f6fte yapar. Bah\u00e7ede oturur, yeriz.&#8221; deyince hemen at\u0131ld\u0131m &#8220;Ver bakay\u0131m hele \u015fu adresini!..&#8221; Evinde 25 kedisi varm\u0131\u015f. Yine bir yavru b\u0131rakm\u0131\u015flar bah\u00e7eye. &#8220;Ad\u0131n\u0131 Osman koyduk&#8221; diyor ve ekliyor &#8220;Bir s\u00fcre sonra bir bakt\u0131k Osman k\u0131z \u00e7\u0131kt\u0131, \u015fimdi Osmanc\u0131k diyoruz.&#8221;<\/span><\/p>\n<p><span style=\"color: #212121;\">Sergi sonras\u0131 Y\u00f6r\u00fck \u00c7ad\u0131r\u0131&#8217;na yeme\u011fe gittik. B\u00fcy\u00fck\u00e7e kara k\u0131l \u00e7ad\u0131r. Ortada kocaman sobalar&#8230; Sahnede saz ekibi t\u00fcrk\u00fcler s\u00f6yl\u00fcyorlar&#8230; harika bir yer. \u00c7ok e\u011flendik&#8230; damardan t\u00fcrk\u00fcler de s\u00f6yledik, her y\u00f6reden t\u00fcrk\u00fclerle oynad\u0131k da&#8230; H\u00fcrriyet G\u00f6kbay\u0131r Antalya&#8217;da ya\u015f\u0131yor. Elli kilo. Ufac\u0131k, tefecik bir han\u0131m&#8230; Yan yana oturuyoruz. Bir ara foto \u00e7ekilelim dedik. \u00c7ekildikten sonra &#8220;Seni engellememi\u015fimdir umar\u0131m&#8221; dedim. &#8220;Yok, g\u00f6r\u00fcnd\u00fcm&#8221; dedikten sonra d\u00f6nd\u00fc\u00a0yan\u0131nda oturan beye ayn\u0131 soruyu sordu&#8230; adam\u0131n bir \u015fa\u015fk\u0131n bak\u0131\u015f\u0131 vard\u0131 ki. \u00c7\u00fcnk\u00fc o 1.80 \u00fczeri, kap\u0131 gibi bir adam&#8230; bizimki benden bile k\u00fc\u00e7\u00fck&#8230; Allah tependen baks\u0131n H\u00fcrriyet&#8230; sen onu\u00a0nas\u0131l kapatabilirsin ki!..<\/span><\/p>\n<p><span style=\"color: #212121;\">\u015e\u00fckriye kremal\u0131 mantar, patates k\u0131zartma, \u00fcst\u00fcne de koca bir paket \u00e7ikolata yedi. Ben patates k\u0131zartmalar\u0131m\u0131 yemedim. &#8220;\u0130stersen alabilirsin&#8221; dedim. &#8220;Yok&#8230; formumu korumam laz\u0131m!&#8221; dedi&#8230; Allah&#8217;\u0131m, ya rabbim!&#8230;<\/span><\/p>\n<p><span style=\"color: #212121;\">G\u00fczel an\u0131larla dolu sabah yola koyuldum \u0130zmir&#8217;e&#8230; Mine bavulumu \u015fof\u00f6r\u00fcm\u00fcze verirken art\u0131k beni nas\u0131l \u00f6vd\u00fcyse \u015fof\u00f6r\u00fcm\u00fczde bir h\u00fcrmet, bir h\u00fcrmet&#8230; Temiz y\u00fczl\u00fc, beyefendi biri&#8230; Me\u011fer hayali ressam olmakm\u0131\u015f&#8230; Sevdi\u011fi i\u015fi yapamaman\u0131n h\u00fczn\u00fcn\u00fc ya\u015f\u0131yor.\u00a0Gelsin \u00e7aylar, gitsin kahveler&#8230; ikramlar&#8230; &#8220;Hocam siz benim hayalimi ya\u015f\u0131yorsunuz, en imrendi\u011fim yerdesiniz&#8221; dedi&#8230; Ona resim hakk\u0131nda k\u0131sa bilgileri, evde \u00e7al\u0131\u015fabilmesi i\u00e7in yararlanabilece\u011fi siteleri, videolar\u0131, \u015fimdilik i\u015fini g\u00f6recek uygun boya, f\u0131r\u00e7a gibi malzemeyi anlatt\u0131m. \u00c7ok mutlu oldu&#8230; dilerim i\u015fine yarar&#8230;<\/span><\/p>\n<p><span style=\"color: #212121;\"><span style=\"color: #212121;\">Mu\u011fla&#8217;da mola verdi\u011fimizde bakt\u0131m herkesin elinde b\u00fcy\u00fck simitler me\u011fer me\u015fhurmu\u015f. Araba hareket edecek, bir gen\u00e7 k\u0131z kap\u0131dan ba\u015f\u0131n\u0131 uzatt\u0131 ve dedi ki &#8220;Seda ne taraftas\u0131n, \u015fimdi hareket edince el sallayaca\u011f\u0131m, d\u0131\u015far\u0131dan g\u00f6r\u00fcnm\u00fcyor da, herkes kendine zannetmesin&#8221;<\/span><\/span><\/p>\n<p><span style=\"color: #212121;\"><span style=\"color: #212121;\"><span style=\"color: #212121;\"><span style=\"color: #212121;\">Yolculu\u011fumun ba\u015flad\u0131\u011f\u0131 gibi d\u00f6n\u00fc\u015f\u00fc de ne\u015feli ve\u00a0keyifli ge\u00e7ti&#8230;<\/span><\/span><\/span><\/span><\/p>\n<p><span style=\"color: #212121;\"><span style=\"color: #212121;\"><span style=\"color: #212121;\"><span style=\"color: #000000;\">Bir sanat etkinli\u011fi daha g\u00fczelliklerle dolu dolu bitmi\u015fti&#8230; Ne diyelim&#8230; yenisine sa\u011fl\u0131k&#8230;<\/span><\/span><\/span><\/span><\/p>\n<p>&nbsp;<\/p>\n<p><span style=\"color: #212121;\"><img decoding=\"async\" loading=\"lazy\" src=\"http:\/\/www.ortakses.com\/d\/other\/fb_img_1545984366031-001.jpg\" alt=\"fb_img_1545984366031-001.jpg\" width=\"450\" height=\"338\" \/><img decoding=\"async\" loading=\"lazy\" src=\"http:\/\/www.ortakses.com\/d\/other\/fb_img_1545984259863-001.jpg\" alt=\"fb_img_1545984259863-001.jpg\" width=\"450\" height=\"338\" \/><\/span><\/p>\n<p>Kaynak: <a href=\"http:\/\/www.ortakses.com\/fethiyeli-kiz-gulistan-2450yy.htm?fbclid=IwAR2dSfWT5pI79TfudKTAem2_54gxOczcSNy4oMjBqQ4sWJOJxMjL8yrIxIM\" target=\"_blank\">Fethiyeli k\u0131z G\u00fclistan&#8230; &#8211; H\u00fclya SEZG\u0130N<\/a><\/p>\n<p>&nbsp;<\/p>\n<p>&nbsp;<\/p>\n<p class=\"bawpvc-ajax-counter\" data-id=\"11935\">Yaz\u0131ya 767 d\u0259f\u0259 bax\u0131l\u0131b<\/p>\n","protected":false},"excerpt":{"rendered":"<p>&#8220;K\u0131z G\u00fclistan ben otob\u00fcsteyim de bi p\u0131rasa \u00e7orbas\u0131 yapar m\u0131s\u0131n? Hasan bilemez, sen mandalinan\u0131n alt\u0131ndan topla, o kal\u0131n olanlar\u0131ndan. K\u00f6k\u00fcn\u00fc yap, yapra\u011f\u0131n\u0131 koma. Ben yapra\u011f\u0131n\u0131 sevmiyom da. Ben gelince yapra\u011f\u0131n\u0131 tepsi b\u00f6re\u011fi ederiz.&#8221; &#8220;Havu\u00e7 pirin\u00e7 koyar\u0131m.&#8221; &#8220;Yok G\u00fclistan&#8217;\u0131m havu\u00e7 ko, yok sal\u00e7a malca koma.&#8221; &#8220;Tamam abam, ben internete bakar yapar\u0131m.&#8221; &#8220;Yok G\u00fclistan&#8217;\u0131m&#8230; Biliyo musun asl\u0131nda [&hellip;]<\/p>\n","protected":false},"author":1,"featured_media":5758,"comment_status":"closed","ping_status":"closed","sticky":false,"template":"","format":"standard","meta":[],"categories":[1,6],"tags":[],"_links":{"self":[{"href":"https:\/\/kultur.az\/index.php?rest_route=\/wp\/v2\/posts\/11935"}],"collection":[{"href":"https:\/\/kultur.az\/index.php?rest_route=\/wp\/v2\/posts"}],"about":[{"href":"https:\/\/kultur.az\/index.php?rest_route=\/wp\/v2\/types\/post"}],"author":[{"embeddable":true,"href":"https:\/\/kultur.az\/index.php?rest_route=\/wp\/v2\/users\/1"}],"replies":[{"embeddable":true,"href":"https:\/\/kultur.az\/index.php?rest_route=%2Fwp%2Fv2%2Fcomments&post=11935"}],"version-history":[{"count":2,"href":"https:\/\/kultur.az\/index.php?rest_route=\/wp\/v2\/posts\/11935\/revisions"}],"predecessor-version":[{"id":11937,"href":"https:\/\/kultur.az\/index.php?rest_route=\/wp\/v2\/posts\/11935\/revisions\/11937"}],"wp:featuredmedia":[{"embeddable":true,"href":"https:\/\/kultur.az\/index.php?rest_route=\/wp\/v2\/media\/5758"}],"wp:attachment":[{"href":"https:\/\/kultur.az\/index.php?rest_route=%2Fwp%2Fv2%2Fmedia&parent=11935"}],"wp:term":[{"taxonomy":"category","embeddable":true,"href":"https:\/\/kultur.az\/index.php?rest_route=%2Fwp%2Fv2%2Fcategories&post=11935"},{"taxonomy":"post_tag","embeddable":true,"href":"https:\/\/kultur.az\/index.php?rest_route=%2Fwp%2Fv2%2Ftags&post=11935"}],"curies":[{"name":"wp","href":"https:\/\/api.w.org\/{rel}","templated":true}]}}