{"id":12351,"date":"2019-03-19T17:38:11","date_gmt":"2019-03-19T13:38:11","guid":{"rendered":"http:\/\/kultur.az\/?p=12351"},"modified":"2019-03-19T17:38:11","modified_gmt":"2019-03-19T13:38:11","slug":"serif-yilmaz-genc-kalabilmenin-yolu-ve-yordami","status":"publish","type":"post","link":"https:\/\/kultur.az\/?p=12351","title":{"rendered":"\u015eerif Y\u0131lmaz &#8211; Gen\u00e7 Kalabilmenin Yolu Ve Yordam\u0131"},"content":{"rendered":"<p><a href=\"http:\/\/kultur.az\/wp-content\/uploads\/2018\/11\/43760006_2041852552538335_4315784933764235264_o-1.jpg\"><img decoding=\"async\" loading=\"lazy\" class=\"alignleft size-medium wp-image-11412\" src=\"http:\/\/kultur.az\/wp-content\/uploads\/2018\/11\/43760006_2041852552538335_4315784933764235264_o-1-300x294.jpg\" alt=\"43760006_2041852552538335_4315784933764235264_o (1)\" width=\"300\" height=\"294\" \/><\/a><\/p>\n<p>Gen\u00e7lik; bir hayat par\u00e7as\u0131 asla de\u011fildir.<\/p>\n<p>Gen\u00e7lik; bir ak\u0131l becerisidir.<\/p>\n<p>Y\u0131llar, sizin cildinizi buru\u015fturabilir, derin cizgiler de nak\u015federler, emin olunuz ki, bu sizin ya\u015fland\u0131\u011f\u0131n\u0131z anlam\u0131na asla gelmez.<\/p>\n<p>As\u0131l anlam\u0131yla ya\u015fland\u0131\u011f\u0131n\u0131z g\u00fcn, heyecanlar\u0131n\u0131z\u0131n bitip t\u00fckendi\u011fi g\u00fcnd\u00fcr.<\/p>\n<p>As\u0131l manada ya\u015flanmak, birilerinin sizin hakk\u0131n\u0131zda d\u00fc\u015f\u00fcnmesiyle ve sizin hayat\u0131n\u0131z\u0131 y\u00f6nlendirmeye kalkmas\u0131yla ba\u015flar.<\/p>\n<p>As\u0131l ya\u015fl\u0131l\u0131k; \u00e7evrenizdekilerin sizin sorumlulu\u011funuzu \u00fczerlerine ald\u0131klar\u0131 ve sizi a\u00e7\u0131k a\u00e7\u0131k kenara itmeye ba\u015flarken ba\u015flar.<\/p>\n<p>As\u0131l ya\u015fl\u0131l\u0131k; kendinize olan g\u00fcveninizi yitirdi\u011finiz g\u00fcn ba\u015flar.<\/p>\n<p>\u00c7\u00fcnk\u00fc, insan kendine g\u00fcvendik\u00e7e gen\u00e7 ve dinamiktir.<\/p>\n<p>G\u00fcvensizlik, ku\u015fku, teredd\u00fct sizin \u00f6mr\u00fcn\u00fcz\u00fc kemiren bir kemirgen ve kan\u0131n\u0131z\u0131 emen bir vampirden farks\u0131zd\u0131r.<\/p>\n<p>As\u0131l ya\u015fl\u0131l\u0131k; g\u00fcvensizli\u011fe, ku\u015fkuya ve teredd\u00fcte teslim oldu\u011funuz g\u00fcn ba\u015flar.<\/p>\n<p>Asla unutmay\u0131n\u0131z ki; Korkular\u0131n\u0131z kadar ya\u015fl\u0131, cesaretlili\u011finiz ve azminiz kadar gen\u00e7sinizdir.<\/p>\n<p>Umutlar\u0131n\u0131z kadar gen\u00e7, umutsuzlu\u011funuz ve bezginli\u011finiz kadar ya\u015fl\u0131 ve bitiksinizdir.<\/p>\n<p>Ne kadar ya\u015fam\u0131\u015f olursan\u0131z olun, isterse as\u0131rl\u0131k \u00f6mr\u00fc geride b\u0131rakm\u0131\u015f olun, bu sizin ya\u015fl\u0131 oldu\u011funuz anlam\u0131na asla gelmez.<\/p>\n<p>Umutlar\u0131n\u0131z solmu\u015f ve t\u00fckenmi\u015f, bakt\u0131\u011f\u0131n\u0131z ufuklar\u0131n\u0131zda \u0131\u015f\u0131k g\u00f6remiyorsan\u0131z, yar\u0131n, \u00f6b\u00fcrs\u00fc g\u00fcn hatta on y\u0131l sonras\u0131na hedefiniz yoksa biliniz ki, ihtiyarla\u015fm\u0131\u015fs\u0131n\u0131z. As\u0131l ya\u015fland\u0131\u011f\u0131n\u0131z g\u00fcn; ideallerinizin bitti\u011fi g\u00fcnd\u00fcr.<br \/>\n<a href=\"http:\/\/kultur.az\/wp-content\/uploads\/2019\/03\/sherif-1.jpg\"><img decoding=\"async\" loading=\"lazy\" class=\"alignleft wp-image-12352 \" src=\"http:\/\/kultur.az\/wp-content\/uploads\/2019\/03\/sherif-1-182x300.jpg\" alt=\"sherif 1\" width=\"251\" height=\"414\" srcset=\"https:\/\/kultur.az\/wp-content\/uploads\/2019\/03\/sherif-1-182x300.jpg 182w, https:\/\/kultur.az\/wp-content\/uploads\/2019\/03\/sherif-1.jpg 365w\" sizes=\"(max-width: 251px) 100vw, 251px\" \/><\/a><br \/>\nNe kadar g\u00fc\u00e7l\u00fc idealleriniz varsa ve o idealler ula\u015f\u0131lmas\u0131 ne kadar da zor olursa olsun, hi\u00e7 ku\u015fkunuz olmas\u0131n ki, siz hala \u00e7ok gen\u00e7 ve \u00e7ok dinamiksiniz&#8230;.<\/p>\n<p>Y\u00fcre\u011finiz de; yarad\u0131lm\u0131\u015f her \u015feye, yani, ta\u015fa &#8211; topra\u011fa, a\u011faca &#8211; yapra\u011fa, b\u00f6rt\u00fcye &#8211; b\u00f6ce\u011fe, kurda &#8211; ku\u015fa, canl\u0131ya ve le\u015fe sevginiz bitmi\u015fse siz zaten ihtiyarla\u015fm\u0131\u015fs\u0131n\u0131z.<\/p>\n<p>A\u015f\u0131k olup sevin. Neyi nerde ve nas\u0131l olursa olsun sevin.<\/p>\n<p>\u0130\u00e7inizdeki gen\u00e7lik filizlerini yemye\u015fil tutup soldurmayacak kuvvet iksiridir a\u015fk..<\/p>\n<p>Ne\u015feden ve kefiyetten asla vaz ge\u00e7meyin.<\/p>\n<p>Hi\u00e7 unutmay\u0131n ki, yeni, yeni \u015feyler ke\u015ffetmek sizi ya\u015fama ba\u011flar ve g\u00fc\u00e7l\u00fc k\u0131lar. Yeni \u015feyler ke\u015ffeden insan umut dolu olur, azimli olur ve gelece\u011fe g\u00fcvenle bakar.<\/p>\n<p>G\u00fcn\u00fcm\u00fczde art\u0131k manevi duygular\u0131n bitti\u011fini unutmay\u0131n ve akl\u0131n\u0131zdan \u00e7\u0131karmay\u0131n ki, kim olursa olsun ister dostunuz, ister akraban\u0131z isterse de evlatlar\u0131n\u0131z olsun, sizi emekliye sevk etmeye \u00e7al\u0131\u015fanlar, sizi ihtiyarl\u0131l\u0131\u011f\u0131n kuca\u011f\u0131na at\u0131p, sizden kurtulmak isteyenler bilerek yada bilmeyerek iyi niyetten uzak olan insanlard\u0131r.<\/p>\n<p>William Ewart Gladstone&#8217;nin dedi\u011fi gibi; &#8221; \u0130nsanlar ya\u015fad\u0131k\u00e7a ya\u015fland\u0131klar\u0131n\u0131 san\u0131rlar, oysa insanlar ya\u015famad\u0131k\u00e7a ya\u015flan\u0131rlar.<\/p>\n<p>&#8221; Siz, siz olun ve hi\u00e7 unutmay\u0131n ki, insanlar ya\u015flanmaya karar verdikleri g\u00fcn ya\u015flan\u0131rlar&#8230;&#8230; Sevgiyle, a\u015fkla, \u00fcmitle, cesaretle, azimle, inan\u0131\u015fla kal\u0131n ve gen\u00e7 kal\u0131n&#8230;..<\/p>\n<p>Samsun Haber | Samsun Son Dakika Haberleri | Samsunspor<\/p>\n<p class=\"bawpvc-ajax-counter\" data-id=\"12351\">Yaz\u0131ya 592 d\u0259f\u0259 bax\u0131l\u0131b<\/p>\n","protected":false},"excerpt":{"rendered":"<p>Gen\u00e7lik; bir hayat par\u00e7as\u0131 asla de\u011fildir. Gen\u00e7lik; bir ak\u0131l becerisidir. Y\u0131llar, sizin cildinizi buru\u015fturabilir, derin cizgiler de nak\u015federler, emin olunuz ki, bu sizin ya\u015fland\u0131\u011f\u0131n\u0131z anlam\u0131na asla gelmez. As\u0131l anlam\u0131yla ya\u015fland\u0131\u011f\u0131n\u0131z g\u00fcn, heyecanlar\u0131n\u0131z\u0131n bitip t\u00fckendi\u011fi g\u00fcnd\u00fcr. As\u0131l manada ya\u015flanmak, birilerinin sizin hakk\u0131n\u0131zda d\u00fc\u015f\u00fcnmesiyle ve sizin hayat\u0131n\u0131z\u0131 y\u00f6nlendirmeye kalkmas\u0131yla ba\u015flar. As\u0131l ya\u015fl\u0131l\u0131k; \u00e7evrenizdekilerin sizin sorumlulu\u011funuzu \u00fczerlerine ald\u0131klar\u0131 [&hellip;]<\/p>\n","protected":false},"author":1,"featured_media":12352,"comment_status":"closed","ping_status":"closed","sticky":false,"template":"","format":"standard","meta":[],"categories":[8,6],"tags":[],"_links":{"self":[{"href":"https:\/\/kultur.az\/index.php?rest_route=\/wp\/v2\/posts\/12351"}],"collection":[{"href":"https:\/\/kultur.az\/index.php?rest_route=\/wp\/v2\/posts"}],"about":[{"href":"https:\/\/kultur.az\/index.php?rest_route=\/wp\/v2\/types\/post"}],"author":[{"embeddable":true,"href":"https:\/\/kultur.az\/index.php?rest_route=\/wp\/v2\/users\/1"}],"replies":[{"embeddable":true,"href":"https:\/\/kultur.az\/index.php?rest_route=%2Fwp%2Fv2%2Fcomments&post=12351"}],"version-history":[{"count":1,"href":"https:\/\/kultur.az\/index.php?rest_route=\/wp\/v2\/posts\/12351\/revisions"}],"predecessor-version":[{"id":12353,"href":"https:\/\/kultur.az\/index.php?rest_route=\/wp\/v2\/posts\/12351\/revisions\/12353"}],"wp:featuredmedia":[{"embeddable":true,"href":"https:\/\/kultur.az\/index.php?rest_route=\/wp\/v2\/media\/12352"}],"wp:attachment":[{"href":"https:\/\/kultur.az\/index.php?rest_route=%2Fwp%2Fv2%2Fmedia&parent=12351"}],"wp:term":[{"taxonomy":"category","embeddable":true,"href":"https:\/\/kultur.az\/index.php?rest_route=%2Fwp%2Fv2%2Fcategories&post=12351"},{"taxonomy":"post_tag","embeddable":true,"href":"https:\/\/kultur.az\/index.php?rest_route=%2Fwp%2Fv2%2Ftags&post=12351"}],"curies":[{"name":"wp","href":"https:\/\/api.w.org\/{rel}","templated":true}]}}