{"id":12356,"date":"2019-03-24T13:24:08","date_gmt":"2019-03-24T09:24:08","guid":{"rendered":"http:\/\/kultur.az\/?p=12356"},"modified":"2019-03-24T13:24:08","modified_gmt":"2019-03-24T09:24:08","slug":"hulya-sezgin-karadeniz-eregli-ve-marti-sakir","status":"publish","type":"post","link":"https:\/\/kultur.az\/?p=12356","title":{"rendered":"H\u00fclya SEZG\u0130N &#8211; Karadeniz Ere\u011fli ve mart\u0131 \u015eakir&#8230;"},"content":{"rendered":"<p><span style=\"color: #212121;\"><a href=\"http:\/\/kultur.az\/wp-content\/uploads\/2014\/06\/hulya.jpg\"><img decoding=\"async\" loading=\"lazy\" class=\"alignleft wp-image-5758 \" src=\"http:\/\/kultur.az\/wp-content\/uploads\/2014\/06\/hulya-227x300.jpg\" alt=\"hulya\" width=\"317\" height=\"328\" \/><\/a>D\u0131t&#8230; D\u0131t&#8230; D\u0131\u0131tt!.. K\u0131zlar sabah\u0131n alt\u0131s\u0131nda ba\u015flad\u0131lar mesajla\u015fmaya. &#8220;Yar\u0131m saat sonra metroya binece\u011fim..&#8221; &#8220;Biletim \u015fu saat&#8230; \u015eu saatte orada olaca\u011f\u0131m&#8230;&#8221;, &#8220;\u015eimdi ilk \u00f6nce kim gelecek&#8230; En son H\u00fclya m\u0131 gelecek?&#8221; Herkeste bir heyecan, bir heyecan&#8230;<\/span><\/p>\n<p><span style=\"color: #212121;\">8 Mart D\u00fcnya Emek\u00e7i Kad\u0131nlar G\u00fcn\u00fc etkinli\u011fi \u00e7er\u00e7evesinde Karadeniz Ere\u011fli Kaymakaml\u0131\u011f\u0131 destekleri ile ressam karde\u015fim Adnan Turan&#8217;\u0131n ger\u00e7ekle\u015ftirdi\u011fi &#8220;8 \u00dclke, 8 Kad\u0131n resim \u00e7al\u0131\u015ftay\u0131&#8221; i\u00e7in K.Ere\u011fli&#8217;ye gidece\u011fiz. Azerbaycan&#8217;dan G\u00fcnel Ravilova, Nah\u00e7\u0131van&#8217;dan Tarana Askerova, G\u00fcrcistan&#8217;dan Prof. Lela Gelevishili, Ukrayna&#8217;dan Lesya Demchenko, Makedonya&#8217;dan Lulzime Osmani, Kosova&#8217;dan Ariana Bekteshi, Bulgaristan&#8217;dan Miroslava Zaharieva konuklar\u0131m\u0131z. Ben ve Adnan&#8217;\u0131n e\u015fi Ye\u015fim de organizasyonun i\u00e7indeyiz. <\/span><\/p>\n<p><span style=\"color: #212121;\">Herkes gibi ben de heyecanl\u0131y\u0131m. Elbet olacak o kadar. Bu kez u\u00e7ak biletim sabah\u0131n k\u00f6r\u00fcnde de\u011fil. Rahat rahat kahvalt\u0131m\u0131z\u0131 yap\u0131p \u00e7\u0131kaca\u011f\u0131z yola. \u00c7ay\u0131 koydum, o demlenirken biraz zeytinya\u011f\u0131 d\u00f6kt\u00fc\u011f\u00fcm tavan\u0131n i\u00e7ine yufkay\u0131 yerle\u015ftirdim. \u0130\u00e7ine lor peyniri ile \u0131spanak kar\u0131\u015f\u0131m\u0131 i\u00e7i serdim. \u00dczerine \u00e7\u0131rp\u0131lm\u0131\u015f 3 yumurta ekledim. Biraz k\u0131rm\u0131z\u0131 biber, biraz karabiber, biraz tuz &#8230; Kenardan ta\u015fan yufka ile \u00fcst\u00fcn\u00fc kapatt\u0131m. K\u0131s\u0131k ate\u015fte \u00f6nce alt\u0131n\u0131, sonra \u00fcst\u00fcn\u00fc nar gibi k\u0131zartt\u0131m. Demli \u00e7ay\u0131m\u0131zla bir g\u00fczel kahvalt\u0131m\u0131z\u0131 yapt\u0131k ve havaalan\u0131na do\u011fru yola koyulduk&#8230; \u0130zmir&#8217;den \u0130stanbul&#8217;a vard\u0131ktan sonra \u00f6zel ara\u00e7 ile bizi ald\u0131lar ve \u00fc\u00e7 saat kara yolculu\u011fundan sonra ver elini Karadeniz Ere\u011fli&#8230; <\/span><\/p>\n<p><span style=\"color: #212121;\">Bu Ere\u011fli&#8217;ye ikinci geli\u015fim. Bundan be\u015f y\u0131l \u00f6nce yine Adnan&#8217;\u0131n yapt\u0131\u011f\u0131 bir resim \u00e7al\u0131\u015ftay\u0131 ile ilgili olarak gelmi\u015ftim ve tad\u0131 dama\u011f\u0131mda kalm\u0131\u015ft\u0131. \u00c7\u00fcnk\u00fc muhte\u015fem do\u011fal g\u00fczelli\u011fe sahip bir yer&#8230; Merkezdeki \u00d6\u011fretmen Evi&#8217;nde konakl\u0131yoruz. 7. Katta Ere\u011fli manzaral\u0131 pencere \u00f6n\u00fcnde kahvalt\u0131m\u0131z\u0131 yaparken aaa&#8230; O\u00a0da ne? Bir mart\u0131 kondu. Bizi izliyor&#8230; Hemen foto\u011fraflar\u0131n\u0131 \u00e7ektik, ka\u00e7m\u0131yor&#8230; Az sonra kahvalt\u0131m\u0131za d\u00f6nd\u00fck ama o ilgi azal\u0131nca t\u0131k&#8230; t\u0131k&#8230; t\u0131k&#8230; cam\u0131 vurmaya ba\u015flad\u0131. Ekmek par\u00e7alar\u0131 verdik. L\u00fcp l\u00fcp yuttu&#8230; Me\u011fer al\u0131\u015fm\u0131\u015f. Biz anlamay\u0131nca d\u00fc\u015f\u00fcnd\u00fc ki &#8220;Bunlar yabanc\u0131 galiba&#8221; Cam\u0131 t\u0131klatarak iste\u011fini hissettirdi. Onu unutursak &#8220;Gaaaak&#8230; gaaaak&#8221; diye ba\u011f\u0131r\u0131yor. Ad\u0131n\u0131 &#8220;\u015eakir&#8221; koydum. Her sabah birlikte kahvalt\u0131 ettik onunla. Sonra \u015eakir&#8217;in pencereden bize bak\u0131\u015f\u0131n\u0131 resmettim&#8230;<\/span><\/p>\n<p><span style=\"color: #212121;\">Deniz kenar\u0131nda Polis Evi&#8217;nin her taraf\u0131 caml\u0131 bir salonu var. Orada \u00e7al\u0131\u015f\u0131yoruz. Sanatseverler, \u00f6\u011frenciler, halka a\u00e7\u0131k&#8230; \u0130steyen geziyor, bizimle foto\u011fraf \u00e7ekiliyor. Merak etti\u011fi varsa soruyor. Kaymakam \u0130smail \u00c7orumluo\u011flu beyi makam\u0131nda ziyaret ettik. Se\u00e7im zaman\u0131 oldu\u011fu i\u00e7in her partinin aday\u0131 ekibi ile birlikte ziyaretimize geldi.<\/span><\/p>\n<p><span style=\"color: #212121;\">Arada bir \u00e7al\u0131\u015f\u0131rken Kaymakaml\u0131k K\u00fclt\u00fcr M\u00fcd\u00fcrl\u00fc\u011f\u00fc&#8217;nden Taner Tato\u011flu &#8220;Haydi gidiyoruz&#8221; diyor ve gezilecek yerlere g\u00f6t\u00fcr\u00fcyor. \u0130lk gezdi\u011fimiz Kilise ma\u011faras\u0131 kayalar\u0131n yontulmas\u0131 ile d\u00fczle\u015ftirilerek yap\u0131lm\u0131\u015f, taban\u0131nda mozaik bulunan Roma ve Bizans d\u00f6neminde Hristiyanl\u0131\u011f\u0131n yasakland\u0131\u011f\u0131 zamanlarda ibadet i\u00e7in kilise olarak kullan\u0131lm\u0131\u015f.<\/span><\/p>\n<p><span style=\"color: #212121;\">Cehennem A\u011fz\u0131 (Cennet-cehennem) Ma\u011faras\u0131n\u0131n bir de \u00f6yk\u00fcs\u00fc var. Dar bir ge\u00e7itten sonra ma\u011faraya inilmekte, i\u00e7eride b\u00fcy\u00fck ve derin bir su k\u00fctlesi, tavanda sark\u0131tlar ve ma\u011fara i\u00e7inde ilerledikten sonra sa\u011f tarafta ba\u015fka yerlere ba\u011flant\u0131y\u0131 sa\u011flayan dar bir ge\u00e7it bulunmakta. Mitolojiye g\u00f6re M.\u00d6. 1200&#8217;de efsanevi Argonot Seferi s\u0131ras\u0131nda buraya gelen Heracles Kral Eurystheus&#8217;un kendisine verdi\u011fi 12 g\u00f6revden en zor olan\u0131 bu ma\u011farada ger\u00e7ekle\u015fmi\u015f. Bu ma\u011faraya girerek Hades&#8217;in cehennemi bekleyen \u00fc\u00e7 ba\u015fl\u0131 k\u00f6pe\u011fi Kerberos&#8217;u burada yery\u00fcz\u00fcne \u00e7\u0131karm\u0131\u015f. Bu civarda bulunan e\u011frelti otlar\u0131 Kerberos&#8217;un ma\u011fara \u00f6n\u00fcnde havlamas\u0131 sonucu a\u011fz\u0131ndan \u00e7\u0131kan k\u00f6p\u00fcklerle olu\u015fmu\u015f ve Ere\u011fli ad\u0131 da bu \u00f6yk\u00fcden geliyormu\u015f. Yunan mitolojisinde buray\u0131 teyit eden \u00e7ok \u00f6yk\u00fc varm\u0131\u015f. Harry Potter filminde ve ba\u015fka kimi filmlerde buray\u0131 canland\u0131rm\u0131\u015flar ve her y\u0131l ayine geliyorlarm\u0131\u015f. Yaz aylar\u0131nda sular y\u00fckseliyormu\u015f ve harika bir akustik olu\u015fuyormu\u015f. Taner bey Kaymakaml\u0131k olarak klasik m\u00fczik konserleri yapt\u0131klar\u0131n\u0131 s\u00f6yledi&#8230; Ayr\u0131ca bir de Ayazma Ma\u011faras\u0131 var ve yine o da zaman\u0131nda dinsel t\u00f6renler i\u00e7in kullan\u0131lm\u0131\u015f&#8230;<\/span><\/p>\n<p><span style=\"color: #212121;\">\u00c7al\u0131\u015ft\u0131\u011f\u0131m\u0131z alana yak\u0131n deniz kenar\u0131nda &#8220;Gazi Alemdar Gemisi&#8221; m\u00fczesini gezerken duygulan\u0131yorum. Salonunda tan\u0131t\u0131m videosunu izlerken g\u00f6zlerimde tomurcuk ya\u015flar&#8230;<\/span><\/p>\n<p><span style=\"color: #212121;\">Kurtulu\u015f Sava\u015f\u0131&#8217;nda kahraman yurtsever denizciler taraf\u0131ndan t\u00fcrl\u00fc zorluklarla silah nakliyesinde kullan\u0131lm\u0131\u015f ve sava\u015f\u0131n kazan\u0131lmas\u0131nda b\u00fcy\u00fck rol ald\u0131\u011f\u0131 i\u00e7in milletin g\u00f6nl\u00fcnde gazilik \u00fcnvan\u0131 verilmi\u015f Alemdar&#8217;a. Bu arada denizcilik ile ilgili ilgin\u00e7 bilgiler de \u00f6\u011freniyoruz. \u00d6rne\u011fin her Pazartesi gemide kuru fasulye pi\u015fermi\u015f. \u00c7\u00fcnk\u00fc o zamanlar teknoloji geri ve gemiciler hep denizde oldu\u011fundan o g\u00fcn ne bilemezlermi\u015f. Kuru fasulye sofraya konunca anlarlarm\u0131\u015f ki o g\u00fcn Pazartesi&#8230;<\/span><\/p>\n<p><span style=\"color: #212121;\">Erdemir G\u00fczel Sanatlar Lisesi m\u00fcd\u00fcr, \u00f6\u011fretmen ve \u00f6\u011frencilerine de harika mini konser ve g\u00fczel a\u011f\u0131rlamalar\u0131 i\u00e7in te\u015fekk\u00fcrler&#8230; Adnan bu lisede resim \u00f6\u011fretmeni&#8230;<\/span><\/p>\n<p><span style=\"color: #212121;\">\u00dc\u00e7\u00fcnc\u00fc g\u00fcn ciplerle safari yapaca\u011f\u0131z. Karadeniz Ere\u011fli Alapl\u0131 Ofroad Kul\u00fcb\u00fc Alper Alpago, U\u011fur Aydeniz ve Murat Keskin kaptanlar\u0131m\u0131z\u0131n ad\u0131. Bu p\u0131r\u0131l p\u0131r\u0131l \u00fc\u00e7 gen\u00e7 beldelerinin tan\u0131t\u0131m\u0131 i\u00e7in g\u00f6n\u00fcll\u00fc olmu\u015flar&#8230; Ben hemen Alper&#8217;in arac\u0131n\u0131n \u00f6n koltu\u011funa yerle\u015ftim. \u00d6yle kolay olmad\u0131 elbet. Kap\u0131 basama\u011f\u0131 belimden yukar\u0131&#8230; Ama \u00e7ok keyifli&#8230; Kocaman tekerleri var&#8230; \u00c7amur, dik, yoku\u015f, bozuk yol dinlemiyor&#8230; B\u00fct\u00fcn yollar bizim. Da\u011flarda ilerlerken yol kenarlar\u0131nda kar birikintileri ve sar\u0131, mavi, beyaz \u00e7i\u00e7ekler&#8230; \u00c7amurlara dal\u0131p \u00e7\u0131kt\u0131k\u00e7a \u00e7\u0131\u011fl\u0131klar at\u0131yoruz&#8230; B\u00f6yle adrenalin ya\u015famad\u0131m&#8230;<\/span><\/p>\n<p><span style=\"color: #212121;\">Maden oca\u011f\u0131na gittik, i\u015f\u00e7ilerin asans\u00f6r ile ocaktan elleri y\u00fczleri kapkara \u00e7\u0131k\u0131\u015flar\u0131n\u0131 g\u00f6rd\u00fck. Y\u00fczlerce metre yerin dibinde \u00e7al\u0131\u015f\u0131yorlar. Her oca\u011fa gidi\u015flerinde aileleri ile helalle\u015firlermi\u015f. Eve d\u00f6nd\u00fcklerinde ise duyduklar\u0131 ilk s\u00f6z &#8220;Ge\u00e7mi\u015f olsun&#8221; olurmu\u015f&#8230;<\/span><\/p>\n<p><span style=\"color: #212121;\">Alapl\u0131 K\u00f6y\u00fc belediyesinde bize harika y\u00f6resel yemekler haz\u0131rlam\u0131\u015flar, ellerine sa\u011fl\u0131k. <\/span><\/p>\n<p><span style=\"color: #212121;\">Kandilli TTK alan\u0131 ise 1930&#8217;larda Frans\u0131zlar taraf\u0131ndan kurulmu\u015f. Madende \u00e7al\u0131\u015fanlar burada ya\u015fad\u0131klar\u0131ndan i\u00e7inde evler, sinema, k\u00fct\u00fcphane, okul, kilise, her \u015fey varm\u0131\u015f. \u015eimdi terk edilmi\u015f durumda. Restore edilip turizme a\u00e7\u0131lsa harika olur. <\/span><\/p>\n<p><span style=\"color: #212121;\">Son g\u00fcn Kaymakaml\u0131k binas\u0131n\u0131n \u00f6n\u00fcnde \u00e7al\u0131\u015fmalar\u0131m\u0131z\u0131 sergiledik. Kad\u0131nlar g\u00fcn\u00fc oldu\u011fu i\u00e7in bize karanfiller verdiler. Kalabal\u0131k bir izleyici grubu e\u015fli\u011finde Kaymakam bey a\u00e7\u0131l\u0131\u015f\u0131 yapt\u0131.<\/span><\/p>\n<p><span style=\"color: #212121;\">\u015eehir merkezine 20 km\u00a0kadar \u00f6tede, K\u00f6sea\u011fz\u0131 b\u00f6lgesinde ormanl\u0131k alan\u0131n i\u00e7inde Yakamoz diye bir yer&#8230; Kahvalt\u0131 ve yemek salonu. Sahibi Ramazan G\u00fcng\u00f6r ve e\u015fi Zehra birlikte i\u015fletiyorlar. Ramazan ile ayn\u0131 zamanda hem\u015fehri imi\u015fiz, \u00c7ank\u0131r\u0131 Korgun&#8217;dan&#8230; Son derece cana yak\u0131n ve sayg\u0131l\u0131. \u00c7al\u0131\u015ftay&#8217;a da sponsor olmu\u015f. Buras\u0131 arkas\u0131 da\u011f, \u00f6n\u00fc deniz muhte\u015fem bir yer. Denize yukar\u0131dan hakim bir d\u00fczl\u00fckte, ah\u015fap teras ve etraf\u0131 cam. Bakt\u0131\u011f\u0131n\u0131zda a\u011fa\u00e7lar\u0131n tepesini g\u00f6r\u00fcyorsunuz kar\u015f\u0131n\u0131z deniz. Ramazan buraya konaklama i\u00e7in oda, mutfak, banyo ve terastan olu\u015fan ah\u015fap evler yapt\u0131r\u0131yor. Tepeye do\u011fru teraslanm\u0131\u015f yeri de \u00e7ad\u0131r kamp\u00e7\u0131lar i\u00e7in planlam\u0131\u015f. Atv ara\u00e7 ile gezilip, z\u0131pline ile (teleferik gibi bir d\u00fczenek) plaja inilebilinecek. Sanat\u0131n pek \u00e7ok dal\u0131 ile de ilgili projeleri var. Alternatif tatil yapmak isteyenler i\u00e7in harika bir yer. Zaman zaman yeme\u011fimizi burada yedik. Yakamoz&#8217;da yedi\u011fimiz son ak\u015fam yeme\u011finde istavrit ve mezgit ile karn\u0131m\u0131z doyduk\u00e7a sazlar \u00e7ald\u0131, co\u015fku ile t\u00fcrk\u00fcler s\u00f6yledik&#8230; Muhte\u015femdi&#8230; &#8220;T\u00fcrk\u00fclerin s\u00f6ylenmedi\u011fi yerler vatan de\u011fildir&#8221; demi\u015f rahmetli Muzaffer Sar\u0131s\u00f6zen&#8230; Allah vatan\u0131m\u0131z\u0131n her kar\u0131\u015f\u0131nda t\u00fcrk\u00fcler s\u00f6ylemeyi k\u0131smet etsin&#8230; <\/span><\/p>\n<p><span style=\"color: #212121;\">Yine sanat sayesinde yeni dostlar, karde\u015fler edinmi\u015f, yeni yerler g\u00f6rm\u00fc\u015f, bilgiler edinmi\u015f, keyifli g\u00fcnler ge\u00e7irmi\u015ftim&#8230; Eme\u011fi ge\u00e7en herkese te\u015fekk\u00fcrler&#8230; Dilerim \u00f6rnek olur di\u011fer belediyelere, kaymakaml\u0131klara ve sponsorlara&#8230;<\/span><\/p>\n<p><img decoding=\"async\" loading=\"lazy\" src=\"http:\/\/www.ortakses.com\/d\/other\/7.jpg\" alt=\"7.jpg\" width=\"450\" height=\"338\" \/><img decoding=\"async\" loading=\"lazy\" src=\"http:\/\/www.ortakses.com\/d\/other\/6.jpg\" alt=\"6.jpg\" width=\"450\" height=\"600\" \/><img decoding=\"async\" loading=\"lazy\" src=\"http:\/\/www.ortakses.com\/d\/other\/2-006.jpg\" alt=\"2-006.jpg\" width=\"450\" height=\"600\" \/><img decoding=\"async\" loading=\"lazy\" src=\"http:\/\/www.ortakses.com\/d\/other\/1-015.jpg\" alt=\"1-015.jpg\" width=\"450\" height=\"600\" \/><img decoding=\"async\" loading=\"lazy\" src=\"http:\/\/www.ortakses.com\/d\/other\/3-003.jpg\" alt=\"3-003.jpg\" width=\"450\" height=\"253\" \/><img decoding=\"async\" loading=\"lazy\" src=\"http:\/\/www.ortakses.com\/d\/other\/4-001.jpg\" alt=\"4-001.jpg\" width=\"450\" height=\"253\" \/><\/p>\n<p>Kaynak: <a href=\"http:\/\/www.ortakses.com\/karadeniz-eregli-ve-marti-sakir-2679yy.htm?fbclid=IwAR0CqmejzuwaaVvaRu1a4SMJrY4kBsUysBqhpskv7dRkQWvxmzRoj40fixk\" target=\"_blank\">Karadeniz Ere\u011fli ve mart\u0131 \u015eakir&#8230; &#8211; H\u00fclya SEZG\u0130N<\/a><\/p>\n<p class=\"bawpvc-ajax-counter\" data-id=\"12356\">Yaz\u0131ya 658 d\u0259f\u0259 bax\u0131l\u0131b<\/p>\n","protected":false},"excerpt":{"rendered":"<p>D\u0131t&#8230; D\u0131t&#8230; D\u0131\u0131tt!.. K\u0131zlar sabah\u0131n alt\u0131s\u0131nda ba\u015flad\u0131lar mesajla\u015fmaya. &#8220;Yar\u0131m saat sonra metroya binece\u011fim..&#8221; &#8220;Biletim \u015fu saat&#8230; \u015eu saatte orada olaca\u011f\u0131m&#8230;&#8221;, &#8220;\u015eimdi ilk \u00f6nce kim gelecek&#8230; En son H\u00fclya m\u0131 gelecek?&#8221; Herkeste bir heyecan, bir heyecan&#8230; 8 Mart D\u00fcnya Emek\u00e7i Kad\u0131nlar G\u00fcn\u00fc etkinli\u011fi \u00e7er\u00e7evesinde Karadeniz Ere\u011fli Kaymakaml\u0131\u011f\u0131 destekleri ile ressam karde\u015fim Adnan Turan&#8217;\u0131n ger\u00e7ekle\u015ftirdi\u011fi &#8220;8 \u00dclke, [&hellip;]<\/p>\n","protected":false},"author":1,"featured_media":5758,"comment_status":"closed","ping_status":"closed","sticky":false,"template":"","format":"standard","meta":[],"categories":[8,6],"tags":[],"_links":{"self":[{"href":"https:\/\/kultur.az\/index.php?rest_route=\/wp\/v2\/posts\/12356"}],"collection":[{"href":"https:\/\/kultur.az\/index.php?rest_route=\/wp\/v2\/posts"}],"about":[{"href":"https:\/\/kultur.az\/index.php?rest_route=\/wp\/v2\/types\/post"}],"author":[{"embeddable":true,"href":"https:\/\/kultur.az\/index.php?rest_route=\/wp\/v2\/users\/1"}],"replies":[{"embeddable":true,"href":"https:\/\/kultur.az\/index.php?rest_route=%2Fwp%2Fv2%2Fcomments&post=12356"}],"version-history":[{"count":1,"href":"https:\/\/kultur.az\/index.php?rest_route=\/wp\/v2\/posts\/12356\/revisions"}],"predecessor-version":[{"id":12357,"href":"https:\/\/kultur.az\/index.php?rest_route=\/wp\/v2\/posts\/12356\/revisions\/12357"}],"wp:featuredmedia":[{"embeddable":true,"href":"https:\/\/kultur.az\/index.php?rest_route=\/wp\/v2\/media\/5758"}],"wp:attachment":[{"href":"https:\/\/kultur.az\/index.php?rest_route=%2Fwp%2Fv2%2Fmedia&parent=12356"}],"wp:term":[{"taxonomy":"category","embeddable":true,"href":"https:\/\/kultur.az\/index.php?rest_route=%2Fwp%2Fv2%2Fcategories&post=12356"},{"taxonomy":"post_tag","embeddable":true,"href":"https:\/\/kultur.az\/index.php?rest_route=%2Fwp%2Fv2%2Ftags&post=12356"}],"curies":[{"name":"wp","href":"https:\/\/api.w.org\/{rel}","templated":true}]}}