{"id":12532,"date":"2019-04-09T01:05:34","date_gmt":"2019-04-08T20:05:34","guid":{"rendered":"http:\/\/kultur.az\/?p=12532"},"modified":"2019-04-09T01:05:34","modified_gmt":"2019-04-08T20:05:34","slug":"m%c9%99nd%c9%99-sigar-iki-cahan-yoxsa-p%c9%99ncu-ses","status":"publish","type":"post","link":"https:\/\/kultur.az\/?p=12532","title":{"rendered":"\u201cM\u0259nd\u0259 s\u0131\u011far iki cahan&#8230;\u201d , yoxsa \u201cP\u0259nc\u00fc-\u015fe\u015f\u201d ?"},"content":{"rendered":"<p><a href=\"http:\/\/kultur.az\/wp-content\/uploads\/2019\/04\/Parvana-q-nurlu.png\"><img decoding=\"async\" loading=\"lazy\" class=\"alignleft size-medium wp-image-12533\" src=\"http:\/\/kultur.az\/wp-content\/uploads\/2019\/04\/Parvana-q-nurlu-190x300.png\" alt=\"Parvana-q-nurlu\" width=\"190\" height=\"300\" \/><\/a><\/p>\n<p>&nbsp;<\/p>\n<p><strong>\u201c<\/strong><strong>M\u0259nd\u0259 s\u0131\u011far iki cahan<\/strong><strong>&#8230;\u201d <\/strong><strong>, yoxsa <\/strong><strong>\u201cP<\/strong><strong>\u0259<\/strong><strong>n<\/strong><strong>c\u00fc-\u015fe\u015f<\/strong><strong>\u201d<\/strong>\u00a0<strong>?<\/strong><\/p>\n<p>Anadan olmas\u0131n\u0131n 650 illiyi il\u0259 \u0259laq\u0259dar 2019-cu ilin &#8220;N\u0259simi ili&#8221; elan olunmas\u0131 b\u00f6y\u00fck \u015fairin yarad\u0131c\u0131l\u0131\u011f\u0131na b\u0259l\u0259d olan v\u0259 olmayan insanlarda m\u00fcxt\u0259lif reaksiyalar do\u011furur. Bu c\u0259h\u0259td\u0259n d\u0259 il \u0259rzind\u0259 m\u00fcxt\u0259lif \u0259d\u0259bi-b\u0259dii v\u0259 t\u0259nqidi situasiyalarla rastla\u015faca\u011f\u0131m\u0131z t\u0259biidir. \u0130ki cahana s\u0131\u011fmayan \u015fair haqq\u0131nda yaz\u0131lanlar bu 365 g\u00fcn\u00fcn d\u0259 \u00e7\u0259r\u00e7iv\u0259sin\u0259 s\u0131\u011fmayacaqd\u0131r. \u015e\u0259rqin b\u00f6y\u00fck filosofu, \u00fcsyankar \u015fairi \u0259srl\u0259r boyu ged\u0259c\u0259yi yollarda \u00f6yr\u0259nil\u0259c\u0259k, an\u0131lacaq, xat\u0131rlanacaqd\u0131r. \u00c7\u00fcnki N\u0259siminin poetik qalaktikas\u0131n\u0131n m\u0259rk\u0259zind\u0259 \u0130NSAN v\u0259 onun t\u0259r\u0259nn\u00fcm\u00fc dayan\u0131r:<\/p>\n<p>S\u0259ni bu h\u00fcsn\u00fc-camal il\u0259, kamal il\u0259 g\u00f6r\u00fcb,<br \/>\nQorxdular h\u0259qq dem\u0259y\u0259, d\u00f6nd\u00fcl\u0259r insan dedil\u0259r.<\/p>\n<p>S\u00f6z\u00fc insan q\u0259d\u0259r ucald\u0131b, insan\u0131 s\u00f6z q\u0259d\u0259r hikm\u0259tl\u0259ndir\u0259n N\u0259simiy\u0259, onun yarad\u0131c\u0131l\u0131\u011f\u0131na m\u00fcnasib\u0259t m\u00fcdrikan\u0259, yalan\u00e7\u0131 pafosdan, \u015fou xarakterli t\u0259qdimatdan uzaq olmal\u0131d\u0131r. \u201cN\u0259simi ili\u201ddir dey\u0259, bacaran-bacarmayan meydana at\u0131l\u0131b, \u201c bu da m\u0259nim N\u0259simiy\u0259 h\u0259diyy\u0259mdir\u201d dem\u0259m\u0259lidir. N\u0259simi yarad\u0131c\u0131l\u0131\u011f\u0131na, N\u0259simi s\u00f6z\u00fcn\u0259 qiym\u0259t b\u00f6y\u00fck \u015fairimiz \u00a0F\u00fczulinin \u201cS\u00d6Z\u201d\u0259 verdiyi qiym\u0259tin i\u015f\u0131\u011f\u0131nda verilm\u0259lidir:<\/p>\n<p>Art\u0131ran s\u00f6z q\u0259drini sidqil\u0259 q\u0259drin art\u0131rar,<\/p>\n<p>Kim n\u0259 miqdar olsa, \u0259hlin eyl\u0259r ol miqdar s\u00f6z<\/p>\n<p>Bir nigari-\u0259nb\u0259rinx\u0259tdir k\u00f6n\u00fcll\u0259r alma\u011fa,<\/p>\n<p>G\u00f6st\u0259rir h\u0259rd\u0259n niqabi-\u011feybd\u0259n r\u00fcxsar s\u00f6z.<\/p>\n<p>Bizim d\u00fc\u015f\u00fcnc\u0259miz\u0259 g\u00f6r\u0259 N\u0259simi haqq\u0131nda s\u00f6z\u00fc d\u0259, onu d\u0259rk ed\u0259n, onu anlayan, onun ruhuna do\u011fma ola bil\u0259n s\u00f6z xiridarlar\u0131, s\u00f6z s\u0259n\u0259tinin ustadlar\u0131, \u201c\u0259n\u0259lh\u0259qq\u201d dey\u0259r\u0259k, s\u00f6z yolunda \u201csoyulma\u011f\u0131\u201d bacaranlar dem\u0259lidir. N\u0259simi s\u00f6z\u00fcn\u00fc musiqiy\u0259, r\u0259ssaml\u0131\u011fa, heyk\u0259lt\u0259ra\u015fl\u0131\u011fa, film\u0259 g\u0259tirm\u0259k ist\u0259y\u0259nl\u0259r N\u0259simi \u0259z\u0259m\u0259tini unutmamal\u0131d\u0131rlar.<\/p>\n<p>Son g\u00fcnl\u0259r savad\u0131, bilik s\u0259viyy\u0259si il\u0259 \u00f6y\u00fcnm\u0259kl\u0259 N\u0259simi yarad\u0131c\u0131l\u0131\u011f\u0131na m\u00fcraci\u0259t ed\u0259n bir m\u00fc\u011f\u0259nni b\u00f6y\u00fck \u015fairin \u201cS\u0131\u011fmazam\u201d q\u0259z\u0259lini mahn\u0131 janr\u0131na g\u0259tirm\u0259kl\u0259 geni\u015f bir m\u00fczakir\u0259 obyektin\u0259 \u00e7evril\u0259 bilmi\u015fdir. N\u0259simini v\u0259 musiqini anlaya bil\u0259n insan mahn\u0131n\u0131 dinl\u0259y\u0259rk\u0259n hiss edir ki, N\u0259simi yarad\u0131c\u0131l\u0131\u011f\u0131na m\u00fcraci\u0259t etm\u0259k ist\u0259yi \u015fair\u0259 sevgid\u0259n, ona ruh\u0259n ba\u011fl\u0131 olmaqdan daha \u00e7ox reklam olunmaq h\u0259v\u0259sind\u0259n yaran\u0131b. Bel\u0259 olmasayd\u0131, h\u0259tta, q\u0259z\u0259l janr\u0131nda yaz\u0131ld\u0131\u011f\u0131n\u0131 bel\u0259 d\u0259qiq bilm\u0259diyi \u201cS\u0131\u011fmazam\u201d\u0131 \u201c\u015f\u0131d\u0131r\u011f\u0131\u201d hind musiqisi ritmi \u00fcz\u0259rind\u0259 qurub toyxana mahn\u0131s\u0131na \u00e7evirm\u0259z, onu b\u0259y\u0259nm\u0259y\u0259nl\u0259ri is\u0259 ironiya il\u0259 \u201cBollivud m\u00fcsiqisind\u0259n x\u0259b\u0259rsizl\u0259r\u201d adland\u0131rmazd\u0131. Bu adam anlamaq bel\u0259 ist\u0259mir ki, insanlar\u0131n haql\u0131 irad\u0131 \u00f6z\u00fcn\u00fcn d\u00fc\u015f\u00fcn\u00fcb tapd\u0131\u011f\u0131 il\u0259 \u00f6y\u00fcnd\u00fcy\u00fc bu Bollivud musiqisin\u0259 deyil, &#8220;kamil insan ideyas\u0131\u201dn\u0131 t\u0259bli\u011f ed\u0259n \u015fairin sufiliyi, h\u00fcrufiliyi, f\u0259ls\u0259fi-panteist fikirl\u0259ri \u0259ks etdir\u0259n bir \u015feirin\u0259 bu musiqini\u00a0 \u201ccalaq\u201d etdir\u0259r\u0259k toy mahn\u0131s\u0131na \u00e7evirm\u0259sin\u0259dir.<\/p>\n<p>M\u0259nd\u0259 s\u0131\u011far iki cahan, m\u0259n bu cahana s\u0131\u011fmazam,<\/p>\n<p>G\u00f6vh\u0259ri-lam\u0259kan m\u0259n\u0259m, k\u00f6vn\u00fc-m\u0259kana s\u0131\u011fmazam&#8230;!\u00a0\u2013 kimi \u00fcsyankar, f\u0259ls\u0259fi \u00e7a\u011f\u0131r\u0131\u015f\u0131n s\u0259dalar\u0131 qulaqlar\u0131nda yox, q\u0259lbind\u0259 \u0259ks-s\u0259da verdiyi bir m\u0259qamda s\u00f6z\u00fcged\u0259n bu mahn\u0131n\u0131 dinl\u0259dikc\u0259, sanki N\u0259siminin f\u0259ryad\u0131n\u0131 e\u015fidir, sevimli s\u0259n\u0259tkar\u0131m\u0131z Rasim Balayevin ifas\u0131ndak\u0131 yan\u011f\u0131n\u0131n, at\u0259\u015fin mahn\u0131ya etiraz olaraq daha da alovland\u0131\u011f\u0131n\u0131 g\u00f6r\u00fcr\u00fck. N\u0259siminin yazd\u0131\u011f\u0131n\u0131n v\u0259 Rasim Balayevin ifa etdiyinin m\u00fcqayis\u0259sind\u0259 bu toy ruhlu mahn\u0131 nec\u0259 c\u0131l\u0131z v\u0259 bir toy ma\u011far\u0131na \u201cs\u0131\u011fan\u201d g\u00f6r\u00fcn\u00fcr. \u0130ki cahana s\u0131\u011fmayan bir ruhu bit toy ma\u011far\u0131na s\u0131\u011f\u0131\u015fd\u0131ra bilm\u0259k \u00a0\u201cqeyri-kamil\u201dliyin g\u00f6st\u0259ricisidir. Varl\u0131\u011fa s\u0131\u011fmazl\u0131\u011f\u0131, lam\u0259kanl\u0131\u011f\u0131, kamilliyi \u0259ks etdir\u0259n bir s\u0259n\u0259t abid\u0259sinin \u201cP\u0259nc\u00fc-\u015fe\u015f\u201d adland\u0131r\u0131l\u0131b, toy mahn\u0131s\u0131 kimi ifa olunmas\u0131 insan\u0131n ruhunu \u00a0z\u0259d\u0259l\u0259yir.<\/p>\n<p>Yax\u015f\u0131 ki, internet arxivind\u0259 m\u0259ni g\u0259rginlikd\u0259n \u00e7\u0131xara bil\u0259n \u201cN\u0259simi\u201d filmi v\u0259 Rasim Balayevin g\u00f6z\u0259l ifas\u0131 var. O mahn\u0131n\u0131n beynimd\u0259 \u0259ks etdirdiyi m\u0259nfi emosiyan\u0131, pis ovqat\u0131\u00a0 filmin fraqmentl\u0259rini izl\u0259m\u0259k v\u0259 \u00a0\u201cM\u0259nd\u0259 s\u0131\u011far iki cahan&#8230;\u201d \u015feirini Rasim Balayevin ifas\u0131nda dinl\u0259m\u0259kl\u0259 \u00f6z\u00fcmd\u0259n uzaqla\u015fd\u0131ra bildim.\u00a0 Haradansa yad\u0131ma\u00a0 ustad A\u015f\u0131q \u018fdal\u0259t, \u201cYan\u0131q K\u0259r\u0259mi\u201d, toylar\u0131m\u0131z d\u00fc\u015fd\u00fc.. El\u0259 o anda t\u0259s\u0259vv\u00fcr etdim ki, \u201cP\u0259nc\u00fc-\u015fe\u015f\u201dl\u0259\u015f\u0259n \u201cS\u0131\u011fmazam\u201d\u0131n s\u0259dalar\u0131 alt\u0131nda toyxanalarda\u00a0 qol g\u00f6r\u00fcr\u00fcb \u015f\u0131d\u0131r\u011f\u0131 s\u00fcz\u00fcr\u00fck&#8230; Tanr\u0131 cismimizi bel\u0259 \u201cmahn\u0131lara\u201d oynamaqdan qorusun ki,\u00a0 son anda ona borc olaraq qaytaraca\u011f\u0131m\u0131z ruhumuz \u00a0z\u0259d\u0259l\u0259nm\u0259sin.<\/p>\n<p>N\u0259siminin obrazl\u0131, b\u0259di-estetik d\u0259y\u0259rli, kamil q\u0259z\u0259ll\u0259ri,\u00a0 lirik \u201cm\u0259n\u201din \u00fcsyankar monoloqlar\u0131 \u0259sl ifa\u00e7\u0131lar\u0131n\u0131, \u0259sl b\u0259st\u0259karlar\u0131n\u0131 g\u00f6zl\u0259yir. M\u0259g\u0259r \u201cS\u0259nsiz\u201d, \u201cSevgili canan\u201d romanslar\u0131n\u0131, \u201cN\u0259simi\u201d, \u201cF\u00fczuli\u201d kantatalar\u0131n\u0131, \u201cKarvan\u201d suitas\u0131n\u0131 yaratma\u011f\u0131 bacaran xalq\u0131m\u0131z\u0131n\u00a0 istedadl\u0131 \u00f6vladlar\u0131 i\u00e7\u0259risind\u0259 \u201cN\u0259simi ili\u201dnd\u0259 b\u00f6y\u00fck N\u0259siminin ad\u0131na, ruhuna layiq m\u00fcsiqi \u0259s\u0259rl\u0259ri yarada bil\u0259c\u0259k b\u0259st\u0259karlar\u0131m\u0131z yoxmu? B\u0259lk\u0259, N\u0259simi ruhunu b\u00f6y\u00fck simfoniyalara s\u0131\u011fd\u0131rmaq, do\u011frudan da, \u00e7\u0259tin v\u0259 m\u0259suliyy\u0259tlidir?\u00a0 \u201cN\u0259simi ili\u201dnd\u0259\u00a0 \u201cyalandan oyananlara\u201d v\u0259 h\u0259qiq\u0259t\u0259n oyana bil\u0259nl\u0259r\u0259 el\u0259 N\u0259simi dili, N\u0259simi \u015feiri il\u0259 dem\u0259k ist\u0259yir\u0259m :<\/p>\n<p>Ey \u00f6z\u00fcnd\u0259n bix\u0259b\u0259r qafil, oyan!<\/p>\n<p>H\u0259qq\u0259 g\u0259l kim, h\u0259qq deyil batil, oyan!<\/p>\n<p>Olma fani al\u0259m\u0259 mail, oyan!<\/p>\n<p>M\u0259rif\u0259td\u0259n n\u0259sn\u0259 q\u0131l hasil, oyan!<\/p>\n<p>&nbsp;<\/p>\n<p>P\u0259rvan\u0259 O-nurlu<\/p>\n<p>&nbsp;<\/p>\n<p>&nbsp;<\/p>\n<p>&nbsp;<\/p>\n<p>&nbsp;<\/p>\n<p class=\"bawpvc-ajax-counter\" data-id=\"12532\">Yaz\u0131ya 758 d\u0259f\u0259 bax\u0131l\u0131b<\/p>\n","protected":false},"excerpt":{"rendered":"<p>&nbsp; \u201cM\u0259nd\u0259 s\u0131\u011far iki cahan&#8230;\u201d , yoxsa \u201cP\u0259nc\u00fc-\u015fe\u015f\u201d\u00a0? Anadan olmas\u0131n\u0131n 650 illiyi il\u0259 \u0259laq\u0259dar 2019-cu ilin &#8220;N\u0259simi ili&#8221; elan olunmas\u0131 b\u00f6y\u00fck \u015fairin yarad\u0131c\u0131l\u0131\u011f\u0131na b\u0259l\u0259d olan v\u0259 olmayan insanlarda m\u00fcxt\u0259lif reaksiyalar do\u011furur. Bu c\u0259h\u0259td\u0259n d\u0259 il \u0259rzind\u0259 m\u00fcxt\u0259lif \u0259d\u0259bi-b\u0259dii v\u0259 t\u0259nqidi situasiyalarla rastla\u015faca\u011f\u0131m\u0131z t\u0259biidir. \u0130ki cahana s\u0131\u011fmayan \u015fair haqq\u0131nda yaz\u0131lanlar bu 365 g\u00fcn\u00fcn d\u0259 \u00e7\u0259r\u00e7iv\u0259sin\u0259 s\u0131\u011fmayacaqd\u0131r. [&hellip;]<\/p>\n","protected":false},"author":1,"featured_media":0,"comment_status":"closed","ping_status":"closed","sticky":false,"template":"","format":"standard","meta":[],"categories":[17,3],"tags":[],"_links":{"self":[{"href":"https:\/\/kultur.az\/index.php?rest_route=\/wp\/v2\/posts\/12532"}],"collection":[{"href":"https:\/\/kultur.az\/index.php?rest_route=\/wp\/v2\/posts"}],"about":[{"href":"https:\/\/kultur.az\/index.php?rest_route=\/wp\/v2\/types\/post"}],"author":[{"embeddable":true,"href":"https:\/\/kultur.az\/index.php?rest_route=\/wp\/v2\/users\/1"}],"replies":[{"embeddable":true,"href":"https:\/\/kultur.az\/index.php?rest_route=%2Fwp%2Fv2%2Fcomments&post=12532"}],"version-history":[{"count":1,"href":"https:\/\/kultur.az\/index.php?rest_route=\/wp\/v2\/posts\/12532\/revisions"}],"predecessor-version":[{"id":12534,"href":"https:\/\/kultur.az\/index.php?rest_route=\/wp\/v2\/posts\/12532\/revisions\/12534"}],"wp:attachment":[{"href":"https:\/\/kultur.az\/index.php?rest_route=%2Fwp%2Fv2%2Fmedia&parent=12532"}],"wp:term":[{"taxonomy":"category","embeddable":true,"href":"https:\/\/kultur.az\/index.php?rest_route=%2Fwp%2Fv2%2Fcategories&post=12532"},{"taxonomy":"post_tag","embeddable":true,"href":"https:\/\/kultur.az\/index.php?rest_route=%2Fwp%2Fv2%2Ftags&post=12532"}],"curies":[{"name":"wp","href":"https:\/\/api.w.org\/{rel}","templated":true}]}}