{"id":12774,"date":"2019-06-25T01:55:37","date_gmt":"2019-06-24T20:55:37","guid":{"rendered":"http:\/\/kultur.az\/?p=12774"},"modified":"2019-06-25T01:55:37","modified_gmt":"2019-06-24T20:55:37","slug":"qazaxda-xalq-sairi-vaqif-s%c9%99m%c9%99doglunun-bustunun-acilis-m%c9%99rasimi-olub","status":"publish","type":"post","link":"https:\/\/kultur.az\/?p=12774","title":{"rendered":"Qazaxda Xalq \u015fairi Vaqif S\u0259m\u0259do\u011flunun b\u00fcst\u00fcn\u00fcn a\u00e7\u0131l\u0131\u015f m\u0259rasimi olub"},"content":{"rendered":"<h1 style=\"font-weight: normal; color: #000000;\">Qazaxda Xalq \u015fairi Vaqif S\u0259m\u0259do\u011flunun b\u00fcst\u00fcn\u00fcn a\u00e7\u0131l\u0131\u015f m\u0259rasimi olub<\/h1>\n<div class=\"full-news-content\" style=\"color: #2e2e2e;\">\n<div class=\"full-news-cont\"><a href=\"http:\/\/kultur.az\/wp-content\/uploads\/2019\/06\/1561388238_8.jpg\"><img decoding=\"async\" loading=\"lazy\" class=\"alignleft wp-image-12776 size-large\" src=\"http:\/\/kultur.az\/wp-content\/uploads\/2019\/06\/1561388238_8-1024x682.jpg\" alt=\"1561388238_8\" width=\"1024\" height=\"682\" srcset=\"https:\/\/kultur.az\/wp-content\/uploads\/2019\/06\/1561388238_8-1024x682.jpg 1024w, https:\/\/kultur.az\/wp-content\/uploads\/2019\/06\/1561388238_8-300x200.jpg 300w, https:\/\/kultur.az\/wp-content\/uploads\/2019\/06\/1561388238_8.jpg 1600w\" sizes=\"(max-width: 1024px) 100vw, 1024px\" \/><\/a>B\u00fct\u00fcn d\u00fcnyada Q\u0259rbin qap\u0131s\u0131 kimi tan\u0131nan Qazax h\u0259m d\u0259 saz\u0131n, s\u00f6z\u00fcn q\u00fcdr\u0259ti il\u0259 \u00f6z s\u00f6z\u00fcn\u00fc dem\u0259yi bacar\u0131b. Tarixi \u015f\u0259xsiyy\u0259tl\u0259ri, Xalq \u015fairl\u0259ri, yaz\u0131\u00e7\u0131lar\u0131, a\u015f\u0131q, ozan s\u0259n\u0259tinin n\u0259h\u0259ngl\u0259ri il\u0259 s\u0259s sal\u0131b b\u00fct\u00fcn al\u0259m\u0259, yax\u0131na, uza\u011fa. Bu diyarda s\u00f6z\u0259 veril\u0259n qiym\u0259t, saza olan h\u00f6rm\u0259t h\u0259r zaman y\u00fcks\u0259k s\u0259viyy\u0259d\u0259 olub.<\/p>\n<p>Avrasiya.net x\u0259b\u0259r verir ki, s\u00f6z, s\u0259n\u0259t m\u00fclk\u00fcn\u00fcn be\u015fiyi say\u0131lan Qazaxda bu g\u00fcn daha bir tarixi g\u00fcn ya\u015fan\u0131b. Bu il iyunun 5-d\u0259 anadan olmas\u0131n\u0131n 80 ili tamam olan \u015fair, dramaturq, publisist, Az\u0259rbaycan\u0131n Xalq \u015fairi Vaqif S\u0259m\u0259do\u011flu \u015f\u0259xsiyy\u0259tin\u0259, yarad\u0131c\u0131l\u0131\u011f\u0131na d\u0259y\u0259r, qiym\u0259t ver\u0259nl\u0259r, onun \u00f6m\u00fcr yoluna n\u0259z\u0259r salanlar onun yubiley t\u0259dbirin\u0259 v\u0259 b\u00fcst\u00fcn\u00fcn a\u00e7\u0131l\u0131\u015f\u0131na \u015fahidlik etm\u0259k \u00fc\u00e7\u00fcn bir yer\u0259 topla\u015f\u0131blar.<br \/>\n<img decoding=\"async\" class=\"ttimages\" title=\"Qazaxda Xalq \u015fairi Vaqif S\u0259m\u0259do\u011flunun b\u00fcst\u00fcn\u00fcn a\u00e7\u0131l\u0131\u015f m\u0259rasimi olub\" src=\"https:\/\/avrasiya.net\/uploads\/posts\/2019-06\/1561387629_1.jpg\" alt=\"Qazaxda Xalq \u015fairi Vaqif S\u0259m\u0259do\u011flunun b\u00fcst\u00fcn\u00fcn a\u00e7\u0131l\u0131\u015f m\u0259rasimi olub\" \/><br \/>\n\u00d6lk\u0259d\u0259 c\u0259r\u0259yan ed\u0259n ictimai-siyasi hadis\u0259l\u0259r\u0259 h\u0259mi\u015f\u0259 obyektiv qiym\u0259t vermi\u015f v\u0259 d\u00fczg\u00fcn m\u00f6vqe tutmu\u015f, xalq\u0131n\u0131 v\u0259 V\u0259t\u0259nini sev\u0259n b\u00f6y\u00fck \u015f\u0259xsiyy\u0259tin 80 illik yubileyi d\u00f6vl\u0259t s\u0259viyy\u0259sind\u0259 qeyd olunur. \u00d6z yarad\u0131c\u0131l\u0131\u011f\u0131 il\u0259 Az\u0259rbaycan \u0259d\u0259biyyat\u0131n\u0131n t\u0259krarolunmaz s\u0259hif\u0259l\u0259rini yazan Xalq \u015fairinin 80 illiyinin t\u0259nt\u0259n\u0259li \u015f\u0259kild\u0259 qeyd olunmas\u0131 \u00fc\u00e7\u00fcn d\u00f6vl\u0259timiz t\u0259r\u0259find\u0259n d\u0259 m\u0259qs\u0259dy\u00f6nl\u00fc t\u0259dbirl\u0259r h\u0259yata ke\u00e7irilir.<br \/>\n<img decoding=\"async\" class=\"ttimages\" title=\"Qazaxda Xalq \u015fairi Vaqif S\u0259m\u0259do\u011flunun b\u00fcst\u00fcn\u00fcn a\u00e7\u0131l\u0131\u015f m\u0259rasimi olub\" src=\"https:\/\/avrasiya.net\/uploads\/posts\/2019-06\/1561387668_2.jpg\" alt=\"Qazaxda Xalq \u015fairi Vaqif S\u0259m\u0259do\u011flunun b\u00fcst\u00fcn\u00fcn a\u00e7\u0131l\u0131\u015f m\u0259rasimi olub\" \/><br \/>\nD\u00f6vl\u0259t ba\u015f\u00e7\u0131s\u0131 \u0130lham \u018fliyevin v\u0259 Heyd\u0259r \u018fliyev Fondunun prezidenti, Birinci vitse-prezident Mehriban xan\u0131m \u018fliyevan\u0131n g\u00f6rk\u0259mli Xalq \u015fairinin 80 illik yubileyinin y\u00fcks\u0259k s\u0259viyy\u0259d\u0259 qeyd edilm\u0259si il\u0259 ba\u011fl\u0131 verdiyi tap\u015f\u0131r\u0131q v\u0259 t\u00f6vsiy\u0259l\u0259r bunun bariz n\u00fcmun\u0259sidir.<\/p>\n<p>Heyd\u0259r \u018fliyev Fondu v\u0259 \u015f\u0259xs\u0259n Mehriban xan\u0131m \u018fliyeva t\u0259r\u0259find\u0259n Xalq \u015fairi Vaqif S\u0259m\u0259do\u011flunun 80 illik yubileyi m\u00fcnasib\u0259til\u0259 Qazaxda b\u00fcst\u00fcn\u00fcn qoyulmas\u0131 da bel\u0259 t\u0259dbirl\u0259rd\u0259ndir.<br \/>\n<img decoding=\"async\" class=\"ttimages\" title=\"Qazaxda Xalq \u015fairi Vaqif S\u0259m\u0259do\u011flunun b\u00fcst\u00fcn\u00fcn a\u00e7\u0131l\u0131\u015f m\u0259rasimi olub\" src=\"https:\/\/avrasiya.net\/uploads\/posts\/2019-06\/1561387656_3.jpg\" alt=\"Qazaxda Xalq \u015fairi Vaqif S\u0259m\u0259do\u011flunun b\u00fcst\u00fcn\u00fcn a\u00e7\u0131l\u0131\u015f m\u0259rasimi olub\" \/><br \/>\nBu g\u00fcn Qazaxda \u015f\u0259h\u0259rin m\u0259rk\u0259zind\u0259 yerl\u0259\u015f\u0259n &#8220;F\u0259xri qazaxl\u0131lar\u201d park\u0131nda yubiley m\u00fcnasib\u0259til\u0259 qoyulmu\u015f h\u0259min b\u00fcst\u00fcn a\u00e7\u0131l\u0131\u015f m\u0259rasimi olub. T\u0259dbird\u0259 Qazax Rayon \u0130cra Hakimiyy\u0259tinin ba\u015f\u00e7\u0131s\u0131 R\u0259c\u0259b Baba\u015fov, icra aparat\u0131n\u0131n m\u0259sul \u015f\u0259xsl\u0259ri, qonaqlardan S\u0259m\u0259d Vur\u011funun Ev Muzeyinin direktoru, Vaqif S\u0259m\u0259do\u011flunun h\u0259yat yolda\u015f\u0131 N\u00fc\u015fab\u0259 V\u0259kilova, AYB-nin m\u0259tbuat katibi X\u0259yal Rza, &#8220;Qazax\u201d Xeyriyy\u0259 \u0130ctimai Birliyinin n\u00fcmay\u0259nd\u0259si M\u0259ti Osmano\u011flu, X\u0259z\u0259r Televiziyas\u0131n\u0131n \u0259m\u0259kda\u015f\u0131 H\u0259mid Heris\u00e7i, Bak\u0131dan qonaq olan aktyorlar Kamran Yunis, X\u0259z\u0259r S\u00fcleymanl\u0131, M\u0259nz\u0259r M\u0259mm\u0259dr\u0259sul q\u0131z\u0131, h\u00fcquq-m\u00fchafiz\u0259 orqanlar\u0131n\u0131n, idar\u0259, m\u00fc\u0259ssis\u0259 v\u0259 t\u0259\u015fkilatlar\u0131n r\u0259hb\u0259rl\u0259ri, t\u0259hsil, s\u0259hiyy\u0259, m\u0259d\u0259niyy\u0259t i\u015f\u00e7il\u0259ri, yazarlar, saz, s\u00f6z adamlar\u0131, ziyal\u0131lar, ictimaiyy\u0259t v\u0259 K\u0130V n\u00fcmay\u0259nd\u0259l\u0259ri i\u015ftirak edibl\u0259r.<br \/>\n<img decoding=\"async\" class=\"ttimages\" title=\"Qazaxda Xalq \u015fairi Vaqif S\u0259m\u0259do\u011flunun b\u00fcst\u00fcn\u00fcn a\u00e7\u0131l\u0131\u015f m\u0259rasimi olub\" src=\"https:\/\/avrasiya.net\/uploads\/posts\/2019-06\/1561387734_4.jpg\" alt=\"Qazaxda Xalq \u015fairi Vaqif S\u0259m\u0259do\u011flunun b\u00fcst\u00fcn\u00fcn a\u00e7\u0131l\u0131\u015f m\u0259rasimi olub\" \/><br \/>\nT\u0259dbir i\u015ftirak\u00e7\u0131lar\u0131 \u0259vv\u0259lc\u0259 \u015f\u0259h\u0259rin m\u0259rk\u0259zind\u0259 yerl\u0259\u015f\u0259n \u015e\u0259hidl\u0259r xiyaban\u0131nda torpaqlar\u0131m\u0131z\u0131n \u0259razi b\u00fct\u00f6vl\u00fcy\u00fc u\u011frunda can\u0131ndan ke\u00e7\u0259n V\u0259t\u0259n o\u011fullar\u0131n\u0131n \u0259ziz xatir\u0259sini yad edibl\u0259r. Memorial \u00f6n\u00fcn\u0259 g\u00fcl d\u0259st\u0259l\u0259ri d\u00fcz\u0259r\u0259k \u015f\u0259hidl\u0259rimiz\u0259 olan sonsuz ehtiramlar\u0131n\u0131 bildiribl\u0259r. \u015e\u0259hidl\u0259rin ruhuna dualar oxunub, S\u0259m\u0259d Vur\u011fun ad\u0131na \u015f\u0259h\u0259r 2 sayl\u0131 tam orta m\u0259kt\u0259bin \u015fagirdl\u0259ri Hamaya Qurbanova v\u0259 N\u00f6vr\u0259st\u0259 Haqverdiyeva \u015f\u0259hidlik zirv\u0259sin\u0259 y\u00fcks\u0259l\u0259n igid o\u011fullar\u0131m\u0131za h\u0259sr olunmu\u015f \u015feirl\u0259r s\u0259sl\u0259ndiribl\u0259r.<\/p>\n<p>Sonra &#8220;F\u0259xri qazaxl\u0131lar\u201d park\u0131nda qoyulmu\u015f b\u00fcst\u00fcn \u00fcz\u0259rind\u0259ki a\u011f \u00f6rp\u0259k g\u00f6t\u00fcr\u00fcl\u00fcb v\u0259 \u00f6n\u00fcn\u0259 g\u00fcl d\u0259st\u0259l\u0259ri d\u00fcz\u00fcl\u00fcb.<br \/>\n<img decoding=\"async\" class=\"ttimages\" title=\"Qazaxda Xalq \u015fairi Vaqif S\u0259m\u0259do\u011flunun b\u00fcst\u00fcn\u00fcn a\u00e7\u0131l\u0131\u015f m\u0259rasimi olub\" src=\"https:\/\/avrasiya.net\/uploads\/posts\/2019-06\/1561387751_5.jpg\" alt=\"Qazaxda Xalq \u015fairi Vaqif S\u0259m\u0259do\u011flunun b\u00fcst\u00fcn\u00fcn a\u00e7\u0131l\u0131\u015f m\u0259rasimi olub\" \/><br \/>\nT\u0259dbirin apar\u0131c\u0131s\u0131, Az\u0259rbaycan Yaz\u0131\u00e7\u0131lar Birliyi Qazax zona filial\u0131n\u0131n s\u0259dri, \u018fm\u0259kdar inc\u0259s\u0259n\u0259t xadimi, \u015fair Barat V\u00fcsal \u00e7\u0131x\u0131\u015f ed\u0259r\u0259k t\u0259dbir i\u015ftirak\u00e7\u0131lar\u0131n\u0131 salamlay\u0131b v\u0259 tarixi g\u00fcn m\u00fcnasib\u0259til\u0259 b\u00fct\u00fcn ziyal\u0131lar\u0131, qazaxl\u0131lar\u0131 t\u0259brik edib. Vaqif S\u0259m\u0259do\u011flunun timsal\u0131nda b\u00fct\u00fcn qazaxl\u0131 ziyal\u0131lara veril\u0259n y\u00fcks\u0259k qiym\u0259t\u0259 g\u00f6r\u0259 AYB Qazax zona filial\u0131n\u0131n \u00e7oxsayl\u0131 \u00fczvl\u0259ri, el\u0259c\u0259 d\u0259 rayon ictimaiyy\u0259ti ad\u0131ndan \u00f6lk\u0259 ba\u015f\u00e7\u0131s\u0131 \u0130lham \u018fliyev\u0259, Heyd\u0259r \u018fliyev Fondunun prezdenti Mehriban xan\u0131m \u018fliyevaya d\u0259rin minn\u0259tdarl\u0131\u011f\u0131n\u0131 bildirib. Az\u0259rbaycan \u0259d\u0259biyyat\u0131n\u0131n, m\u00fcasir poeziyam\u0131z\u0131n inki\u015faf etm\u0259sind\u0259 b\u00f6y\u00fck xidm\u0259tl\u0259ri olan Vaqif S\u0259m\u0259do\u011flu \u015f\u0259xsiyy\u0259tin\u0259 veril\u0259n d\u0259y\u0259rin b\u00fct\u00fcn ziyal\u0131lar t\u0259r\u0259find\u0259n y\u00fcks\u0259k minn\u0259tdarl\u0131q v\u0259 raz\u0131l\u0131q hissi il\u0259 qar\u015f\u0131land\u0131\u011f\u0131n\u0131 qeyd edib.<br \/>\n<img decoding=\"async\" class=\"ttimages\" title=\"Qazaxda Xalq \u015fairi Vaqif S\u0259m\u0259do\u011flunun b\u00fcst\u00fcn\u00fcn a\u00e7\u0131l\u0131\u015f m\u0259rasimi olub\" src=\"https:\/\/avrasiya.net\/uploads\/posts\/2019-06\/1561387981_1.jpg\" alt=\"Qazaxda Xalq \u015fairi Vaqif S\u0259m\u0259do\u011flunun b\u00fcst\u00fcn\u00fcn a\u00e7\u0131l\u0131\u015f m\u0259rasimi olub\" \/><br \/>\nQazax Rayon \u0130cra Hakimiyy\u0259tinin ba\u015f\u00e7\u0131s\u0131 R\u0259c\u0259b Baba\u015fov \u00e7\u0131x\u0131\u015f ed\u0259r\u0259k t\u0259dbir i\u015ftirak\u00e7\u0131lar\u0131n\u0131 salamlay\u0131b v\u0259 \u0259lam\u0259tdar g\u00fcn m\u00fcnasib\u0259til\u0259 t\u0259brikl\u0259rini \u00e7atd\u0131r\u0131b. Az\u0259rbaycan \u0259d\u0259biyyat\u0131n\u0131n inki\u015faf\u0131nda \u00f6z\u00fcn\u0259m\u0259xsus xidm\u0259tl\u0259ri il\u0259 se\u00e7il\u0259n Vaqif S\u0259m\u0259do\u011flu yarad\u0131c\u0131l\u0131\u011f\u0131ndan s\u00f6z a\u00e7\u0131b. \u0130cra ba\u015f\u00e7\u0131s\u0131 g\u00f6rk\u0259mli \u015f\u0259xsiyy\u0259tin Az\u0259rbaycan\u0131n say\u0131l\u0131b se\u00e7il\u0259n ziyal\u0131lar\u0131ndan oldu\u011funu, onun h\u0259r zaman xalq t\u0259r\u0259find\u0259n sevildiyini, xidm\u0259tl\u0259rinin d\u0259 d\u00f6vl\u0259t t\u0259r\u0259find\u0259n qiym\u0259tl\u0259ndirildiyini diqq\u0259t\u0259 \u00e7atd\u0131r\u0131b.<br \/>\n<img decoding=\"async\" class=\"ttimages\" title=\"Qazaxda Xalq \u015fairi Vaqif S\u0259m\u0259do\u011flunun b\u00fcst\u00fcn\u00fcn a\u00e7\u0131l\u0131\u015f m\u0259rasimi olub\" src=\"https:\/\/avrasiya.net\/uploads\/posts\/2019-06\/1561387735_6.jpg\" alt=\"Qazaxda Xalq \u015fairi Vaqif S\u0259m\u0259do\u011flunun b\u00fcst\u00fcn\u00fcn a\u00e7\u0131l\u0131\u015f m\u0259rasimi olub\" \/><br \/>\nUlu \u00f6nd\u0259r Heyd\u0259r \u018fliyevin zaman\u0131nda V\u0259kilovlar ail\u0259sin\u0259 verdiyi d\u0259y\u0259rd\u0259n, g\u00f6st\u0259rdiyi y\u00fcks\u0259k qay\u011f\u0131dan s\u00f6z a\u00e7an rayon r\u0259hb\u0259ri bu g\u00fcn h\u0259min qay\u011f\u0131n\u0131n onun layiqli davam\u00e7\u0131lar\u0131 Prezident \u0130lham \u018fliyev v\u0259 Birinci vitse-prezident Mehriban xan\u0131m \u018fliyeva t\u0259r\u0259find\u0259n u\u011furla davam etdirildiyini bildirib.<\/p>\n<p>Rayon r\u0259hb\u0259ri Heyd\u0259r \u018fliyev Fondunun Prezidenti, Birinci vitse-prezident Mehriban xan\u0131m \u018fliyevan\u0131n t\u0259\u015f\u0259bb\u00fcs\u00fc il\u0259 Xalq \u015fairi Vaqif S\u0259m\u0259do\u011flunun 80 illik yubileyi m\u00fcnasib\u0259til\u0259 Qazaxda \u015f\u0259h\u0259rin m\u0259rk\u0259zind\u0259 yerl\u0259\u015f\u0259n &#8220;F\u0259xri qazaxl\u0131lar\u201d park\u0131nda b\u00fcst\u00fcn\u00fcn qoyulmas\u0131n\u0131 Qazax ziyal\u0131lar\u0131na veril\u0259n daha bir b\u00f6y\u00fck qiym\u0259t kimi d\u0259y\u0259rl\u0259ndirib. \u0130cra ba\u015f\u00e7\u0131s\u0131 qeyd edib ki, bu add\u0131m\u0131n at\u0131lmas\u0131 bir daha onu s\u00fcbut etdi ki, Az\u0259rbaycan \u0259d\u0259biyyat\u0131na, m\u0259d\u0259niyy\u0259tin\u0259, inc\u0259s\u0259n\u0259tin\u0259 olan d\u00f6vl\u0259t qay\u011f\u0131s\u0131 b\u00fct\u00fcn ill\u0259rd\u0259 olub v\u0259 bundan sonra da olacaqd\u0131r. \u018fn \u0259sas\u0131 da \u015fairl\u0259r\u0259, yaz\u0131\u00e7\u0131lara veril\u0259n qiym\u0259t b\u00fct\u00f6vl\u00fckd\u0259 \u0259d\u0259biyyat\u0131m\u0131za veril\u0259n qiym\u0259tdir.<br \/>\n<img decoding=\"async\" class=\"ttimages\" title=\"Qazaxda Xalq \u015fairi Vaqif S\u0259m\u0259do\u011flunun b\u00fcst\u00fcn\u00fcn a\u00e7\u0131l\u0131\u015f m\u0259rasimi olub\" src=\"https:\/\/avrasiya.net\/uploads\/posts\/2019-06\/1561387765_7.jpg\" alt=\"Qazaxda Xalq \u015fairi Vaqif S\u0259m\u0259do\u011flunun b\u00fcst\u00fcn\u00fcn a\u00e7\u0131l\u0131\u015f m\u0259rasimi olub\" \/><br \/>\nRayon r\u0259hb\u0259ri sonda Qazax M\u00fc\u0259lliml\u0259r Seminariyas\u0131n\u0131n 100 illiyi, Xalq \u015fairi \u0130smay\u0131l \u015e\u0131xl\u0131n\u0131n anadan olmas\u0131n\u0131n 100 illiyi il\u0259 \u0259laq\u0259dar veril\u0259n s\u0259r\u0259ncamlara, bu g\u00fcn Qazaxda Xalq \u015fairi Vaqif S\u0259m\u0259do\u011flunun 80 illiyi m\u00fcnasib\u0259til\u0259 b\u00fcst\u00fcn qoyulmas\u0131na g\u00f6r\u0259 \u00f6lk\u0259 ba\u015f\u00e7\u0131s\u0131 \u0130lham \u018fliyev\u0259, Heyd\u0259r \u018fliyev Fondunun prezidenti Mehriban xan\u0131m \u018fliyevaya rayon ictimaiyy\u0259ti ad\u0131ndan bir daha minn\u0259tdarl\u0131\u011f\u0131n\u0131 bildirib.<\/p>\n<p>Yuxar\u0131 Salahl\u0131 k\u0259nd sakini, Prezident t\u0259qa\u00fcd\u00e7\u00fcs\u00fc Kamal \u018fhm\u0259dov \u00e7\u0131x\u0131\u015f ed\u0259r\u0259k Az\u0259rbaycan \u0259d\u0259biyyat\u0131na, m\u0259d\u0259niyy\u0259tin\u0259, x\u00fcsusil\u0259 d\u0259 qazaxl\u0131 ziyal\u0131lara verdiyi y\u00fcks\u0259k d\u0259y\u0259r\u0259 g\u00f6r\u0259 \u00f6lk\u0259 ba\u015f\u00e7\u0131s\u0131na v\u0259 rayon r\u0259hb\u0259rliyin\u0259 t\u0259\u015f\u0259kk\u00fcr\u00fcn\u00fc \u00e7atd\u0131r\u0131b. Qazaxda b\u00fct\u00fcn yubiley t\u0259dbirl\u0259rinin, o c\u00fcml\u0259d\u0259n d\u0259 Vaqif S\u0259m\u0259do\u011flunun 80 illik yubileyinin y\u00fcks\u0259k s\u0259viyy\u0259d\u0259 qeyd olunmas\u0131n\u0131 bir a\u011fsaqqal kimi minn\u0259tdarl\u0131q hissi il\u0259 qar\u015f\u0131lad\u0131\u011f\u0131n\u0131 qeyd edib.<br \/>\n<img decoding=\"async\" class=\"ttimages\" title=\"Qazaxda Xalq \u015fairi Vaqif S\u0259m\u0259do\u011flunun b\u00fcst\u00fcn\u00fcn a\u00e7\u0131l\u0131\u015f m\u0259rasimi olub\" src=\"https:\/\/avrasiya.net\/uploads\/posts\/2019-06\/1561388097_2.jpg\" alt=\"Qazaxda Xalq \u015fairi Vaqif S\u0259m\u0259do\u011flunun b\u00fcst\u00fcn\u00fcn a\u00e7\u0131l\u0131\u015f m\u0259rasimi olub\" \/><br \/>\nAYB-nin m\u0259tbuat katibi X\u0259yal Rza \u00e7\u0131x\u0131\u015f ed\u0259r\u0259k t\u0259dbir\u0259 topla\u015fanlar\u0131 salamlay\u0131b v\u0259 AYB-nin s\u0259dri, Xalq yaz\u0131\u00e7\u0131s\u0131 Anar Rzayevin t\u0259brikl\u0259rini \u00e7atd\u0131r\u0131b. Art\u0131q 9-cu ildir ki, Az\u0259rbaycanda qeyd olunan &#8220;\u015eairl\u0259r G\u00fcn\u00fc\u201dnd\u0259n v\u0259 bu g\u00fcn m\u00fcnasib\u0259til\u0259 ke\u00e7iril\u0259n silsil\u0259 t\u0259dbirl\u0259rd\u0259n s\u00f6z a\u00e7\u0131b. Vaqif S\u0259m\u0259do\u011flunun 80 illiyin\u0259 h\u0259sr olunmu\u015f t\u0259dbirin d\u0259 h\u0259min g\u00fcnl\u0259 \u0259laq\u0259dar ke\u00e7iril\u0259n t\u0259dbirl\u0259rin davam\u0131 oldu\u011funu diqq\u0259t\u0259 \u00e7atd\u0131r\u0131b. Vaqif S\u0259m\u0259do\u011flu haqq\u0131nda xatir\u0259l\u0259rini qeyd ed\u0259n X.Rza vaxtil\u0259 onun bir kitab\u0131n\u0131n layih\u0259 r\u0259hb\u0259ri oldu\u011funu qeyd edib v\u0259 bununla q\u00fcrur duydu\u011funu dil\u0259 g\u0259tirib. Bu g\u00fcn ata yurdu olan Qazaxda qarda\u015f\u0131 Xalq yaz\u0131\u00e7\u0131s\u0131 Yusif S\u0259m\u0259do\u011flunun b\u00fcst\u00fcn\u00fcn yan\u0131nda onun da b\u00fcst\u00fcn\u00fcn qoyulmas\u0131n\u0131 Vaqif S\u0259m\u0259do\u011flu yarad\u0131c\u0131l\u0131\u011f\u0131na veril\u0259n \u0259n y\u00fcks\u0259k qiym\u0259t kimi d\u0259y\u0259rl\u0259ndirib. \u018fm\u0259yi ke\u00e7\u0259n b\u00fct\u00fcn insanlara AYB-nin r\u0259hb\u0259rliyi ad\u0131ndan t\u0259\u015f\u0259kk\u00fcrl\u0259rini \u00e7atd\u0131r\u0131b.<br \/>\n<img decoding=\"async\" class=\"ttimages\" title=\"Qazaxda Xalq \u015fairi Vaqif S\u0259m\u0259do\u011flunun b\u00fcst\u00fcn\u00fcn a\u00e7\u0131l\u0131\u015f m\u0259rasimi olub\" src=\"https:\/\/avrasiya.net\/uploads\/posts\/2019-06\/1561388082_3.jpg\" alt=\"Qazaxda Xalq \u015fairi Vaqif S\u0259m\u0259do\u011flunun b\u00fcst\u00fcn\u00fcn a\u00e7\u0131l\u0131\u015f m\u0259rasimi olub\" \/><br \/>\nQonaqlardan &#8220;Qazax\u201d Xeyriyy\u0259 \u0130ctimai Birliyinin n\u00fcmay\u0259nd\u0259si M\u0259ti Osmano\u011flu, X\u0259z\u0259r Televiziyas\u0131n\u0131n \u0259m\u0259kda\u015f\u0131 H\u0259mid Heris\u00e7i Xalq \u015fairi il\u0259 ba\u011fl\u0131 xatir\u0259l\u0259rind\u0259n s\u00f6z a\u00e7\u0131b, s\u0259mimi \u00fcr\u0259k s\u00f6zl\u0259rini \u00e7atd\u0131r\u0131blar. Vaqif S\u0259m\u0259do\u011flunun yar\u0131m \u0259srd\u0259n art\u0131q d\u00f6vr \u0259rzind\u0259 xalq\u0131m\u0131z\u0131n s\u00f6z x\u0259zin\u0259sin\u0259 d\u0259y\u0259rli t\u00f6hf\u0259l\u0259r verdiyini, onun yarad\u0131c\u0131l\u0131\u011f\u0131n\u0131n m\u00fcasir Az\u0259rbaycan \u0259d\u0259biyyat\u0131nda yeni poeziyan\u0131n x\u00fcsusi m\u0259rh\u0259l\u0259sini t\u0259\u015fkil etdiyini qeyd edibl\u0259r. Vaqif S\u0259m\u0259do\u011flunun xalq\u0131n\u0131 v\u0259 V\u0259t\u0259nini sev\u0259n b\u00f6y\u00fck \u015fair olmas\u0131ndan dan\u0131\u015f\u0131blar. &#8220;M\u0259n\u0259 ya\u015famaq yox, \u015feir yazmaq g\u0259r\u0259kdir\u201d, &#8220;M\u0259n \u015fair kimi yox, \u015feir kimi \u00f6lm\u0259k ist\u0259yir\u0259m\u201d dey\u0259n g\u00f6rk\u0259mli s\u00f6z ustad\u0131n\u0131n h\u0259mi\u015f\u0259 \u015feir\u0259, s\u0259n\u0259t\u0259 b\u00f6y\u00fck \u00f6n\u0259m verdiyini, poeziyan\u0131 daim uca tutdu\u011funu vur\u011fulay\u0131blar.<br \/>\n<img decoding=\"async\" class=\"ttimages\" title=\"Qazaxda Xalq \u015fairi Vaqif S\u0259m\u0259do\u011flunun b\u00fcst\u00fcn\u00fcn a\u00e7\u0131l\u0131\u015f m\u0259rasimi olub\" src=\"https:\/\/avrasiya.net\/uploads\/posts\/2019-06\/1561388138_4.jpg\" alt=\"Qazaxda Xalq \u015fairi Vaqif S\u0259m\u0259do\u011flunun b\u00fcst\u00fcn\u00fcn a\u00e7\u0131l\u0131\u015f m\u0259rasimi olub\" \/><br \/>\nAYB Qazax filial\u0131n\u0131n \u0259d\u0259bi m\u0259sl\u0259h\u0259t\u00e7isi Mustafa Rasimo\u011flu, AYB-nin \u00fczv\u00fc, \u015fair\u0259 Tamella Poladl\u0131 \u00e7\u0131x\u0131\u015f ed\u0259r\u0259k g\u00f6rk\u0259mli \u015fair haqq\u0131nda \u00fcr\u0259k s\u00f6zl\u0259rini bildirib ona h\u0259sr etdikl\u0259ri \u015feirl\u0259ri s\u0259sl\u0259ndiribl\u0259r.<\/p>\n<p>Bak\u0131dan qonaq olan aktyorlar Kamran Yunis v\u0259 X\u0259z\u0259r S\u00fcleymanl\u0131 da Vaqif S\u0259m\u0259do\u011flu \u015feirl\u0259rini s\u0259sl\u0259ndir\u0259r\u0259k yubiley t\u00f6hf\u0259l\u0259rini t\u0259qdim edibl\u0259r.<br \/>\n<img decoding=\"async\" class=\"ttimages\" title=\"Qazaxda Xalq \u015fairi Vaqif S\u0259m\u0259do\u011flunun b\u00fcst\u00fcn\u00fcn a\u00e7\u0131l\u0131\u015f m\u0259rasimi olub\" src=\"https:\/\/avrasiya.net\/uploads\/posts\/2019-06\/1561388201_5.jpg\" alt=\"Qazaxda Xalq \u015fairi Vaqif S\u0259m\u0259do\u011flunun b\u00fcst\u00fcn\u00fcn a\u00e7\u0131l\u0131\u015f m\u0259rasimi olub\" \/><br \/>\nA\u015f\u0131q Camoy Qurbanovun, Yuxar\u0131 Salahl\u0131 k\u0259nd tam orta m\u0259kt\u0259bin \u015fagirdl\u0259ri S\u0259rxan V\u0259liyev v\u0259 K\u0259nan Zeynalovun saz havas\u0131 \u00fcstd\u0259 t\u0259qdim etdikl\u0259ri \u015feirl\u0259r d\u0259 t\u0259dbir\u0259 daha bir r\u0259ng qat\u0131b.<br \/>\n<img decoding=\"async\" class=\"ttimages\" title=\"Qazaxda Xalq \u015fairi Vaqif S\u0259m\u0259do\u011flunun b\u00fcst\u00fcn\u00fcn a\u00e7\u0131l\u0131\u015f m\u0259rasimi olub\" src=\"https:\/\/avrasiya.net\/uploads\/posts\/2019-06\/1561388216_6.jpg\" alt=\"Qazaxda Xalq \u015fairi Vaqif S\u0259m\u0259do\u011flunun b\u00fcst\u00fcn\u00fcn a\u00e7\u0131l\u0131\u015f m\u0259rasimi olub\" \/><br \/>\nS\u0259m\u0259d Vur\u011fun Ev Muzeyinin direktoru, Vaqif S\u0259m\u0259do\u011flunun h\u0259yat yolda\u015f\u0131 N\u00fc\u015fab\u0259 V\u0259kilova \u00e7\u0131x\u0131\u015f ed\u0259r\u0259k \u00f6m\u00fcr-g\u00fcn yolda\u015f\u0131na d\u00f6vl\u0259t s\u0259viyy\u0259sind\u0259 veril\u0259n qiym\u0259ti sonsuz minn\u0259tdarl\u0131q hissi il\u0259 qar\u015f\u0131lad\u0131\u011f\u0131n\u0131 bildirib. Qeyd edib ki, bu g\u00fcn Vaqif S\u0259m\u0259do\u011flunun ata yurdunda qarda\u015f\u0131n\u0131n yan\u0131nda b\u00fcst\u00fcn\u00fcn qoyulmas\u0131 bir daha s\u00fcbut etdi ki, V\u0259kilovlar ail\u0259si h\u0259r zaman birlik n\u00fcmayi\u015f etdiribl\u0259r. S\u0259m\u0259d Vur\u011fun v\u0259 onun \u00f6vladlar\u0131 qazaxl\u0131lar\u0131, Qazax\u0131 h\u0259r zaman s\u00f6z\u00fcn q\u00fcdr\u0259ti il\u0259 y\u00fcks\u0259kd\u0259 tutublar. Bu g\u00fcn bu t\u0259dbirin y\u00fcks\u0259k s\u0259viyy\u0259d\u0259 t\u0259\u015fkil olunmas\u0131n\u0131 v\u0259 qazaxl\u0131lar\u0131n Vaqif\u0259 olan sonsuz sevgisini g\u00f6r\u0259n zaman bir daha \u0259min oldum ki, o, do\u011frudan da qazaxl\u0131lar\u0131n q\u0259lbind\u0259 \u0259b\u0259di olaraq ya\u015fay\u0131r. Bu g\u00fcn qazaxl\u0131lar t\u0259kc\u0259 dahi \u015fairimiz S\u0259m\u0259d Vur\u011funa deyil, eyni zamanda, onun \u00f6vladlar\u0131na, o c\u00fcml\u0259d\u0259n d\u0259 Vaqif\u0259 y\u00fcks\u0259k d\u0259y\u0259r verirl\u0259r.<br \/>\n<img decoding=\"async\" class=\"ttimages\" title=\"Qazaxda Xalq \u015fairi Vaqif S\u0259m\u0259do\u011flunun b\u00fcst\u00fcn\u00fcn a\u00e7\u0131l\u0131\u015f m\u0259rasimi olub\" src=\"https:\/\/avrasiya.net\/uploads\/posts\/2019-06\/1561388177_7.jpg\" alt=\"Qazaxda Xalq \u015fairi Vaqif S\u0259m\u0259do\u011flunun b\u00fcst\u00fcn\u00fcn a\u00e7\u0131l\u0131\u015f m\u0259rasimi olub\" \/><br \/>\nSonda N.V\u0259kilova Vaqif S\u0259m\u0259do\u011flunun 80 illik yubileyinin respublika s\u0259viyy\u0259sind\u0259 qeyd olunmas\u0131na g\u00f6r\u0259 \u00f6lk\u0259 ba\u015f\u00e7\u0131s\u0131 \u0130lham \u018fliyev\u0259 vaqifsev\u0259rl\u0259r ad\u0131ndan minn\u0259tdarl\u0131\u011f\u0131n\u0131 bildirib. Heyd\u0259r \u018fliyev Fondu t\u0259r\u0259find\u0259n Mehriban xan\u0131m\u0131n t\u0259\u015f\u0259bb\u00fcs\u00fc il\u0259 b\u00fcst\u00fcn qoyulmas\u0131n\u0131 y\u00fcks\u0259k minn\u0259tdarl\u0131q hissi il\u0259 qeyd ed\u0259r\u0259k bir daha sonsuz t\u0259\u015f\u0259kk\u00fcrl\u0259rini \u00e7atd\u0131r\u0131b. B\u00fcst\u00fcn qoyulmas\u0131nda \u0259m\u0259yi ke\u00e7\u0259n insanlara, h\u0259m\u00e7inin, b\u00fcst\u00fcn heyk\u0259ltara\u015f\u0131 olan Kamran \u018fs\u0259dova minn\u0259tdarl\u0131\u011f\u0131n\u0131 \u00e7atd\u0131r\u0131b. T\u0259dbirin bel\u0259 y\u00fcks\u0259k s\u0259viyy\u0259d\u0259 t\u0259\u015fkilin\u0259 g\u00f6r\u0259 rayon r\u0259hb\u0259rliyin\u0259 raz\u0131l\u0131\u011f\u0131n\u0131 bildirib.<br \/>\n<img decoding=\"async\" class=\"ttimages\" title=\"Qazaxda Xalq \u015fairi Vaqif S\u0259m\u0259do\u011flunun b\u00fcst\u00fcn\u00fcn a\u00e7\u0131l\u0131\u015f m\u0259rasimi olub\" src=\"https:\/\/avrasiya.net\/uploads\/posts\/2019-06\/1561388238_8.jpg\" alt=\"Qazaxda Xalq \u015fairi Vaqif S\u0259m\u0259do\u011flunun b\u00fcst\u00fcn\u00fcn a\u00e7\u0131l\u0131\u015f m\u0259rasimi olub\" \/><br \/>\nY\u00fcks\u0259k \u0259hval-ruhiyy\u0259d\u0259 ke\u00e7\u0259n t\u0259dbirin sonunda i\u015ftirak\u00e7\u0131lar xatir\u0259 \u015f\u0259kill\u0259ri \u00e7\u0259kdiribl\u0259r.<br \/>\n<img decoding=\"async\" class=\"ttimages\" title=\"Qazaxda Xalq \u015fairi Vaqif S\u0259m\u0259do\u011flunun b\u00fcst\u00fcn\u00fcn a\u00e7\u0131l\u0131\u015f m\u0259rasimi olub\" src=\"https:\/\/avrasiya.net\/uploads\/posts\/2019-06\/1561388295_9.jpg\" alt=\"Qazaxda Xalq \u015fairi Vaqif S\u0259m\u0259do\u011flunun b\u00fcst\u00fcn\u00fcn a\u00e7\u0131l\u0131\u015f m\u0259rasimi olub\" \/><br \/>\n<img decoding=\"async\" class=\"ttimages\" title=\"Qazaxda Xalq \u015fairi Vaqif S\u0259m\u0259do\u011flunun b\u00fcst\u00fcn\u00fcn a\u00e7\u0131l\u0131\u015f m\u0259rasimi olub\" src=\"https:\/\/avrasiya.net\/uploads\/posts\/2019-06\/1561387323_1.jpg\" alt=\"Qazaxda Xalq \u015fairi Vaqif S\u0259m\u0259do\u011flunun b\u00fcst\u00fcn\u00fcn a\u00e7\u0131l\u0131\u015f m\u0259rasimi olub\" \/><\/div>\n<\/div>\n<p class=\"bawpvc-ajax-counter\" data-id=\"12774\">Yaz\u0131ya 477 d\u0259f\u0259 bax\u0131l\u0131b<\/p>\n","protected":false},"excerpt":{"rendered":"<p>Qazaxda Xalq \u015fairi Vaqif S\u0259m\u0259do\u011flunun b\u00fcst\u00fcn\u00fcn a\u00e7\u0131l\u0131\u015f m\u0259rasimi olub B\u00fct\u00fcn d\u00fcnyada Q\u0259rbin qap\u0131s\u0131 kimi tan\u0131nan Qazax h\u0259m d\u0259 saz\u0131n, s\u00f6z\u00fcn q\u00fcdr\u0259ti il\u0259 \u00f6z s\u00f6z\u00fcn\u00fc dem\u0259yi bacar\u0131b. Tarixi \u015f\u0259xsiyy\u0259tl\u0259ri, Xalq \u015fairl\u0259ri, yaz\u0131\u00e7\u0131lar\u0131, a\u015f\u0131q, ozan s\u0259n\u0259tinin n\u0259h\u0259ngl\u0259ri il\u0259 s\u0259s sal\u0131b b\u00fct\u00fcn al\u0259m\u0259, yax\u0131na, uza\u011fa. Bu diyarda s\u00f6z\u0259 veril\u0259n qiym\u0259t, saza olan h\u00f6rm\u0259t h\u0259r zaman y\u00fcks\u0259k s\u0259viyy\u0259d\u0259 olub. [&hellip;]<\/p>\n","protected":false},"author":1,"featured_media":12776,"comment_status":"closed","ping_status":"closed","sticky":false,"template":"","format":"standard","meta":[],"categories":[4,3,21],"tags":[],"_links":{"self":[{"href":"https:\/\/kultur.az\/index.php?rest_route=\/wp\/v2\/posts\/12774"}],"collection":[{"href":"https:\/\/kultur.az\/index.php?rest_route=\/wp\/v2\/posts"}],"about":[{"href":"https:\/\/kultur.az\/index.php?rest_route=\/wp\/v2\/types\/post"}],"author":[{"embeddable":true,"href":"https:\/\/kultur.az\/index.php?rest_route=\/wp\/v2\/users\/1"}],"replies":[{"embeddable":true,"href":"https:\/\/kultur.az\/index.php?rest_route=%2Fwp%2Fv2%2Fcomments&post=12774"}],"version-history":[{"count":1,"href":"https:\/\/kultur.az\/index.php?rest_route=\/wp\/v2\/posts\/12774\/revisions"}],"predecessor-version":[{"id":12777,"href":"https:\/\/kultur.az\/index.php?rest_route=\/wp\/v2\/posts\/12774\/revisions\/12777"}],"wp:featuredmedia":[{"embeddable":true,"href":"https:\/\/kultur.az\/index.php?rest_route=\/wp\/v2\/media\/12776"}],"wp:attachment":[{"href":"https:\/\/kultur.az\/index.php?rest_route=%2Fwp%2Fv2%2Fmedia&parent=12774"}],"wp:term":[{"taxonomy":"category","embeddable":true,"href":"https:\/\/kultur.az\/index.php?rest_route=%2Fwp%2Fv2%2Fcategories&post=12774"},{"taxonomy":"post_tag","embeddable":true,"href":"https:\/\/kultur.az\/index.php?rest_route=%2Fwp%2Fv2%2Ftags&post=12774"}],"curies":[{"name":"wp","href":"https:\/\/api.w.org\/{rel}","templated":true}]}}