{"id":12820,"date":"2019-07-20T14:05:06","date_gmt":"2019-07-20T09:05:06","guid":{"rendered":"http:\/\/kultur.az\/?p=12820"},"modified":"2019-07-20T14:05:06","modified_gmt":"2019-07-20T09:05:06","slug":"hulya-sezgin-ofkeliyim","status":"publish","type":"post","link":"https:\/\/kultur.az\/?p=12820","title":{"rendered":"H\u00fclya Sezgin &#8211; \u00d6fkeliyim!.."},"content":{"rendered":"<p><a href=\"http:\/\/kultur.az\/wp-content\/uploads\/2014\/06\/hulya.jpg\"><img decoding=\"async\" loading=\"lazy\" class=\"alignleft size-medium wp-image-5758\" src=\"http:\/\/kultur.az\/wp-content\/uploads\/2014\/06\/hulya-227x300.jpg\" alt=\"hulya\" width=\"227\" height=\"300\" srcset=\"https:\/\/kultur.az\/wp-content\/uploads\/2014\/06\/hulya-227x300.jpg 227w, https:\/\/kultur.az\/wp-content\/uploads\/2014\/06\/hulya.jpg 477w\" sizes=\"(max-width: 227px) 100vw, 227px\" \/><\/a>Sosyal medya iyi ho\u015f da&#8230;<\/p>\n<p>Bir \u015feyi amac\u0131na uygun kullanmay\u0131 bilmeyenleri;<\/p>\n<p>Kurallar\u0131 okumayanlar\u0131, okudu\u011funu anlamayanlar\u0131, anlasa da takmayanlar\u0131 g\u00f6rd\u00fck\u00e7e \u00f6fkeliyim&#8230;<\/p>\n<p>Facebook&#8217;da &#8216;plajda fink at\u0131yorum&#8217; g\u00f6rg\u00fcs\u00fczl\u00fc\u011f\u00fc ile c\u00fcmle alemi \u00e7atlatmak hevesi ile ayaklar\u0131n\u0131n foto\u011fraf\u0131n\u0131 \u00e7ekip payla\u015fma\u00a0sayg\u0131s\u0131zl\u0131\u011f\u0131n\u0131 yapanlara \u00f6fkeliyim&#8230;<\/p>\n<p>Hi\u00e7 tan\u0131mad\u0131\u011f\u0131 halde, evli barkl\u0131 kad\u0131nlara hi\u00e7 bir davetkar davran\u0131\u015f\u0131 olmad\u0131\u011f\u0131 halde, k\u0131rk y\u0131ll\u0131k arkada\u015f\u0131 imi\u015f gibi, \u00f6zel mesajdan \u00e7i\u00e7ek, b\u00f6cek ve de kelebek g\u00f6nderenlere acayip \u00f6fkeliyim&#8230;<\/p>\n<p>A\u00e7\u0131lan WhatsApp gruplar\u0131nda, a\u00e7\u0131l\u0131rken bir bir amac\u0131 ve kurallar\u0131 s\u0131raland\u0131\u011f\u0131 halde ve arada uymayanlar\u0131 &#8220;belki okumam\u0131\u015flard\u0131r&#8221; diye nazik bir dille uyar\u0131da bulunuldu\u011fu h\u00e2lde &#8220;Hay\u0131r, ben biraz anlama \u00f6z\u00fcrl\u00fcy\u00fcm&#8221; dercesine inad\u0131na inad\u0131na kurallar\u0131 ihlal eden kimselere de \u00f6fkeliyim&#8230;<\/p>\n<p>Allah sanki onu bu konuda memur tayin etmi\u015f gibi ve dinimiz kurallar\u0131nda &#8220;Din, kul ile Allah aras\u0131ndad\u0131r&#8221; diye a\u00e7\u0131k a\u00e7\u0131k dendi\u011fi halde, ba\u015fkalar\u0131na kar\u0131\u015fanlara ve ne kadar dindar oldu\u011funu g\u00f6z\u00fcm\u00fcze sokmaya \u00e7al\u0131\u015fanlara \u00e7ok \u00f6fkeliyim. Hatta b\u00f6ylelerinden &#8216;Acaba ne yanl\u0131\u015f\u0131 var da \u00f6rtmeye \u00e7al\u0131\u015f\u0131yor?&#8217; diye de acayip \u015f\u00fcpheliyim&#8230;<\/p>\n<p>Yaradan her g\u00fcn\u00fc hay\u0131rl\u0131 yaratm\u0131\u015f olup, g\u00fcn insanlar\u0131n davran\u0131\u015f\u0131na g\u00f6re hay\u0131rl\u0131 ya da hay\u0131rs\u0131z oldu\u011fu halde, yaradana &#8220;Sen bir cumay\u0131 hay\u0131rl\u0131 k\u0131lm\u0131\u015fs\u0131n&#8221; der gibi habire &#8220;Hay\u0131rl\u0131 cumalar&#8221; diyenlere de \u00f6fkeliyim&#8230;<\/p>\n<p>Facebook&#8217;ta &#8220;Bak ben ne kadar g\u00fczelim&#8221; pozlar\u0131 veren ve kendini h\u00e2l\u00e2 \u00e7\u0131t\u0131r sanan a\u00e7\u0131k dekolteli hatunlara, ne kadar atletik bir v\u00fccuda sahip oldu\u011fu pozunu payla\u015fan kart ke\u00e7ilere de \u00f6fkeliyim&#8230;<\/p>\n<p>Buzdolab\u0131 bo\u015f olup, evinde do\u011fru d\u00fcr\u00fcst yemek yapmazken; bu ekonomik krizde kocas\u0131 bor\u00e7larla, hacizlerle cebelle\u015fen hatunlar\u0131n pahal\u0131 lokantalarda neler yedi\u011fini g\u00f6zlerimize sokmalar\u0131\u00a0durumuna daha da \u00f6fkeliyim&#8230;<\/p>\n<p>Yatacak yer bile bulamazken \u00fc\u00e7 be\u015f \u00e7ocuk yapan, d\u00fczeni bozan, \u00e7\u0131kard\u0131klar\u0131 kavga ve \u00e7at\u0131\u015fmalarla da\u011fdan gelip ba\u011fdakini kovmaya \u00e7al\u0131\u015fan; Bayram ziyaretine gidip sanki memleketi buras\u0131 imi\u015f gibi geri d\u00f6nen Suriyeliler&#8217;e de \u00f6fkeliyim&#8230;<\/p>\n<p>Bizim ku\u015fa\u011fa &#8220;Ekmek nimettir&#8221; diye sofradan k\u0131r\u0131nt\u0131lar\u0131n\u0131 tek tek toplat\u0131p, \u00f6n\u00fcm\u00fcze konulan her yeme\u011fi &#8220;Onu bulamayan da var&#8221; diye \u015f\u00fckredip yememiz \u00f6\u011fretilirken, televizyonlardaki yemek yar\u0131\u015fmalar\u0131nda s\u0131rf kazanmak u\u011fruna yemeklerin k\u00f6t\u00fclenmesine, yapanlar\u0131na te\u015fekk\u00fcr etmek yerine, eme\u011fe ve nimete sayg\u0131 duymay\u0131p nank\u00f6rce k\u00f6t\u00fc s\u00f6zler s\u00f6ylenmesine de daha \u00f6fkeliyim&#8230;<\/p>\n<p>Kazanmak u\u011fruna \u00e7e\u015fitli yar\u0131\u015fmalarda gelinle kaynanan\u0131n, yar\u0131\u015fanlar\u0131n, kar\u0131-kocan\u0131n, arkada\u015flar\u0131n birbiri ile kavga etmesine, ba\u011f\u0131r\u0131p \u00e7a\u011f\u0131rmas\u0131na da \u00f6fkeliyim&#8230;<\/p>\n<p>\u0130\u015fini bitirdikten sonra eline bir kitap al\u0131p okumak yerine bu sa\u00e7ma ve zararl\u0131 programlar\u0131 seyredenlere de \u00f6fkeliyim&#8230;<\/p>\n<p>Rant u\u011fruna o g\u00fczel ormanlar\u0131 yakanlara; onca yanan kurt, ku\u015f, b\u00f6cek ve hayvan\u0131 saymadan &#8220;\u00c7ok \u015f\u00fck\u00fcr can kayb\u0131m\u0131z yok!&#8221; diyenlere, sonra da bunun sonucu olarak meydana gelen mevsim sapmas\u0131, sel felaketi, a\u015f\u0131r\u0131 s\u0131cak gibi durumlardan (sanki sebebi bizmi\u015fiz gibi) \u015fikayet edenlere de \u00f6fkeliyim&#8230;<\/p>\n<p>\u00c7ok kereler \u00e7ald\u0131\u011f\u0131 halde a\u00e7\u0131lmayan telefonlara ise deli gibi \u00f6fkeliyim&#8230;<\/p>\n<p>Neyse en iyisi ben resim yapay\u0131m&#8230;<\/p>\n<p>\u015euraya da bir \u00e7i\u00e7ek konduray\u0131m&#8230;<\/p>\n<p>Kaynak: <a href=\"http:\/\/www.ortakses.com\/ofkeliyim-2984yy.htm?fbclid=IwAR1LeV9AWi_2bL0aQHwTClE6feupUBJPGlGiTdufRdgTGNb9bky352Q82ls\" target=\"_blank\">\u00d6fkeliyim!.. &#8211; H\u00fclya SEZG\u0130N<\/a><\/p>\n<p class=\"bawpvc-ajax-counter\" data-id=\"12820\">Yaz\u0131ya 482 d\u0259f\u0259 bax\u0131l\u0131b<\/p>\n","protected":false},"excerpt":{"rendered":"<p>Sosyal medya iyi ho\u015f da&#8230; Bir \u015feyi amac\u0131na uygun kullanmay\u0131 bilmeyenleri; Kurallar\u0131 okumayanlar\u0131, okudu\u011funu anlamayanlar\u0131, anlasa da takmayanlar\u0131 g\u00f6rd\u00fck\u00e7e \u00f6fkeliyim&#8230; Facebook&#8217;da &#8216;plajda fink at\u0131yorum&#8217; g\u00f6rg\u00fcs\u00fczl\u00fc\u011f\u00fc ile c\u00fcmle alemi \u00e7atlatmak hevesi ile ayaklar\u0131n\u0131n foto\u011fraf\u0131n\u0131 \u00e7ekip payla\u015fma\u00a0sayg\u0131s\u0131zl\u0131\u011f\u0131n\u0131 yapanlara \u00f6fkeliyim&#8230; Hi\u00e7 tan\u0131mad\u0131\u011f\u0131 halde, evli barkl\u0131 kad\u0131nlara hi\u00e7 bir davetkar davran\u0131\u015f\u0131 olmad\u0131\u011f\u0131 halde, k\u0131rk y\u0131ll\u0131k arkada\u015f\u0131 imi\u015f gibi, \u00f6zel [&hellip;]<\/p>\n","protected":false},"author":1,"featured_media":5758,"comment_status":"closed","ping_status":"closed","sticky":false,"template":"","format":"standard","meta":[],"categories":[6,4],"tags":[],"_links":{"self":[{"href":"https:\/\/kultur.az\/index.php?rest_route=\/wp\/v2\/posts\/12820"}],"collection":[{"href":"https:\/\/kultur.az\/index.php?rest_route=\/wp\/v2\/posts"}],"about":[{"href":"https:\/\/kultur.az\/index.php?rest_route=\/wp\/v2\/types\/post"}],"author":[{"embeddable":true,"href":"https:\/\/kultur.az\/index.php?rest_route=\/wp\/v2\/users\/1"}],"replies":[{"embeddable":true,"href":"https:\/\/kultur.az\/index.php?rest_route=%2Fwp%2Fv2%2Fcomments&post=12820"}],"version-history":[{"count":1,"href":"https:\/\/kultur.az\/index.php?rest_route=\/wp\/v2\/posts\/12820\/revisions"}],"predecessor-version":[{"id":12821,"href":"https:\/\/kultur.az\/index.php?rest_route=\/wp\/v2\/posts\/12820\/revisions\/12821"}],"wp:featuredmedia":[{"embeddable":true,"href":"https:\/\/kultur.az\/index.php?rest_route=\/wp\/v2\/media\/5758"}],"wp:attachment":[{"href":"https:\/\/kultur.az\/index.php?rest_route=%2Fwp%2Fv2%2Fmedia&parent=12820"}],"wp:term":[{"taxonomy":"category","embeddable":true,"href":"https:\/\/kultur.az\/index.php?rest_route=%2Fwp%2Fv2%2Fcategories&post=12820"},{"taxonomy":"post_tag","embeddable":true,"href":"https:\/\/kultur.az\/index.php?rest_route=%2Fwp%2Fv2%2Ftags&post=12820"}],"curies":[{"name":"wp","href":"https:\/\/api.w.org\/{rel}","templated":true}]}}