{"id":13209,"date":"2019-10-22T23:52:09","date_gmt":"2019-10-22T18:52:09","guid":{"rendered":"http:\/\/kultur.az\/?p=13209"},"modified":"2019-10-22T23:52:09","modified_gmt":"2019-10-22T18:52:09","slug":"hulya-sezgin-cankirida-bir-ilki-basardik","status":"publish","type":"post","link":"https:\/\/kultur.az\/?p=13209","title":{"rendered":"H\u00fclya SEZG\u0130N &#8211; \u00c7ank\u0131r\u0131\u2019da bir ilki ba\u015fard\u0131k\u2026"},"content":{"rendered":"<article>\n<div>\n<p><a href=\"http:\/\/kultur.az\/wp-content\/uploads\/2014\/06\/hulya.jpg\"><img decoding=\"async\" loading=\"lazy\" class=\"alignleft size-medium wp-image-5758\" src=\"http:\/\/kultur.az\/wp-content\/uploads\/2014\/06\/hulya-227x300.jpg\" alt=\"hulya\" width=\"227\" height=\"300\" srcset=\"https:\/\/kultur.az\/wp-content\/uploads\/2014\/06\/hulya-227x300.jpg 227w, https:\/\/kultur.az\/wp-content\/uploads\/2014\/06\/hulya.jpg 477w\" sizes=\"(max-width: 227px) 100vw, 227px\" \/><\/a>&#8220;Nerelisin?&#8221; sorusuna \u00c7ank\u0131r\u0131l\u0131y\u0131m&#8221; dedi\u011fimde &#8220;Ankara \u00c7ankaya m\u0131, Ankara \u00c7ank\u0131r\u0131 m\u0131, nerede?&#8221; diye sorularla kar\u015f\u0131la\u015ft\u0131\u011f\u0131mda \u00e7ok inciniyordum. Bir festivale gidip de d\u00f6nd\u00fc\u011f\u00fcmde uzun s\u00fcre arkada\u015flar\u0131ma oralar\u0131 anlatt\u0131\u011f\u0131m\u0131 ve b\u00f6ylece daha ak\u0131lda kal\u0131c\u0131 ve tan\u0131t\u0131c\u0131 oldu\u011funu fark ettim. D\u00fc\u015f\u00fcnd\u00fcm ki ben de \u00c7ank\u0131r\u0131&#8217;m\u0131zda bir sanat \u00e7al\u0131\u015ftay\u0131 yaparsam hi\u00e7 olmazsa sanat \u00e7evresinde kal\u0131c\u0131 bir tan\u0131t\u0131m olur, ben de bu sorulardan kurtulurum&#8230;<\/p>\n<p>Ayn\u0131 zamanda gelen sanat\u00e7\u0131 arkada\u015flar\u0131m\u0131n yapt\u0131klar\u0131 eserler \u00c7ank\u0131r\u0131\u2019m\u0131za hediye kal\u0131rken, d\u00f6nd\u00fcklerinde de uzun s\u00fcre sohbetlerine konu edeceklerinden emindim. Ki\u015fi kendinden bilir i\u015fi hesab\u0131&#8230;\u00a0E sosyal medyan\u0131n da g\u00fcc\u00fc az\u0131msanamaz hani g\u00fcn\u00fcm\u00fczde. Her bir arkada\u015f\u0131m sayfas\u0131nda gezdikleri yerleri, ya\u015fad\u0131klar\u0131 g\u00fczellikleri, k\u00fclt\u00fcr\u00fcm\u00fcz\u00fc, y\u00f6resel de\u011ferlerimizi payla\u015ft\u0131k\u00e7a b\u00fcy\u00fck bir nitelikli gruba ula\u015facakt\u0131&#8230;<\/p>\n<p>Bu d\u00fc\u015f\u00fc kural\u0131 on y\u0131l kadar oldu\u011fu halde, b\u00fct\u00fcn \u00e7abalar\u0131ma kar\u015f\u0131n bir t\u00fcrl\u00fc hayalimi ger\u00e7ekle\u015ftiremiyordum. Taaa ki bu y\u0131l \u0130zmir Karaburun&#8217;a e\u015fim Hikmet beni gezmeye g\u00f6t\u00fcrene kadar. Sahilde bir kafede tan\u0131d\u0131k bir y\u00fcz&#8230;&#8221;Ay\u015fen&#8221; diye seslendim, &#8220;Efendim H\u00fclya abla&#8221; diyerek ko\u015ftu, sar\u0131ld\u0131k. Ay\u015fen \u00c7ank\u0131r\u0131 Vakf\u0131 ba\u015fkan\u0131 Mustafa Can&#8217;\u0131n e\u015fi&#8230; O\u00a0da yan\u0131nda. Buyur ettiler, \u00e7ay i\u00e7erken hayalimi anlatt\u0131m. Keyifli sohbetimizden ayr\u0131l\u0131rken \u00e7al\u0131\u015ftay\u0131n tarihini bile tespit etmi\u015ftik. Vak\u0131f Ba\u015fkan Yard\u0131mc\u0131s\u0131 \u00d6mer Bezci ertesi g\u00fcn arad\u0131, projeyi anlatt\u0131m. &#8220;Abla bu konunun bileni sensin. Sen ne dersen biz onu yapar\u0131z&#8221; dedi. Bu yapt\u0131\u011f\u0131m on birinci uluslararas\u0131 resim \u00e7al\u0131\u015ftay\u0131 idi, fakat bu kadar rahat ve \u00f6zg\u00fcr ilk kez \u00e7al\u0131\u015ft\u0131m. \u00d6yle ki a\u011fz\u0131mdan \u00e7\u0131kan harfine kadar yerine geldi. Sa\u011f olsun de\u011ferli karde\u015fim \u00d6mer L\u00fctf\u00fc \u00d6zen\u00e7&#8217;in &#8220;Abla korkma, tam bir proje adam\u0131d\u0131r&#8221; dedi\u011fi kadar, hatta fazlas\u0131 vard\u0131 \u00d6mer Bezci&#8217;de. Kaptan Mustafa Can&#8217;da &#8220;Abla vak\u0131f arac\u0131l\u0131\u011f\u0131 ile yapamazsak ben yapaca\u011f\u0131m, ba\u015fla \u00e7al\u0131\u015fmalar\u0131na&#8221; diyerek tam destekli g\u00fcvence verdi. Eh bundan iyisi \u015eam&#8217;da kay\u0131s\u0131&#8230; K\u00f6r istemi\u015f Allah\u2019tan bir g\u00f6z, Allah vermi\u015f iki g\u00f6z\u2026 b\u00f6yle olunca sonu\u00e7 da m\u00fckemmel oldu elbet. \u00d6mer Bezci &#8220;Bu i\u015fi bilen sensin abla&#8221; dese de kimi zaman benim akl\u0131ma gelmeyen ya da &#8220;Aman idare ediverelim&#8221; diye d\u00fc\u015f\u00fcnd\u00fc\u011f\u00fcm pek \u00e7ok \u015feyi d\u00f6rt d\u00f6rtl\u00fck yapt\u0131. Elim kolum oldu. B\u00f6yle d\u00fcr\u00fcst, b\u00f6yle \u00e7al\u0131\u015fkan ve memleket sevdal\u0131s\u0131 iki\u00a0karde\u015fim daha oldu bu \u00e7al\u0131\u015ftayla birlikte. Biri \u00d6mer Bezci, biri Kaptan Mustafa Can&#8230;\u00a0 Bu \u00e7al\u0131\u015ftay ile ilde\u015flerimle daha \u00e7ok yak\u0131nla\u015ft\u0131m, kayna\u015ft\u0131m, sevdim. \u015eimdi art\u0131k onlarla her t\u00fcrl\u00fc \u00e7al\u0131\u015fmaya g\u00f6z\u00fcm kapal\u0131 var\u0131m&#8230;<\/p>\n<p>Bu t\u00fcr organizasyon kolay bir \u015fey de\u011fil. O kadar insan\u0131 bir araya topla; yemesini, i\u00e7mesini, gezmesini, planla&#8230; \u00c7al\u0131\u015faca\u011f\u0131 malzeme&#8230; Rengi, markas\u0131&#8230; On g\u00fcn ayn\u0131 ortam\u0131, ayn\u0131 havay\u0131 soluyacaks\u0131n\u0131z. Kat\u0131lacak sanat\u00e7\u0131 arkada\u015flar hem iyi insan, hem iyi ressam, hem de uyumlu olmal\u0131\u2026 Ve arkada\u015flar\u0131m\u0131n hepsi \u00f6yle idi\u2026<\/p>\n<p>\u0130ran\u2019dan Vedut Moazzen, Kazakistan\u2019dan Esengali Sadyrbayev, Bulgaristan\u2019dan Aynur Mahmudova Kaplan kat\u0131l\u0131rken T\u00fcrkiye\u2019den G\u00fcltekin Serbest, Funda A\u00e7\u0131kg\u00f6z, Ziver Kaplan, Zehra Sengir, Sena Sengir, Mine Sarm\u0131\u015f, Ay\u015fen Can ve bendim \u201cT\u00fcrk D\u00fcnyas\u0131 \u00c7ank\u0131r\u0131 Resim \u00c7al\u0131\u015ftay\u0131\u201dna kat\u0131lan sanat\u00e7\u0131 olarak&#8230;<\/p>\n<p>B\u00fct\u00fcn hummal\u0131 \u00e7al\u0131\u015fmalar sonucu sonunda bir araya geldik. \u00c7ank\u0131r\u0131\u2019m\u0131z\u0131n y\u00fcz a\u011fartan oteli Ko\u00e7 Otel\u2019e yerle\u015ftik.\u00a0Aynur\u2019un \u00f6nerisi ile at\u00f6lyeyi otelde d\u00fczenlemeye karar verdik. B\u00f6ylece d\u0131\u015far\u0131da ayarlayaca\u011f\u0131m\u0131z at\u00f6lyeye gidi\u015f-geli\u015f zaman\u0131ndan tasarruf edecek ve gezip e\u011flenmeye daha \u00e7ok vakit ay\u0131rabilecektik. Sa\u011f olsun otelin m\u00fcd\u00fcr\u00fc Serhat Uysal bey izin verdi, ikinci kat salonunu d\u00fczenledik. Sonraki g\u00fcnlerde personel de sanki ailedenmi\u015fiz gibi bize yak\u0131n ve g\u00fclery\u00fczl\u00fc davrand\u0131lar. \u0130lk ak\u015fam Belediye Ba\u015fkan\u0131m\u0131z \u0130smail Hakk\u0131 Esen bey ve zarif e\u015fi Bet\u00fcl han\u0131m incelik g\u00f6stererek ziyaretimize geldiler, yemek e\u015fli\u011finde g\u00fczel sohbetler yapt\u0131k.<\/p>\n<p>Yerle\u015fme fasl\u0131 bittikten sonra s\u0131ra geldi \u00c7ank\u0131r\u0131\u2019m\u0131z\u0131 gezmeye. O kadar \u00e7ok gezilesi, g\u00f6r\u00fclesi do\u011fal ve k\u00fclt\u00fcrel de\u011ferlerimiz var ki\u2026 Hepsini gezmeye zaman\u0131m\u0131z inan\u0131n yetmedi.<\/p>\n<p>Be\u015f bin y\u0131ll\u0131k Tuz Ma\u011faras\u0131, \u00c7ivit\u00e7io\u011flu Medresesi, Tarihi \u00c7ama\u015f\u0131rhane M\u00fczesi, Radyo ve \u0130leti\u015fim M\u00fczesi, Ta\u015f Mescit, \u00c7ank\u0131r\u0131 Kalesi, Kad\u0131n\u00e7ay\u0131r\u0131, Kur\u015funlu, Orta, Devrez \u00e7ay\u0131, Ilgaz, Kaya mezarlar\u0131, Peri bacalar\u0131, \u00c7ank\u0131r\u0131\u2019n\u0131n tarihi sokaklar\u0131n\u0131 ve evlerini gezdik bir bir. Bu arada pek \u00e7ok y\u00f6resel tad\u0131m\u0131z\u0131 da tatt\u0131rmay\u0131 ihmal etmedik. Sarm\u0131sakl\u0131 etten yumurta tatl\u0131s\u0131na, \u00e7i\u00e7ek bamya \u00e7orbas\u0131na kadar hepimiz bay\u0131la bay\u0131la yedik.<\/p>\n<p>Cam terastan doyumsuz \u00c7ank\u0131r\u0131 manzaras\u0131 seyretmek pek g\u00fczeldi ama yine de \u00fcst\u00fcnde iken cam k\u0131r\u0131l\u0131verir mi diye t\u0131rsmad\u0131m desem yalan olur&#8230;<\/p>\n<p>Sonra arkada\u015flar\u0131m bu g\u00fczellikleri tablolar\u0131na yans\u0131tt\u0131lar. Bu arada \u00e7ok \u00f6nemli bir konuya da de\u011finmeden ge\u00e7emeyece\u011fim. Bu yap\u0131lan resimler m\u00fczayede ile \u0130stanbul\u2019da sat\u0131lacak ve elde edilen gelir \u00c7ank\u0131r\u0131 Vakf\u0131 taraf\u0131ndan alt\u0131 y\u00fcz \u00e7ocu\u011fa burs olarak verilecek. Yani \u00e7al\u0131\u015ftay\u0131m\u0131z \u00c7ank\u0131r\u0131\u2019m\u0131z\u0131n tan\u0131t\u0131m\u0131ndan \u00f6te sosyal bir amaca da hizmet ediyordu. B\u00fct\u00fcn arkada\u015flar\u0131m sa\u011f olsunlar, hep var\u0131m olsunlar muhte\u015fem eserler \u00e7al\u0131\u015ft\u0131lar&#8230;<\/p>\n<p>Eskiden kad\u0131nlar\u0131m\u0131z\u0131n toplu halde \u00e7ama\u015f\u0131r y\u0131kad\u0131klar\u0131 Tarihi \u00c7ama\u015f\u0131rhane harika bir m\u00fcze ve sergi salonuna d\u00f6n\u00fc\u015fm\u00fc\u015f. Sorumlu g\u00f6revlili\u011fini\u00a0de\u00a0Ayd\u0131nl\u0131 \u00c7ank\u0131r\u0131 gelinimiz Arzu \u00c7etin Akyol \u00fcstlenmi\u015f. On yedi y\u0131l olmu\u015f \u00c7ank\u0131r\u0131\u2019ya gelin geleli. Ama art\u0131k o bir \u00c7ank\u0131r\u0131l\u0131&#8230;\u00a0O \u00c7ank\u0131r\u0131\u2019y\u0131, \u00c7ank\u0131r\u0131l\u0131lar da onu seviyor. Sokakta ay\u0131rt etmeden herkese sevgiyle selam vermeden ge\u00e7miyor. \u00d6yle candan, \u00f6yle becerikli&#8230;\u00a0\u00c7ama\u015f\u0131rhaneyi gezdirirken b\u00fct\u00fcn bilgileri, \u00f6yk\u00fclerine kadar anlatt\u0131 bize sa\u011f olsun&#8230;\u00a0&#8216;Kom\u015fu kom\u015funun k\u00fcl\u00fcne muhta\u00e7&#8217; s\u00f6z\u00fc \u00f6rne\u011fin&#8230; Eskiden deterjan yokken \u00e7ama\u015f\u0131rlar k\u00fcl ile y\u0131kan\u0131rm\u0131\u015f ve k\u00fcl\u00fc kalmayan kom\u015fudan istermi\u015f de ondan&#8230; Ayn\u0131 zamanda oraya gelen kad\u0131nlar yaln\u0131z \u00e7ama\u015f\u0131r y\u0131kamaz kaynanas\u0131ndan, kocas\u0131ndan, eltisinden de dert yanarm\u0131\u015f&#8230; Yani bir anlamda terapi, sosyalle\u015fme alan\u0131 imi\u015f \u00e7ama\u015f\u0131rhaneler ve daha pek \u00e7ok ho\u015f \u00f6yk\u00fc&#8230;\u00a0Esengali ve Aynur sergilenen objelerden bir kompozisyon \u00e7al\u0131\u015f\u0131rken, Funda, \u00c7ank\u0131r\u0131 kap\u0131 tokmaklar\u0131n\u0131 konu ald\u0131. G\u00fcltekin, \u00c7ank\u0131r\u0131 Kalesini, Ziver Orta beldesinin resmini \u00e7al\u0131\u015ft\u0131. Zehra, Sena ve Mine ve Ay\u015fen de yine \u00c7ank\u0131r\u0131\u2019m\u0131z\u0131 konu ald\u0131lar. Mandra Filozofu filminin g\u00f6r\u00fcnt\u00fc y\u00f6netmeni Atilla Akt\u00fcrk ise her an\u0131m\u0131z\u0131n filmini \u00e7ekti bir bir sinema filmi \u00e7ekme titizli\u011finde. \u00c7al\u0131\u015ftay\u0131m\u0131z \u00e7ok yak\u0131nda belgesel olacak&#8230;<\/p>\n<p>Belediyemizden R\u0131fat Oru\u00e7 hep foto\u011fraflar\u0131m\u0131z\u0131 \u00e7ekti, kaptan \u015fof\u00f6r\u00fcm\u00fcz Murat ise da\u011f bay\u0131r demedi bizi ustal\u0131kla gezdirdi sa\u011f olsun&#8230;<\/p>\n<p>\u00c7ocuklu\u011fumun an\u0131lar\u0131nda yer alan, annemin b\u00fcy\u00fcd\u00fc\u011f\u00fc ve bug\u00fcn Radyo M\u00fczesi olarak kullan\u0131lan Sar\u0131kad\u0131lar Kona\u011f\u0131\u2019nda g\u00f6revli Nazmiye de ayn\u0131 \u015fekilde sevgi ile her \u015feyi tek tek anlatt\u0131, bilgilendirdi bizi. Nazmiye\u2019yi iki y\u0131l \u00f6nce \u00c7ank\u0131r\u0131\u2019ya gitti\u011fimde tan\u0131m\u0131\u015ft\u0131m. O da beni g\u00f6r\u00fcr g\u00f6rmez tan\u0131d\u0131 ve \u201cH\u00fclya ablam\u201d diye boynuma sar\u0131ld\u0131. Ne g\u00fczel \u015fey sevmek ve sevilmek, iyi an\u0131msanmak&#8230;\u00a0\u015eimdi hakk\u0131n\u0131 yemeyeyim, gezdi\u011fimiz her yerde tek tek, g\u00fczel g\u00fczel anlatt\u0131lar bize g\u00f6revliler&#8230;<\/p>\n<p>Radyo M\u00fczesi&#8217;nin tam kar\u015f\u0131s\u0131nda muhte\u015fem bir konak daha var. Biz hayranl\u0131kla oraya bakarken giyimlerinden Suriyeli oldu\u011funu tahmin etti\u011fimiz biri kuca\u011f\u0131 \u00e7ocuklu iki kad\u0131n girdi oraya. Kap\u0131y\u0131 \u00a0kapatamad\u0131, d\u00f6rt be\u015f kez aya\u011f\u0131 ile kap\u0131y\u0131 \u00e7arpt\u0131. Kap\u0131lar, pencereler zang\u0131rdad\u0131 o g\u00fczelim konakta&#8230; Benim de y\u00fcre\u011fim&#8230;<\/p>\n<p>D\u00f6rt be\u015f ya\u015flar\u0131mda iken Sar\u0131kad\u0131lar Kona\u011f\u0131na gelirdik annemle. \u015eimdinin g\u00fcn\u00fc gibi, pek \u00e7ok kad\u0131n olurdu konakta. Beni taburenin \u00fcst\u00fcne \u00e7\u0131kart\u0131p \u015fark\u0131 s\u00f6yletirlerdi. Kendimden ge\u00e7ercesine \u201cG\u00fcl a\u011faac\u0131\u0131\u0131 de\u011fiileem&#8230;\u00a0Her geeleneee e\u011fiileeem&#8230;\u201d diye s\u00f6ylerdim ben de&#8230;<\/p>\n<p>An\u0131lar\u0131m canland\u0131; annemi, \u00e7ocuklu\u011fumu an\u0131msand\u0131m&#8230;\u00a0\u0130\u00e7im burkuldu&#8230;<\/p>\n<p>\u015eimdi \u201cRadyo M\u00fczesi\u201d olmu\u015f konak. \u00c7ank\u0131r\u0131\u2019m\u0131z\u0131n de\u011feri elektronik dehas\u0131 mucit radyocu Ferid Akal\u0131n\u2019\u0131n ad\u0131n\u0131 ta\u015f\u0131yor. Daha ilkokul y\u0131llar\u0131nda kulakl\u0131kla ve \u00e7ok uzun antenle dinlenebilen radyo yapm\u0131\u015f 1950&#8217;li y\u0131llarda Radyocu Ferid. Sonra \u00c7ank\u0131r\u0131\u2019ya televizyonu da ilk getiren o olmu\u015f. Eldivan da\u011f\u0131na sinyal yakalamaya \u00e7\u0131kma maceras\u0131 ise y\u0131llar sonra Vizontele filminde kullan\u0131lm\u0131\u015f&#8230;<\/p>\n<p>Aynur\u2019un Kastamonu \u0130l K\u00fclt\u00fcr M\u00fcd\u00fcr\u00fc e\u015fi Ziver Kaplan bir g\u00fcn sonra kat\u0131ld\u0131 bize. O g\u00fcn Kad\u0131n\u00e7ay\u0131r\u0131, Kur\u015funlu&#8230;\u00a0Oralar\u0131 gezece\u011fiz, merkezden olduk\u00e7a uzaktay\u0131z. Bir yerde bulu\u015faca\u011f\u0131z, ancak bir t\u00fcrl\u00fc bulu\u015fam\u0131yoruz. Ben zaten adres \u00f6z\u00fcrl\u00fcy\u00fcm, evimi bile tarif edemem&#8230;\u00a0Ziver ar\u0131yor \u201cNeredesiniz?\u201d bilemiyorum&#8230;\u00a0\u00d6mer\u2019e soruyorum o da tam bilemiyor. \u201cNe bi\u00e7im \u00c7ank\u0131r\u0131l\u0131s\u0131n, bilemiyorsun?\u201d diye \u00e7att\u0131m \u00d6mer\u2019e&#8230;\u00a0\u201cSanki sen biliyon?\u201d deyince dilimi yuttum, g\u00fclmeye ba\u015flad\u0131k&#8230;<\/p>\n<p>Devrez vadisinden a\u015fa\u011f\u0131 \u015f\u0131r\u0131l \u015f\u0131r\u0131l akan dere ve yay\u0131lmakta olan ineklerin foto\u011fraf\u0131n\u0131 \u00e7ektik. Sonra Vedut 100&#215;150 cm b\u00fcy\u00fckl\u00fckte oran\u0131n muhte\u015fem bir resmini yapt\u0131&#8230;<\/p>\n<p>Rotam\u0131z\u00a0Kur\u015funlu&#8230; Arada bir Facebook&#8217;dan canl\u0131 yay\u0131na ge\u00e7iyorum. Memleketimin g\u00fczelli\u011fini ayn\u0131 anda payla\u015farak heyecan\u0131ma arkada\u015flar\u0131m\u0131 da kat\u0131yorum.<\/p>\n<p>Ay\u015fen bir an\u0131s\u0131n\u0131 anlat\u0131yor, arkada\u015flar\u0131n\u0131 davet etmi\u015fler bir g\u00fcn ve \u201c\u015eaban\u00f6z\u00fc\u2019n\u00fc ge\u00e7, Orta\u2019da bekle\u201d demi\u015fler. Ay\u015fen\u2019ler Orta kazas\u0131na gelmi\u015fler, arkada\u015flar\u0131 yok. Me\u011fer onlar \u015eaban\u00f6z\u00fc\u2019n\u00fcn meydan\u0131nda orta yerde bekler dururlarm\u0131\u015f&#8230;<\/p>\n<p>Bayram\u00f6ren\u2019de \u00fcst\u00fc kiremit \u00e7at\u0131l\u0131 tarihi k\u00f6pr\u00fcye gittik. Alt\u0131ndan \u00e7a\u011f\u0131ldayarak ge\u00e7en Melan \u00c7ay\u0131 muhte\u015fem bir g\u00f6rsel sunuyordu. Gelecekte yapaca\u011f\u0131m\u0131z \u00e7al\u0131\u015ftay\u0131n bir g\u00fcn\u00fcnde burada \u00e7al\u0131\u015farak bu g\u00fczellikleri resmetti\u011fimizi d\u00fc\u015fledim&#8230;<\/p>\n<p>Sonbahar, rengarenk a\u011fa\u00e7lar&#8230; Sar\u0131, turuncu, k\u0131rm\u0131z\u0131, ye\u015fil&#8230; Sanki tablolar\u0131m\u0131z i\u00e7in bize ipucu, ilham verir gibi&#8230;\u00a0Yol boyu ahlat, ku\u015fburnu al\u0131\u00e7 a\u011fa\u00e7lar\u0131&#8230;\u00a0Zehra \u201cku\u015fburnu isterim\u201d diye tutturdu ama zaman\u0131 iyi kullanmam\u0131z gerek. Gezece\u011fimiz yer \u00f6yle \u00e7ok ki!.. Durmad\u0131k. \u201cAma ben ku\u015fburnu resmi yapacakt\u0131m\u201d diye bize duygu s\u00f6m\u00fcr\u00fcs\u00fc yapt\u0131 Zehra. Biz de yutmad\u0131k\u2026<\/p>\n<p>Derken S\u00fcn\u00fcrl\u00fc taraf\u0131nda g\u00fczel bir kanyon oldu\u011funu duyup giderken kayboldu\u011fumuz bir anda Atv\u00a0ara\u00e7 \u00fczerinde Noel Baba gibi sakall\u0131 bir dede \u00e7\u0131kt\u0131 kar\u015f\u0131m\u0131za. Bulunma sebebimizi s\u00f6yledik pek memnun oldu. O da al\u0131\u00e7 ve ku\u015fburnu toplamaktan geliyormu\u015f. Arkas\u0131nda kovada toplad\u0131klar\u0131&#8230;\u00a0\u201cAl\u0131n yavrular\u0131m, yiyin k\u0131zlar\u0131m\u201d diye ikram etti. Hepimiz sevinerek kovan\u0131n ba\u015f\u0131na \u00fc\u015f\u00fc\u015ft\u00fck. Benim y\u00fcce g\u00f6n\u00fcll\u00fc memleketimin insan\u0131. Sonra Vedut onun harika bir portresini \u00e7al\u0131\u015farak \u00f6d\u00fcllendirdi. Ama onun haberi olmad\u0131. \u0130n\u015fallah sergide birileri g\u00f6r\u00fcp haber vermi\u015ftir&#8230;<\/p>\n<p>Acelemiz var, g\u00fcne\u015f batmadan Gelin kayalar-peri bacalar\u0131na ula\u015fmam\u0131z gerek. Biz yaln\u0131z Kapadokya\u2019da var san\u0131yoruz peri bacalar\u0131n\u0131. Oysa \u00c7ank\u0131r\u0131\u2019m\u0131zda da varm\u0131\u015f. Ben de bilmiyordum. Bunu \u00f6nemsemeli, mutlaka turizme kazand\u0131rmal\u0131, D\u00fcnyaya duyurmal\u0131y\u0131z. Turizm bacas\u0131z sanayi&#8230; Memleketimin kalk\u0131nmas\u0131na b\u00fcy\u00fck katk\u0131 sa\u011flar&#8230;<\/p>\n<p>Bir yerde durduk. \u00d6bek \u00f6bek beyaz perlit i\u00e7inde siyah siyah ta\u015flar. P\u0131r\u0131l p\u0131r\u0131l parl\u0131yor. M\u00fccevhercilikte kullan\u0131lan do\u011fal ta\u015f obsidyenmi\u015f. Hepimiz toplad\u0131k. Ad\u0131n\u0131 bilemiyorum. Ay\u015fen &#8220;H\u00fclya abla s\u00fctyenden gelsin akl\u0131na\u201d dedi. Peki g\u00fczel dedim&#8230; Aradan zaman ge\u00e7ti, yeniden akl\u0131ma geldi. Ne g\u00fczel k\u0131z\u0131m Senem\u2019e bir y\u00fcz\u00fck yapt\u0131r\u0131r\u0131m diye d\u00fc\u015f\u00fcnd\u00fcm. Ama akl\u0131ma gelmiyor bir t\u00fcrl\u00fc ad\u0131&#8230;\u00a0S\u00fctyen&#8230;\u00a0S\u00fctyen\u2026 S\u00fctyen geliyor da ad\u0131 gelmiyor&#8230;\u00a0Anlatt\u0131m&#8230;\u00a0Hepimiz g\u00fcl\u00fc\u015ft\u00fck\u2026<\/p>\n<p>Peri bacalar\u0131na gidece\u011fimiz yola otob\u00fcs gidemiyor. \u00d6zel ara\u00e7 ile birka\u00e7 posta yapal\u0131m dedik. Ben, Zehra, Mine, Ay\u015fen, Arzu bindik gittik. \u0130kinci seferde Esengali, \u00d6mer, Atilla ve R\u0131fat geldi. Bir dere kenar\u0131nda indik. Manzara m\u00fcthi\u015f ancak foto\u011fraf\u0131n\u0131 g\u00f6rd\u00fc\u011f\u00fcm\u00fcz peri bacalar\u0131 pek g\u00f6r\u00fcnm\u00fcyor. R\u0131fat ile Atilla, Esengali biz bir ileriye gidelim bakal\u0131m diye bindiler, bir gittiler, pir gittiler&#8230; Bekle bekle yoklar. Me\u011fer foto\u011fraflar\u0131n\u0131 \u00e7ekerlermi\u015f. Derken bakt\u0131k gelmiyorlar, hava da hafiften kararmaya ba\u015flad\u0131. Haydi yava\u015f yava\u015f otob\u00fcse do\u011fru y\u00fcr\u00fcyelim bari dedik. O s\u0131rada gerilerden \u00e7oban s\u00fcr\u00fcs\u00fcn\u00fc getiriyor. Aaaa ne g\u00fczel&#8230; \u0130nekler, koyunlar&#8230; Romantik romantik bak\u0131n\u0131rken iki iri \u00e7oban k\u00f6pe\u011fi havlayarak bize do\u011fru ko\u015fmaya ba\u015flamaz m\u0131? &#8220;Korkmay\u0131n, d\u00fc\u015fman olmad\u0131\u011f\u0131m\u0131z\u0131 anlarlar, bir \u015fey yapmazlar&#8221;\u00a0desem de kimi arkada\u015flar korkuyor. K\u00f6peklerin hissetmesi inan\u0131lmaz. E\u011fer korkarsan\u0131z onu alg\u0131lay\u0131p do\u011frudan d\u00fc\u015fman muamelesi yap\u0131p sald\u0131r\u0131yor. \u00d6mer ba\u015f\u0131m\u0131zda tek erkek, bizi korusun diye siper y\u00fcr\u00fcyor ama k\u00f6pekler onun bu fedakar davran\u0131\u015f\u0131n\u0131 pek takm\u0131yor. Derken k\u0131zlar biraz mini \u00e7\u0131\u011fl\u0131klar at\u0131p h\u0131zlanmaya ba\u015flay\u0131nca yukar\u0131dan &#8211; a\u015fa\u011f\u0131dan da iki\u015fer \u00e7oban daha havlayarak ko\u015fturmaz m\u0131? \u00c7evremizi sard\u0131lar. Ne yapaca\u011f\u0131m\u0131z\u0131 \u015fa\u015f\u0131rd\u0131k. \u0130kisi \u00f6n\u00fcm\u00fcze aslan gibi oturdu&#8230; Bizi salm\u0131yor, haydi s\u0131k\u0131ysa ge\u00e7in der gibi&#8230; A\u015fa\u011f\u0131dan \u00e7oban g\u00f6r\u00fcnd\u00fc. \u00d6mer &#8216;K\u00f6peklerini \u00e7ek&#8217; diye \u00fcnledi. \u00c7oban \u00e7a\u011f\u0131rd\u0131 ama k\u00f6pekler pek niyetli de\u011fil. O s\u0131rada ara\u00e7 geldi. H\u0131z\u0131r g\u00f6rm\u00fc\u015f gibi olduk hepimiz. Ara\u00e7 be\u015f ki\u015filik biz bindik arka kasas\u0131na sekiz ki\u015fi ve kurtulduk!<\/p>\n<p>Otob\u00fcste giderken hem anlat\u0131yor, hem g\u00fcl\u00fcyoruz. Bu g\u00fcne dair bir \u015fiir ya da roman yazal\u0131m diyoruz. Ad\u0131 ne deyince Mine &#8220;Kangallarla ilk gece&#8221;\u00a0diyor. G\u00fcltekin ise &#8220;O\u00a0uymaz bence&#8221; deyip fikrini s\u00f6yl\u00fcyor \u201cKangallarla son gece!\u201d Sabah erken uyananlar WhatSapp\u00a0grubumuzda \u00e7ekti\u011fi fotolar\u0131 payla\u015f\u0131yor. Arzu payla\u015fm\u0131\u015f Ay\u015fen, ben, Zehra&#8230; Keyifle &#8216;Bak biz ne g\u00fczel yerleri geziyoruz&#8217; pozu vermi\u015fiz&#8230; \u00d6mer hemen alt\u0131na \u015f\u00f6yle yazd\u0131:<\/p>\n<p>\u201cSan\u0131r\u0131m k\u00f6peklerden az \u00f6nceydi!\u201d<\/p>\n<p>\u00c7ank\u0131r\u0131l\u0131 bestekar\u0131m\u0131z Selahattin \u0130nal\u2019dan ad\u0131n\u0131 alan \u00c7ank\u0131r\u0131 G\u00fczel Sanatlar Lisesi&#8217;ni gezdik. Hen\u00fcz be\u015f y\u0131ll\u0131k binas\u0131 olan 24 y\u0131ll\u0131k p\u0131r\u0131l, p\u0131r\u0131l bir okul&#8230;\u00a0Lise M\u00fcd\u00fcr\u00fc Mehtap han\u0131m\u0131n ve \u00f6\u011fretmenlerinin daha g\u00fczel, daha iyi bir \u015feyler yapma \u00e7abalar\u0131n\u0131 \u00e7ok takdir ettim&#8230;<\/p>\n<p>Bu arada Fakir Baykurt pek \u00e7ok roman\u0131nda \u00c7ank\u0131r\u0131\u2019dan s\u00f6z etmi\u015f. &#8220;Anadolu garajlar\u0131&#8221;\u00a0kitab\u0131n\u0131 da burada yazm\u0131\u015f.<\/p>\n<p>\u0130stanbul\u2019dan sevgili karde\u015fim \u00d6mer L\u00fctf\u00fc \u00d6zen\u00e7 de bir grup arkada\u015f\u0131 ile Kur\u015funlu\u2019da do\u011fa harikas\u0131 bir yerde piknik d\u00fczenlediler sa\u011f olsunlar. \u0130zmir\u2019den e\u015fim Hikmet de geldi, bizimle idi. \u00c7ank\u0131r\u0131\u2019n\u0131n eni\u015ftesi&#8230;\u00a0Saz \u00e7ald\u0131k, s\u00f6yledik&#8230; Biraz \u00c7ank\u0131r\u0131 havalar\u0131 oynad\u0131k, g\u00fcve\u00e7, kavurma, \u00e7aydan tuttuklar\u0131\u00a0taze bal\u0131k, kuzinede pi\u015fmi\u015f patates ve daha \u00f6zenerek haz\u0131rlad\u0131klar\u0131 pek \u00e7ok yiyecek yedik&#8230; G\u00fcld\u00fck, e\u011flendik, sohbet ettik, birbirimizi daha yak\u0131ndan tan\u0131d\u0131k ve sevdik&#8230;<\/p>\n<p>Ve mutlu son, Tarihi \u00c7ama\u015f\u0131rhane&#8217;de eserlerimiz Belediye Ba\u015fkan\u0131m\u0131z \u0130smail Hakk\u0131 Esen ve e\u015fi, Kaptan Mustafa Can, hay\u0131rsever i\u015f adam\u0131m\u0131z Mahmut Ye\u015fil ve e\u015fi, b\u00fcrokratlar ve kalabal\u0131k bir izleyici grubu e\u015fli\u011finde g\u00f6r\u00fcc\u00fcye \u00e7\u0131kt\u0131k. \u0130stanbul&#8217;dan, Ankara&#8217;dan sergimize otob\u00fcslerle \u00f6zel ara\u00e7lar\u0131 ile gelenler vard\u0131. \u00c7ok be\u011feni ve takdir ald\u0131k. Ak\u015fam da\u00a0Belediye Ba\u015fkan\u0131m\u0131z\u0131n davetlisi oldu\u011fumuz yemekte tuz lambas\u0131ndan plaketlerimizi ve \u00e7e\u015fitli hediyelerimizi ald\u0131k. Vedut Moazzen muhte\u015fem bir konser vererek, hepimizi co\u015fturdu\u2026<\/p>\n<p>Bu bir ekip i\u015fi idi&#8230;\u00a0Sanat\u00e7\u0131lar, sponsor Vak\u0131f, Belediyemiz ve benim yan\u0131mda pek \u00e7ok memleket sevdal\u0131s\u0131 destekledi, emek verdi. Kimini g\u00f6rd\u00fck, kimi g\u00f6r\u00fcnmedi. Ama sonu\u00e7 m\u00fckemmeldi. Bu \u00c7ank\u0131r\u0131&#8217;m\u0131zda bir ilkti ve bizler \u00c7ank\u0131r\u0131 Sanat Tarihine ge\u00e7tik&#8230;<\/p>\n<p>Eme\u011fi ge\u00e7en, destek veren herkese ayr\u0131 ayr\u0131 te\u015fekk\u00fcr ederim&#8230;<\/p>\n<p>&nbsp;<\/p>\n<p><img decoding=\"async\" loading=\"lazy\" src=\"http:\/\/www.ortakses.com\/d\/other\/fb_img_1571502560377-001.jpg\" alt=\"fb_img_1571502560377-001.jpg\" width=\"600\" height=\"421\" \/><\/p>\n<p><img decoding=\"async\" loading=\"lazy\" src=\"http:\/\/www.ortakses.com\/d\/other\/fb_img_1571502466257-002.jpg\" alt=\"fb_img_1571502466257-002.jpg\" width=\"600\" height=\"400\" \/><\/p>\n<p><img decoding=\"async\" loading=\"lazy\" src=\"http:\/\/www.ortakses.com\/d\/other\/fb_img_1571502494882-001.jpg\" alt=\"fb_img_1571502494882-001.jpg\" width=\"600\" height=\"400\" \/><\/p>\n<p>&nbsp;<\/p>\n<p><img decoding=\"async\" loading=\"lazy\" src=\"http:\/\/www.ortakses.com\/d\/other\/fb_img_1571502349993-004.jpg\" alt=\"fb_img_1571502349993-004.jpg\" width=\"600\" height=\"400\" \/><\/p>\n<p><img decoding=\"async\" loading=\"lazy\" src=\"http:\/\/www.ortakses.com\/d\/other\/fb_img_1571502288560-003.jpg\" alt=\"fb_img_1571502288560-003.jpg\" width=\"600\" height=\"400\" \/><\/p>\n<p>&nbsp;<\/p>\n<p><img decoding=\"async\" loading=\"lazy\" src=\"http:\/\/www.ortakses.com\/d\/other\/fb_img_1571502251411-005.jpg\" alt=\"fb_img_1571502251411-005.jpg\" width=\"600\" height=\"450\" \/><\/p>\n<\/div>\n<div><\/div>\n<\/article>\n<div><\/div>\n<p>Kaynak: <a href=\"http:\/\/www.ortakses.com\/cankirida-bir-ilki-basardik-3188yy.htm?fbclid=IwAR1bbBcR8Wa-UnQE73ajThADH1Uufv-67JBiRDg20T3sWmLIoPnDVROx0ew\" target=\"_blank\">\u00c7ank\u0131r\u0131\u2019da bir ilki ba\u015fard\u0131k\u2026 &#8211; H\u00fclya SEZG\u0130N<\/a><\/p>\n<p class=\"bawpvc-ajax-counter\" data-id=\"13209\">Yaz\u0131ya 575 d\u0259f\u0259 bax\u0131l\u0131b<\/p>\n","protected":false},"excerpt":{"rendered":"<p>&#8220;Nerelisin?&#8221; sorusuna \u00c7ank\u0131r\u0131l\u0131y\u0131m&#8221; dedi\u011fimde &#8220;Ankara \u00c7ankaya m\u0131, Ankara \u00c7ank\u0131r\u0131 m\u0131, nerede?&#8221; diye sorularla kar\u015f\u0131la\u015ft\u0131\u011f\u0131mda \u00e7ok inciniyordum. Bir festivale gidip de d\u00f6nd\u00fc\u011f\u00fcmde uzun s\u00fcre arkada\u015flar\u0131ma oralar\u0131 anlatt\u0131\u011f\u0131m\u0131 ve b\u00f6ylece daha ak\u0131lda kal\u0131c\u0131 ve tan\u0131t\u0131c\u0131 oldu\u011funu fark ettim. D\u00fc\u015f\u00fcnd\u00fcm ki ben de \u00c7ank\u0131r\u0131&#8217;m\u0131zda bir sanat \u00e7al\u0131\u015ftay\u0131 yaparsam hi\u00e7 olmazsa sanat \u00e7evresinde kal\u0131c\u0131 bir tan\u0131t\u0131m olur, ben de [&hellip;]<\/p>\n","protected":false},"author":1,"featured_media":5758,"comment_status":"closed","ping_status":"closed","sticky":false,"template":"","format":"standard","meta":[],"categories":[6],"tags":[],"_links":{"self":[{"href":"https:\/\/kultur.az\/index.php?rest_route=\/wp\/v2\/posts\/13209"}],"collection":[{"href":"https:\/\/kultur.az\/index.php?rest_route=\/wp\/v2\/posts"}],"about":[{"href":"https:\/\/kultur.az\/index.php?rest_route=\/wp\/v2\/types\/post"}],"author":[{"embeddable":true,"href":"https:\/\/kultur.az\/index.php?rest_route=\/wp\/v2\/users\/1"}],"replies":[{"embeddable":true,"href":"https:\/\/kultur.az\/index.php?rest_route=%2Fwp%2Fv2%2Fcomments&post=13209"}],"version-history":[{"count":1,"href":"https:\/\/kultur.az\/index.php?rest_route=\/wp\/v2\/posts\/13209\/revisions"}],"predecessor-version":[{"id":13210,"href":"https:\/\/kultur.az\/index.php?rest_route=\/wp\/v2\/posts\/13209\/revisions\/13210"}],"wp:featuredmedia":[{"embeddable":true,"href":"https:\/\/kultur.az\/index.php?rest_route=\/wp\/v2\/media\/5758"}],"wp:attachment":[{"href":"https:\/\/kultur.az\/index.php?rest_route=%2Fwp%2Fv2%2Fmedia&parent=13209"}],"wp:term":[{"taxonomy":"category","embeddable":true,"href":"https:\/\/kultur.az\/index.php?rest_route=%2Fwp%2Fv2%2Fcategories&post=13209"},{"taxonomy":"post_tag","embeddable":true,"href":"https:\/\/kultur.az\/index.php?rest_route=%2Fwp%2Fv2%2Ftags&post=13209"}],"curies":[{"name":"wp","href":"https:\/\/api.w.org\/{rel}","templated":true}]}}