{"id":15704,"date":"2020-07-06T12:44:48","date_gmt":"2020-07-06T07:44:48","guid":{"rendered":"http:\/\/kultur.az\/?p=15704"},"modified":"2020-07-06T12:44:48","modified_gmt":"2020-07-06T07:44:48","slug":"usta-veys%c9%99l-%c9%99d%c9%99biyyatimizin-don-kixotu","status":"publish","type":"post","link":"https:\/\/kultur.az\/?p=15704","title":{"rendered":"Usta Veys\u0259l &#8211; \u018fd\u0259biyyat\u0131m\u0131z\u0131n Don Kixotu"},"content":{"rendered":"<p><span style=\"color: #000000;\"><a href=\"http:\/\/kultur.az\/wp-content\/uploads\/2015\/11\/20140302_193645-e1594021458230.jpg\"><img decoding=\"async\" loading=\"lazy\" class=\"alignleft size-medium wp-image-9931\" src=\"http:\/\/kultur.az\/wp-content\/uploads\/2015\/11\/20140302_193645-e1594021458230-225x300.jpg\" alt=\"20140302_193645\" width=\"225\" height=\"300\" \/><\/a>(Elza Seyidcahan\u0131n \u201c\u0259d\u0259bi yarad\u0131c\u0131l\u0131\u011f\u0131na\u201d h\u0259sr olunur) <\/span><\/p>\n<p><span style=\"color: #000000;\">B\u00f6y\u00fck \u0130span yaz\u0131\u00e7\u0131s\u0131 Migel De Servantes \u0259d\u0259biyyat tarixind\u0259 daha \u00e7ox \u201cLaman\u00e7l\u0131 Don Kixot\u201d \u0259s\u0259rinin m\u00fc\u0259llifi kimi tan\u0131n\u0131r. S\u00f6z\u00fc ged\u0259n \u0259s\u0259r bu g\u00fcn d\u0259 t\u0259nqid\u00e7il\u0259rin &#8211; \u0259d\u0259biyyat bilicil\u0259rinin m\u00fczakir\u0259 m\u00f6vzusu olaraq qalmaqdad\u0131r. Roman bu g\u00fcn d\u0259 inc\u0259l\u0259nir: \u0130spaniya Az\u0259rbaycanla; Don Kixot i\u00e7imizd\u0259 olan tipik n\u00fcmun\u0259l\u0259rl\u0259; q\u0259hr\u0259man\u0131n n\u00f6k\u0259ri, h\u0259mk\u0259ndlisi San\u00e7o Panso M\u0259h\u0259mm\u0259dh\u0259s\u0259n \u0259mi il\u0259; onun e\u015f\u015f\u0259yi M\u0259h\u0259mm\u0259dh\u0259s\u0259n \u0259minin e\u015f\u015f\u0259yi il\u0259\u2026\u00a0<\/span><span style=\"color: #000000;\">m\u00fcqayis\u0259 edilir. Sonda h\u0259r k\u0259s yekdillikl\u0259 bir fikri vur\u011fulamadan ke\u00e7\u0259 bilmir \u2013 Servantesin \u201cLaman\u00e7l\u0131 Don Kixot&#8221;u o d\u00f6vr \u0259d\u0259biyyat\u0131na, daha do\u011frusu, c\u0259ngav\u0259rlik romanlar\u0131na vurulan t\u0259rs \u015fapalaq idi\u2026 <\/span><\/p>\n<p><span style=\"color: #000000;\">\u00d6nc\u0259d\u0259n vur\u011fulay\u0131m ki, f\u0259rqli b\u0259st\u0259l\u0259rin\u0259, f\u0259rqli ifas\u0131na g\u00f6r\u0259 Elza Seyidcahana x\u00fcsusi h\u00f6rm\u0259tim, r\u0259\u011fb\u0259tim var. Yazd\u0131qlar\u0131 is\u0259\u2026 Bilirsiniz, bu xan\u0131m Az\u0259rbaycan \u0259d\u0259biyyat\u0131 \u00fc\u00e7\u00fcn bu \u0259d\u0259biyyat\u0131n \u00f6nd\u0259 ged\u0259n simalar\u0131ndan daha art\u0131\u011f\u0131n\u0131 etm\u0259yi bacard\u0131. Bu xan\u0131m \u0259d\u0259biyyata l\u0259l\u0259kli \u015flyapa qoymi\u015f Don Kixot kimi g\u0259ldi. Az\u0259rbaycan \u0259d\u0259biyyat\u0131na t\u0259rs \u015fapalaq kimi d\u0259ydi Elza Seyidcahan. S\u00fcbut el\u0259di ki, bu g\u00fcn pulu, imkan\u0131 olan h\u0259r k\u0259s bu m\u0259ml\u0259k\u0259td\u0259 \u015fair ola bil\u0259r. N\u0259inki, \u015fair ola bil\u0259r, \u00e7a\u011fda\u015f \u0259d\u0259biyyat\u0131n apar\u0131c\u0131 simalar\u0131 il\u0259 birg\u0259 m\u00fcnsifl\u0259r hey\u0259tind\u0259 bir stol arxas\u0131nda \u0259yl\u0259\u015f\u0259 bil\u0259r. Kitab buraxd\u0131rma\u011fa imkan\u0131 olmayan s\u00f6z sahibl\u0259ri is\u0259 birinci sinif \u015fagirdl\u0259ri kimi onun qar\u015f\u0131s\u0131nda \u015feir oxuya bil\u0259r\u2026 B\u0259lk\u0259 d\u0259, Elza xan\u0131ma q\u0259d\u0259r Az\u0259rbaycan \u0259d\u0259biyyat\u0131 \u00f6lm\u00fc\u015fd\u00fc, b\u0259lk\u0259 d\u0259 bir \u015fapala\u011fa b\u0259nd idi \u2013 dey\u0259 bilm\u0259r\u0259m. Birc\u0259 \u015feyi d\u0259qiq sad\u0259c\u0259 d\u0259qiq bilir\u0259m, bu g\u00fcn s\u00f6z\u00fcged\u0259n \u0259d\u0259biyyat\u0131n meyitini t\u0259pikl\u0259y\u0259n o q\u0259d\u0259r elzalar var ki\u2026<\/span><\/p>\n<p class=\"bawpvc-ajax-counter\" data-id=\"15704\">Yaz\u0131ya 428 d\u0259f\u0259 bax\u0131l\u0131b<\/p>\n","protected":false},"excerpt":{"rendered":"<p>(Elza Seyidcahan\u0131n \u201c\u0259d\u0259bi yarad\u0131c\u0131l\u0131\u011f\u0131na\u201d h\u0259sr olunur) B\u00f6y\u00fck \u0130span yaz\u0131\u00e7\u0131s\u0131 Migel De Servantes \u0259d\u0259biyyat tarixind\u0259 daha \u00e7ox \u201cLaman\u00e7l\u0131 Don Kixot\u201d \u0259s\u0259rinin m\u00fc\u0259llifi kimi tan\u0131n\u0131r. S\u00f6z\u00fc ged\u0259n \u0259s\u0259r bu g\u00fcn d\u0259 t\u0259nqid\u00e7il\u0259rin &#8211; \u0259d\u0259biyyat bilicil\u0259rinin m\u00fczakir\u0259 m\u00f6vzusu olaraq qalmaqdad\u0131r. Roman bu g\u00fcn d\u0259 inc\u0259l\u0259nir: \u0130spaniya Az\u0259rbaycanla; Don Kixot i\u00e7imizd\u0259 olan tipik n\u00fcmun\u0259l\u0259rl\u0259; q\u0259hr\u0259man\u0131n n\u00f6k\u0259ri, h\u0259mk\u0259ndlisi San\u00e7o Panso [&hellip;]<\/p>\n","protected":false},"author":1,"featured_media":0,"comment_status":"closed","ping_status":"closed","sticky":false,"template":"","format":"standard","meta":[],"categories":[6,17],"tags":[],"_links":{"self":[{"href":"https:\/\/kultur.az\/index.php?rest_route=\/wp\/v2\/posts\/15704"}],"collection":[{"href":"https:\/\/kultur.az\/index.php?rest_route=\/wp\/v2\/posts"}],"about":[{"href":"https:\/\/kultur.az\/index.php?rest_route=\/wp\/v2\/types\/post"}],"author":[{"embeddable":true,"href":"https:\/\/kultur.az\/index.php?rest_route=\/wp\/v2\/users\/1"}],"replies":[{"embeddable":true,"href":"https:\/\/kultur.az\/index.php?rest_route=%2Fwp%2Fv2%2Fcomments&post=15704"}],"version-history":[{"count":1,"href":"https:\/\/kultur.az\/index.php?rest_route=\/wp\/v2\/posts\/15704\/revisions"}],"predecessor-version":[{"id":15705,"href":"https:\/\/kultur.az\/index.php?rest_route=\/wp\/v2\/posts\/15704\/revisions\/15705"}],"wp:attachment":[{"href":"https:\/\/kultur.az\/index.php?rest_route=%2Fwp%2Fv2%2Fmedia&parent=15704"}],"wp:term":[{"taxonomy":"category","embeddable":true,"href":"https:\/\/kultur.az\/index.php?rest_route=%2Fwp%2Fv2%2Fcategories&post=15704"},{"taxonomy":"post_tag","embeddable":true,"href":"https:\/\/kultur.az\/index.php?rest_route=%2Fwp%2Fv2%2Ftags&post=15704"}],"curies":[{"name":"wp","href":"https:\/\/api.w.org\/{rel}","templated":true}]}}