{"id":15918,"date":"2020-08-18T12:04:53","date_gmt":"2020-08-18T07:04:53","guid":{"rendered":"http:\/\/kultur.az\/?p=15918"},"modified":"2020-08-18T12:04:53","modified_gmt":"2020-08-18T07:04:53","slug":"els%c9%99n-ismayil-t%c9%99qdim-edir-duy-s%c9%99simi-sagir-dunya-yeni-milli-ideoloji-seir-klipi-video","status":"publish","type":"post","link":"https:\/\/kultur.az\/?p=15918","title":{"rendered":"EL\u015e\u018fN \u0130SMAYIL t\u0259qdim edir \u2013 DUY S\u018fS\u0130M\u0130, SA\u011eIR D\u00dcNYA! \u2013 yeni milli-ideoloji \u015feir klipi &#8211; V\u0130DEO"},"content":{"rendered":"<p><a href=\"http:\/\/kultur.az\/wp-content\/uploads\/2020\/08\/DUY-S\u018fS\u0130M\u0130-SA\u011eIR-D\u00dcNYA-cover.jpg\"><img decoding=\"async\" loading=\"lazy\" class=\"alignleft size-medium wp-image-15919\" src=\"http:\/\/kultur.az\/wp-content\/uploads\/2020\/08\/DUY-S\u018fS\u0130M\u0130-SA\u011eIR-D\u00dcNYA-cover-300x168.jpg\" alt=\"DUY S\u018fS\u0130M\u0130, SA\u011eIR D\u00dcNYA! - cover\" width=\"300\" height=\"168\" \/><\/a><\/p>\n<p><b>\u00a0\u00a0<\/b>D\u0259y\u0259rli v\u0259t\u0259np\u0259rv\u0259r s\u0259n\u0259t\u00e7i El\u015f\u0259n \u0130smay\u0131l bu d\u0259f\u0259 <strong>\u201c<\/strong><strong>DUY S\u018fS\u0130M\u0130, SA\u011eIR D\u00dcNYA!<\/strong><strong>\u201d<\/strong> adl\u0131 milli-ideoloji, f\u0259ls\u0259fi bir klipl\u0259 izl\u0259yicil\u0259rinin qar\u015f\u0131s\u0131na \u00e7\u0131xd\u0131. Klip yax\u0131n ke\u00e7mi\u015fimiz v\u0259 g\u0259l\u0259c\u0259yimizl\u0259 ba\u011fl\u0131 d\u0259qiq, ciddi mesajlar verir, izl\u0259yicil\u0259rd\u0259 milli ruh oyad\u0131r. M\u00fc\u0259yy\u0259n q\u0259d\u0259r siyasi xarakter da\u015f\u0131yan ekran \u0259s\u0259ri g\u0259ncliyin milli ruhda t\u0259rbiy\u0259l\u0259ndirilm\u0259si v\u0259 milli t\u0259bli\u011fat\u0131n inki\u015faf\u0131 m\u0259qs\u0259dil\u0259 haz\u0131rlanm\u0131\u015fd\u0131r.<\/p>\n<p>Operator <strong>El\u00e7in \u0130smay\u0131l<\/strong>, ba\u015f prod\u00fcser <strong>Cahid A\u011fazad\u0259dir<\/strong>.<\/p>\n<p>Klip \u015eirvan \u015f\u0259h\u0259rind\u0259 lent\u0259 al\u0131nm\u0131\u015fd\u0131r. Q\u0259dim tariximiz v\u0259 m\u00fcasir inki\u015faf\u0131m\u0131z, u\u011furlu g\u0259l\u0259c\u0259yimiz klipin \u0259sas s\u00fcjet x\u0259ttini t\u0259\u015fkil edir.<\/p>\n<p>Klipi sizl\u0259rin ixtiyar\u0131n\u0131za burax\u0131r\u0131q. Xo\u015f izl\u0259m\u0259l\u0259r.<\/p>\n<p>&nbsp;<\/p>\n<p><strong>V\u0130DEO:<\/strong><\/p>\n<p><iframe loading=\"lazy\" src=\"\/\/www.youtube.com\/embed\/ns6i_EDLcXw\" width=\"640\" height=\"360\"><\/iframe><\/p>\n<p><strong>\u00a0<\/strong><\/p>\n<p><strong>\u00a0<\/strong><\/p>\n<p>&nbsp;<\/p>\n<p>&nbsp;<\/p>\n<p>&nbsp;<\/p>\n<p class=\"bawpvc-ajax-counter\" data-id=\"15918\">Yaz\u0131ya 568 d\u0259f\u0259 bax\u0131l\u0131b<\/p>\n","protected":false},"excerpt":{"rendered":"<p>\u00a0\u00a0D\u0259y\u0259rli v\u0259t\u0259np\u0259rv\u0259r s\u0259n\u0259t\u00e7i El\u015f\u0259n \u0130smay\u0131l bu d\u0259f\u0259 \u201cDUY S\u018fS\u0130M\u0130, SA\u011eIR D\u00dcNYA!\u201d adl\u0131 milli-ideoloji, f\u0259ls\u0259fi bir klipl\u0259 izl\u0259yicil\u0259rinin qar\u015f\u0131s\u0131na \u00e7\u0131xd\u0131. Klip yax\u0131n ke\u00e7mi\u015fimiz v\u0259 g\u0259l\u0259c\u0259yimizl\u0259 ba\u011fl\u0131 d\u0259qiq, ciddi mesajlar verir, izl\u0259yicil\u0259rd\u0259 milli ruh oyad\u0131r. M\u00fc\u0259yy\u0259n q\u0259d\u0259r siyasi xarakter da\u015f\u0131yan ekran \u0259s\u0259ri g\u0259ncliyin milli ruhda t\u0259rbiy\u0259l\u0259ndirilm\u0259si v\u0259 milli t\u0259bli\u011fat\u0131n inki\u015faf\u0131 m\u0259qs\u0259dil\u0259 haz\u0131rlanm\u0131\u015fd\u0131r. Operator El\u00e7in \u0130smay\u0131l, ba\u015f prod\u00fcser [&hellip;]<\/p>\n","protected":false},"author":1,"featured_media":0,"comment_status":"closed","ping_status":"closed","sticky":false,"template":"","format":"standard","meta":[],"categories":[27,5,4,9,11,15,26,14,7],"tags":[],"_links":{"self":[{"href":"https:\/\/kultur.az\/index.php?rest_route=\/wp\/v2\/posts\/15918"}],"collection":[{"href":"https:\/\/kultur.az\/index.php?rest_route=\/wp\/v2\/posts"}],"about":[{"href":"https:\/\/kultur.az\/index.php?rest_route=\/wp\/v2\/types\/post"}],"author":[{"embeddable":true,"href":"https:\/\/kultur.az\/index.php?rest_route=\/wp\/v2\/users\/1"}],"replies":[{"embeddable":true,"href":"https:\/\/kultur.az\/index.php?rest_route=%2Fwp%2Fv2%2Fcomments&post=15918"}],"version-history":[{"count":1,"href":"https:\/\/kultur.az\/index.php?rest_route=\/wp\/v2\/posts\/15918\/revisions"}],"predecessor-version":[{"id":15920,"href":"https:\/\/kultur.az\/index.php?rest_route=\/wp\/v2\/posts\/15918\/revisions\/15920"}],"wp:attachment":[{"href":"https:\/\/kultur.az\/index.php?rest_route=%2Fwp%2Fv2%2Fmedia&parent=15918"}],"wp:term":[{"taxonomy":"category","embeddable":true,"href":"https:\/\/kultur.az\/index.php?rest_route=%2Fwp%2Fv2%2Fcategories&post=15918"},{"taxonomy":"post_tag","embeddable":true,"href":"https:\/\/kultur.az\/index.php?rest_route=%2Fwp%2Fv2%2Ftags&post=15918"}],"curies":[{"name":"wp","href":"https:\/\/api.w.org\/{rel}","templated":true}]}}