{"id":15921,"date":"2020-08-19T14:48:19","date_gmt":"2020-08-19T09:48:19","guid":{"rendered":"http:\/\/kultur.az\/?p=15921"},"modified":"2020-08-19T16:30:27","modified_gmt":"2020-08-19T11:30:27","slug":"bir-qrup-ziyalilarin-az%c9%99rbaycan-respublikasinin-t%c9%99hsil-nazirin%c9%99-muraci%c9%99ti","status":"publish","type":"post","link":"https:\/\/kultur.az\/?p=15921","title":{"rendered":"Bir qrup ziyal\u0131n\u0131n Az\u0259rbaycan Respublikas\u0131n\u0131n T\u0259hsil nazirin\u0259 m\u00fcraci\u0259ti"},"content":{"rendered":"<p><em><strong><span style=\"color: #000000;\"><a href=\"http:\/\/kultur.az\/wp-content\/uploads\/2020\/08\/t\u0259hsil-naziri-emin.jpg\"><img decoding=\"async\" loading=\"lazy\" class=\"alignleft size-medium wp-image-15922\" src=\"http:\/\/kultur.az\/wp-content\/uploads\/2020\/08\/t\u0259hsil-naziri-emin-300x188.jpg\" alt=\"t\u0259hsil naziri emin\" width=\"300\" height=\"188\" \/><\/a>Bir qrup ziyal\u0131n\u0131n, yazarlar\u0131n v\u0259 ictimai f\u0259allar\u0131n Az\u0259rbaycan Respublikas\u0131n\u0131n T\u0259hsil Naziri c\u0259nab Emin \u018fmrullayev\u0259 m\u00fcraci\u0259ti<\/span><\/strong><\/em><\/p>\n<p style=\"color: #1d2129;\">H\u00f6rm\u0259tli c\u0259nab nazir!<\/p>\n<p style=\"color: #1d2129;\">Allah\u015f\u00fck\u00fcr A\u011eA (A\u011fayev Allah\u015f\u00fck\u00fcr G\u00fcl\u0259hm\u0259d o\u011flu) 1991-ci il, 18 iyulda, Saatl\u0131 rayonunun \u018fhm\u0259db\u0259yli (ke\u00e7mi\u015f Telmank\u0259nd) k\u0259ndind\u0259 anadan olmu\u015fdur.<\/p>\n<div class=\"text_exposed_show\" style=\"color: #1d2129;\">\n<p>2008-ci ild\u0259 \u018fhm\u0259db\u0259yli k\u0259nd tam orta m\u0259kt\u0259binin m\u0259zunu olub. 2013-c\u00fc ild\u0259 Az\u0259rbaycan M\u00fc\u0259lliml\u0259r \u0130nstitutunun \u201cFilologiya\u201d fak\u00fclt\u0259sini \u201c bitirib. U\u015faql\u0131q ill\u0259rind\u0259n yarad\u0131c\u0131l\u0131qla m\u0259\u015f\u011ful olmu\u015f, \u015feirl\u0259r yazma\u011fa ba\u015flam\u0131\u015fd\u0131r.<\/p>\n<p>\u201cM\u0259nim Q\u0259mli D\u00fcnyam\u201d, \u201cQ\u0259lbimd\u0259n G\u0259l\u0259n S\u0259sl\u0259r \u201d, \u201cQu\u015flara, Buludlara, U\u015faqlara\u201d adl\u0131 \u015feir kitablar\u0131n\u0131n m\u00fc\u0259llifidir.<\/p>\n<p>Hal-haz\u0131rda \u018fhm\u0259db\u0259yli k\u0259nd tam orta m\u0259kt\u0259bind\u0259 Az\u0259rbaycan dili v\u0259 \u018fd\u0259biyyat m\u00fc\u0259llimi v\u0259zif\u0259sind\u0259 i\u015fl\u0259yir.\u201dOcaq\u201d q\u0259zetinin b\u00f6lg\u0259 m\u00fcxbiridir.<\/p>\n<p>DGTYB-n\u0131n v\u0259 AYB-nin \u00fczv\u00fcd\u00fcr, 2017- ci ild\u0259 Prezident t\u0259qa\u00fcd\u00fcn\u0259 layiq g\u00f6r\u00fcl\u00fcb..<\/p>\n<p>Allah\u015f\u00fck\u00fcr A\u011fa \u015feirl\u0259rind\u0259 v\u0259t\u0259np\u0259rv\u0259rlik v\u0259 milli d\u0259y\u0259rl\u0259r m\u00f6vzusuna h\u0259r zaman geni\u015f yer vermi\u015fdir. Yaz\u0131\u00e7\u0131lar Birliyinin b\u00fct\u00fcn m\u0259tbu orqanlar\u0131nda m\u00fcnt\u0259z\u0259m olaraq \u00e7ap olunur.Tan\u0131nm\u0131\u015f t\u0259nqid\u00e7il\u0259r d\u0259f\u0259l\u0259rl\u0259 onun yarad\u0131c\u0131l\u0131\u011f\u0131n\u0131 inc\u0259l\u0259mi\u015f, haqq\u0131nda m\u00fcsb\u0259t fikirl\u0259r bildirmi\u015fl\u0259r.<\/p>\n<p>\u018fd\u0259bi v\u0259 ictimai i\u015fl\u0259rd\u0259 h\u0259r zaman f\u0259all\u0131q g\u00f6st\u0259rmi\u015fdir. D\u0259f\u0259l\u0259rl\u0259 \u015feir yar\u0131\u015fmalar\u0131n\u0131n qalibi olmu\u015f, h\u0259m\u00e7inin m\u00fc\u0259llimlik f\u0259aliyy\u0259tind\u0259 d\u0259 xeyli u\u011furlar qazanm\u0131\u015fd\u0131r. \u015eagirdl\u0259ri \u0259n yax\u015f\u0131 ali m\u0259kt\u0259bl\u0259r\u0259 y\u00fcks\u0259k n\u0259tic\u0259 g\u00f6st\u0259r\u0259r\u0259k q\u0259bul olublar. Bir ne\u00e7\u0259 elmi m\u0259qal\u0259l\u0259rin m\u00fc\u0259llifidir.Elmi m\u00fczakir\u0259l\u0259rd\u0259 f\u0259al i\u015ftirak edir.<\/p>\n<p>T\u0259hsil h\u0259r bir d\u00f6vl\u0259tin,xalq\u0131n h\u0259yat\u0131nda m\u00fch\u00fcm rol oynay\u0131r.Sa\u011flam v\u0259 parlaq g\u0259l\u0259c\u0259y\u0259 ged\u0259n yol g\u00fccl\u00fc,m\u00fck\u0259mm\u0259l t\u0259hsild\u0259n ba\u015flay\u0131r.<\/p>\n<p>M\u0259hz buna g\u00f6r\u0259 d\u0259 \u00f6lk\u0259nin bir qrup ziyal\u0131s\u0131,ictimai f\u0259al\u0131 v\u0259 yazarlar\u0131 sizd\u0259n d\u0259y\u0259rli h\u0259mkar\u0131m\u0131z Allah\u015f\u00fck\u00fcr A\u011fayevin Saatl\u0131 Rayon T\u0259hsil \u015e\u00f6b\u0259sinin m\u00fcdiri v\u0259zif\u0259sin\u0259 layiq g\u00f6rm\u0259yinizi xahi\u015f edirik.<\/p>\n<p>Biz inan\u0131r\u0131q ki Allah\u015f\u00fck\u00fcr A\u011fayev kimi i\u015f\u0131ql\u0131 ziyal\u0131lar\u0131m\u0131z sizin qoydu\u011funuz yolu b\u00f6y\u00fck m\u0259suliyy\u0259t v\u0259 d\u0259qiqlikl\u0259 ged\u0259 bil\u0259c\u0259k,Saatl\u0131 rayonunun t\u0259hsil h\u0259yat\u0131nda says\u0131z-hesabs\u0131z ir\u0259lil\u0259yi\u015fl\u0259r v\u0259 nailiyy\u0259tl\u0259r qazanmas\u0131nda \u0259lind\u0259n g\u0259l\u0259ni \u0259sirg\u0259m\u0259y\u0259c\u0259kdir.<\/p>\n<p>\u018fs\u0259d Cahangir- \u201cAz\u0259rbaycan\u201d jurnal\u0131n\u0131n ba\u015f redaktorunun m\u00fcavini, t\u0259nqid\u00e7i<\/p>\n<p>Cavan\u015fir Yusifli -filologiya elml\u0259ri doktoru, t\u0259nqid\u00e7i<\/p>\n<p>Savalan Tal\u0131bl\u0131- Jurnalist<\/p>\n<p>Faiq Balab\u0259yli jurnalist,\u015fair, M\u00fcst\u0259qil.az sayt\u0131n\u0131n t\u0259sis\u00e7isi<\/p>\n<p>O\u011fuz Ayvaz-\u015fair<\/p>\n<p>Adil\u0259 N\u0259z\u0259r \u2013 Filologiya \u00fczr\u0259 f\u0259ls\u0259f\u0259 doktoru,\u015fair,AYB-nin \u00fczv\u00fc<\/p>\n<p>S\u0259fa R\u0259\u015fid- \u015fair, YYSQ-nun \u0130spaniya t\u0259msil\u00e7isi<\/p>\n<p>Dayandur Sevgin-\u015fair,AYB-nin \u00fczv\u00fc<\/p>\n<p>Namiq Hac\u0131heyd\u0259rli-\u015fair, AYB-nin \u00fczv\u00fc<\/p>\n<p>F\u0259rid H\u00fcseyn-\u015fair,AYB-nin \u00fczv\u00fc<\/p>\n<p>Emin Piri- \u015fair, AYB-nin \u00fczv\u00fc<\/p>\n<p>H\u0259s\u0259n K\u00fcr-\u015fair<\/p>\n<p>Faiq H\u00fcseynb\u0259yli \u2013 \u015fair,AYB-nin \u00fczv\u00fc<\/p>\n<p>Nar\u0131ng\u00fcl Nadir \u2013 \u015fair,jurnalist ,AYB-nin \u00fczv\u00fc<\/p>\n<p>Aysel Xanlarq\u0131z\u0131 S\u0259f\u0259rli \u2013 \u015fair,AYB-nin \u00fczv\u00fc, M\u00fcst\u0259qil.Az sayt\u0131n\u0131n redaktoru<\/p>\n<p>Qism\u0259t M\u0259sim-\u015fair<\/p>\n<p>G\u00fclnar\u0259 Sadiq-\u015fair, AYB-nin \u00fczv\u00fc<\/p>\n<p>Ulucay Akif-\u015fair, AYB-nin \u00fczv\u00fc<\/p>\n<p>N\u0259rgiz \u0130smay\u0131lova- Filologiya \u00fczr\u0259 f\u0259ls\u0259f\u0259 doktoru, \u015fair<\/p>\n<p>\u015e\u0259fa V\u0259li-\u015fair, AYB-nin \u00fczv\u00fc<\/p>\n<p>\u0130rad\u0259 Aytel-\u015fair,jurnalist, AYB-nin<br \/>\n\u00fczv\u00fc<\/p>\n<p>Nuran\u0259 Nur-\u015fair, AYB-nin \u00fczv\u00fc<\/p>\n<p>Behbudov P\u0259rvin -komp\u00fcter m\u00fch\u0259ndisi<\/p>\n<p>Zahid M\u0259mm\u0259dli-m\u00fc\u0259llim<\/p>\n<p>Zahid H\u00fcseyno\u011flu -m\u00fc\u0259llim<\/p>\n<p>Oruc Muradov- m\u00fc\u0259llim<\/p>\n<p><span style=\"color: #444950;\">\u018ffsan\u0259 R\u0259van-\u015fair, AYB-nin \u00fczv\u00fc<\/span><\/p>\n<p><span style=\"color: #000000;\">V\u00fcsal M\u0259mm\u0259dov-m\u00fc\u0259llim<\/span><\/p>\n<p><span style=\"color: #444950;\">Taleh Mansur-\u015fair, AYB-nin \u00fczv\u00fc<\/span><\/p>\n<\/div>\n<p class=\"bawpvc-ajax-counter\" data-id=\"15921\">Yaz\u0131ya 754 d\u0259f\u0259 bax\u0131l\u0131b<\/p>\n","protected":false},"excerpt":{"rendered":"<p>Bir qrup ziyal\u0131n\u0131n, yazarlar\u0131n v\u0259 ictimai f\u0259allar\u0131n Az\u0259rbaycan Respublikas\u0131n\u0131n T\u0259hsil Naziri c\u0259nab Emin \u018fmrullayev\u0259 m\u00fcraci\u0259ti H\u00f6rm\u0259tli c\u0259nab nazir! Allah\u015f\u00fck\u00fcr A\u011eA (A\u011fayev Allah\u015f\u00fck\u00fcr G\u00fcl\u0259hm\u0259d o\u011flu) 1991-ci il, 18 iyulda, Saatl\u0131 rayonunun \u018fhm\u0259db\u0259yli (ke\u00e7mi\u015f Telmank\u0259nd) k\u0259ndind\u0259 anadan olmu\u015fdur. 2008-ci ild\u0259 \u018fhm\u0259db\u0259yli k\u0259nd tam orta m\u0259kt\u0259binin m\u0259zunu olub. 2013-c\u00fc ild\u0259 Az\u0259rbaycan M\u00fc\u0259lliml\u0259r \u0130nstitutunun \u201cFilologiya\u201d fak\u00fclt\u0259sini \u201c bitirib. U\u015faql\u0131q [&hellip;]<\/p>\n","protected":false},"author":1,"featured_media":0,"comment_status":"closed","ping_status":"closed","sticky":false,"template":"","format":"standard","meta":[],"categories":[5],"tags":[],"_links":{"self":[{"href":"https:\/\/kultur.az\/index.php?rest_route=\/wp\/v2\/posts\/15921"}],"collection":[{"href":"https:\/\/kultur.az\/index.php?rest_route=\/wp\/v2\/posts"}],"about":[{"href":"https:\/\/kultur.az\/index.php?rest_route=\/wp\/v2\/types\/post"}],"author":[{"embeddable":true,"href":"https:\/\/kultur.az\/index.php?rest_route=\/wp\/v2\/users\/1"}],"replies":[{"embeddable":true,"href":"https:\/\/kultur.az\/index.php?rest_route=%2Fwp%2Fv2%2Fcomments&post=15921"}],"version-history":[{"count":5,"href":"https:\/\/kultur.az\/index.php?rest_route=\/wp\/v2\/posts\/15921\/revisions"}],"predecessor-version":[{"id":15930,"href":"https:\/\/kultur.az\/index.php?rest_route=\/wp\/v2\/posts\/15921\/revisions\/15930"}],"wp:attachment":[{"href":"https:\/\/kultur.az\/index.php?rest_route=%2Fwp%2Fv2%2Fmedia&parent=15921"}],"wp:term":[{"taxonomy":"category","embeddable":true,"href":"https:\/\/kultur.az\/index.php?rest_route=%2Fwp%2Fv2%2Fcategories&post=15921"},{"taxonomy":"post_tag","embeddable":true,"href":"https:\/\/kultur.az\/index.php?rest_route=%2Fwp%2Fv2%2Ftags&post=15921"}],"curies":[{"name":"wp","href":"https:\/\/api.w.org\/{rel}","templated":true}]}}