{"id":16041,"date":"2020-10-13T12:57:02","date_gmt":"2020-10-13T07:57:02","guid":{"rendered":"http:\/\/kultur.az\/?p=16041"},"modified":"2020-10-13T12:58:49","modified_gmt":"2020-10-13T07:58:49","slug":"dusm%c9%99nin-butun-c%c9%99bh%c9%99-boyu-f%c9%99aliyy%c9%99tinin-qarsisi-alinib","status":"publish","type":"post","link":"https:\/\/kultur.az\/?p=16041","title":{"rendered":"D\u00fc\u015fm\u0259nin b\u00fct\u00fcn c\u0259bh\u0259 boyu f\u0259aliyy\u0259tinin qar\u015f\u0131s\u0131 al\u0131n\u0131b"},"content":{"rendered":"<div class=\"vi_text\" style=\"color: #000000;\">\n<p><a href=\"http:\/\/kultur.az\/wp-content\/uploads\/2020\/10\/m\u00fcdafi\u0259-nazirliyi.jpg\"><img decoding=\"async\" loading=\"lazy\" class=\"alignleft size-medium wp-image-16042\" src=\"http:\/\/kultur.az\/wp-content\/uploads\/2020\/10\/m\u00fcdafi\u0259-nazirliyi-300x211.jpg\" alt=\"m\u00fcdafi\u0259 nazirliyi\" width=\"300\" height=\"211\" \/><\/a>Humanitar at\u0259\u015fk\u0259s rejimin\u0259 \u0259m\u0259l etm\u0259y\u0259n Erm\u0259nistan silahl\u0131 q\u00fcvv\u0259l\u0259rinin b\u00f6lm\u0259l\u0259ri yenid\u0259n qrupla\u015fma v\u0259 yerd\u0259yi\u015fm\u0259 apararaq c\u0259bh\u0259nin b\u0259zi istiqam\u0259tl\u0259rind\u0259 ki\u00e7ik qruplarla Az\u0259rbaycan Ordusunun m\u00f6vqel\u0259rin\u0259 basq\u0131n etm\u0259y\u0259 c\u0259hd g\u00f6st\u0259rib.<br \/>\nOktyabr\u0131n 12-d\u0259n 13-\u0259 ke\u00e7\u0259n gec\u0259 c\u0259bh\u0259nin A\u011fd\u0259r\u0259-A\u011fdam v\u0259 F\u00fczuli- Hadrut istiqam\u0259tl\u0259rind\u0259 \u00fcmumi v\u0259ziyy\u0259t g\u0259rgin olaraq qal\u0131b.<br \/>\nAz\u0259rbaycan Ordusu t\u0259r\u0259find\u0259n h\u0259yata ke\u00e7iril\u0259n f\u0259aliyy\u0259tl\u0259r n\u0259tic\u0259sind\u0259 c\u0259bh\u0259nin m\u00fcxt\u0259lif istiqam\u0259tl\u0259rind\u0259 d\u00fc\u015fm\u0259nin xeyli sayda canl\u0131 q\u00fcvv\u0259si, 3 \u0259d\u0259d BM-21 \u201cQrad\u201d YARS, 1 \u0259d\u0259d \u201cTor-M2KM\u201d ZRK, 1 \u0259d\u0259d ZSU-23-4 \u201c\u015eilka\u201d \u00f6z\u00fcyeriy\u0259n zenit qur\u011fusu, 2 \u0259d\u0259d PDM-2, 3 \u0259d\u0259d 2\u041036 \u201cQiasint-B\u201d topu, 1 \u0259d\u0259d KS-19 zenit topu, 1 \u0259d\u0259d D-20 haubitsa topu, 3 \u0259d\u0259d PUA, bir ne\u00e7\u0259 avtomobil texnikas\u0131 m\u0259hv edilib v\u0259 s\u0131radan \u00e7\u0131xar\u0131l\u0131b.<br \/>\n\u018fld\u0259 olunan m\u0259lumata \u0259sas\u0259n d\u00f6y\u00fc\u015f \u0259m\u0259liyyatlar\u0131 zaman\u0131 Erm\u0259nistan silahl\u0131 q\u00fcvv\u0259l\u0259rinin 5-ci da\u011fat\u0131c\u0131 alay\u0131n\u0131n m\u00fcdafi\u0259 sah\u0259sind\u0259 m\u00f6vqe tutan \u015f\u0259xsi hey\u0259ti m\u0259hv edilib, 1-ci motoat\u0131c\u0131 alay\u0131n bir b\u00f6l\u00fcy\u0259 q\u0259d\u0259r canl\u0131 q\u00fcvv\u0259si pusquya sal\u0131n\u0131b, h\u0259r\u0259k\u0259td\u0259 olan avtomobil texnikas\u0131 s\u0131radan \u00e7\u0131xar\u0131l\u0131b.<br \/>\n\u018fsg\u0259ran istiqam\u0259tind\u0259 h\u0259r\u0259k\u0259t ed\u0259n 4-c\u00fc motoat\u0131c\u0131 alay\u0131n avtomobil texnikas\u0131 kolonu v\u0259 Erm\u0259nistan\u0131n Sisian ya\u015fay\u0131\u015f m\u0259nt\u0259q\u0259si istiqam\u0259tind\u0259n i\u015f\u011fal olunmu\u015f \u0259razil\u0259rimiz\u0259 do\u011fru h\u0259r\u0259k\u0259t ed\u0259n k\u00f6n\u00fcll\u00fcl\u0259rd\u0259n ibar\u0259t bir qrup at\u0259\u015f z\u0259rb\u0259si il\u0259 m\u0259hv edilib.<br \/>\nM\u00fcqavim\u0259ti q\u0131r\u0131lan d\u00fc\u015fm\u0259n b\u00f6lm\u0259l\u0259rind\u0259 k\u00fctl\u0259vi f\u0259rarilik hallar\u0131 m\u00fc\u015fahid\u0259 olunur.<br \/>\nHumanitar at\u0259\u015fk\u0259s rejimin\u0259 \u0259m\u0259l ed\u0259n qo\u015funlar\u0131m\u0131z b\u00fct\u00fcn c\u0259bh\u0259 boyu \u0259m\u0259liyyat \u00fcst\u00fcnl\u00fcy\u00fcn\u00fc saxlay\u0131r.<\/p>\n<\/div>\n<p>&nbsp;<\/p>\n<p>https:\/\/mod.gov.az\/az\/xeberler-791\/?month=2020-10&amp;pagen=1<\/p>\n<p class=\"bawpvc-ajax-counter\" data-id=\"16041\">Yaz\u0131ya 381 d\u0259f\u0259 bax\u0131l\u0131b<\/p>\n","protected":false},"excerpt":{"rendered":"<p>Humanitar at\u0259\u015fk\u0259s rejimin\u0259 \u0259m\u0259l etm\u0259y\u0259n Erm\u0259nistan silahl\u0131 q\u00fcvv\u0259l\u0259rinin b\u00f6lm\u0259l\u0259ri yenid\u0259n qrupla\u015fma v\u0259 yerd\u0259yi\u015fm\u0259 apararaq c\u0259bh\u0259nin b\u0259zi istiqam\u0259tl\u0259rind\u0259 ki\u00e7ik qruplarla Az\u0259rbaycan Ordusunun m\u00f6vqel\u0259rin\u0259 basq\u0131n etm\u0259y\u0259 c\u0259hd g\u00f6st\u0259rib. Oktyabr\u0131n 12-d\u0259n 13-\u0259 ke\u00e7\u0259n gec\u0259 c\u0259bh\u0259nin A\u011fd\u0259r\u0259-A\u011fdam v\u0259 F\u00fczuli- Hadrut istiqam\u0259tl\u0259rind\u0259 \u00fcmumi v\u0259ziyy\u0259t g\u0259rgin olaraq qal\u0131b. Az\u0259rbaycan Ordusu t\u0259r\u0259find\u0259n h\u0259yata ke\u00e7iril\u0259n f\u0259aliyy\u0259tl\u0259r n\u0259tic\u0259sind\u0259 c\u0259bh\u0259nin m\u00fcxt\u0259lif istiqam\u0259tl\u0259rind\u0259 d\u00fc\u015fm\u0259nin xeyli sayda [&hellip;]<\/p>\n","protected":false},"author":1,"featured_media":0,"comment_status":"closed","ping_status":"closed","sticky":false,"template":"","format":"standard","meta":[],"categories":[5],"tags":[],"_links":{"self":[{"href":"https:\/\/kultur.az\/index.php?rest_route=\/wp\/v2\/posts\/16041"}],"collection":[{"href":"https:\/\/kultur.az\/index.php?rest_route=\/wp\/v2\/posts"}],"about":[{"href":"https:\/\/kultur.az\/index.php?rest_route=\/wp\/v2\/types\/post"}],"author":[{"embeddable":true,"href":"https:\/\/kultur.az\/index.php?rest_route=\/wp\/v2\/users\/1"}],"replies":[{"embeddable":true,"href":"https:\/\/kultur.az\/index.php?rest_route=%2Fwp%2Fv2%2Fcomments&post=16041"}],"version-history":[{"count":2,"href":"https:\/\/kultur.az\/index.php?rest_route=\/wp\/v2\/posts\/16041\/revisions"}],"predecessor-version":[{"id":16044,"href":"https:\/\/kultur.az\/index.php?rest_route=\/wp\/v2\/posts\/16041\/revisions\/16044"}],"wp:attachment":[{"href":"https:\/\/kultur.az\/index.php?rest_route=%2Fwp%2Fv2%2Fmedia&parent=16041"}],"wp:term":[{"taxonomy":"category","embeddable":true,"href":"https:\/\/kultur.az\/index.php?rest_route=%2Fwp%2Fv2%2Fcategories&post=16041"},{"taxonomy":"post_tag","embeddable":true,"href":"https:\/\/kultur.az\/index.php?rest_route=%2Fwp%2Fv2%2Ftags&post=16041"}],"curies":[{"name":"wp","href":"https:\/\/api.w.org\/{rel}","templated":true}]}}