{"id":16081,"date":"2020-11-13T21:42:36","date_gmt":"2020-11-13T17:42:36","guid":{"rendered":"http:\/\/kultur.az\/?p=16081"},"modified":"2020-11-13T21:42:36","modified_gmt":"2020-11-13T17:42:36","slug":"faiq-balab%c9%99yli-erm%c9%99ni-xisl%c9%99tinin-kol%c9%99si-v%c9%99-usaq-qatili-olan-dovl%c9%99tl%c9%99r-rusiya-fransa-abs","status":"publish","type":"post","link":"https:\/\/kultur.az\/?p=16081","title":{"rendered":"Faiq Balab\u0259yli &#8211; Erm\u0259ni xisl\u0259tinin k\u00f6l\u0259si v\u0259 u\u015faq qatili olan d\u00f6vl\u0259tl\u0259r \u2013 Rusiya, Fransa, AB\u015e"},"content":{"rendered":"<p><a href=\"http:\/\/kultur.az\/wp-content\/uploads\/2018\/11\/22135464_1238063619633364_5277622417509774505_o.jpg\"><img decoding=\"async\" loading=\"lazy\" class=\"aligncenter size-medium wp-image-11443\" src=\"http:\/\/kultur.az\/wp-content\/uploads\/2018\/11\/22135464_1238063619633364_5277622417509774505_o-300x300.jpg\" alt=\"22135464_1238063619633364_5277622417509774505_o\" width=\"300\" height=\"300\" \/><\/a>Az\u0259rbaycan\u0131n \u0259z\u0259li torpaqlar\u0131nda Rusiya t\u0259r\u0259find\u0259n s\u00fcn\u00fc \u015f\u0259kild\u0259 qurulan Erm\u0259nistan adl\u0131 \u0259ld\u0259qay\u0131rma d\u00f6vl\u0259tin Az\u0259rbaycana t\u0259cav\u00fcz\u00fcn\u0259 son qoyuldu.\u00a0 A\u00e7\u0131q d\u00f6y\u00fc\u015fd\u0259 uduzan, Az\u0259rbaycan \u0259sg\u0259rin\u0259 cavab ver\u0259 bilm\u0259y\u0259n oyuncaq Erm\u0259nistan davaml\u0131 olaraq dinc \u0259haliy\u0259 divan tutmaqla havadarlar\u0131 olan Rusiyan\u0131 m\u00fcnaqi\u015f\u0259y\u0259 c\u0259lb etm\u0259k ist\u0259di, amma al\u0131nmad\u0131. Ali Ba\u015f Komandan\u0131m\u0131z\u0131n d\u0259f\u0259l\u0259rl\u0259 dediyi kimi, biz dinc \u0259halinin qisas\u0131n\u0131 d\u00fc\u015fm\u0259nd\u0259n d\u00f6y\u00fc\u015f d\u00f6y\u00fc\u015fd\u0259 ald\u0131q.<\/p>\n<p>44 g\u00fcnl\u00fck d\u00f6y\u00fc\u015f zaman\u0131 aciz qalan Erm\u0259nistan\u0131n dinc \u0259haliy\u0259 divan tutmas\u0131n\u0131 AT\u018fT-in Minsk qrupunun 3 h\u0259ms\u0259dr d\u00f6vl\u0259tl\u0259ri &#8211; Rusiya, Fransa, AB\u015e susraq seyr etdi. T\u0259kc\u0259 seyr etdimi? \u018flb\u0259tt\u0259 yox, Erm\u0259nistana bu q\u0259tliamda r\u0259vac verib, onlara maddi v\u0259 m\u0259n\u0259vi d\u0259st\u0259k\u00e7i olmaqla da\u00a0 d\u00f6vl\u0259tl\u0259rinin insanl\u0131qdan uzaq olan \u0259m\u0259l sahibi olmalar\u0131n\u0131 s\u00fcbut etdil\u0259r.<\/p>\n<p>Rusiyan\u0131n TV-l\u0259rind\u0259 iyr\u0259nc v\u0259 bo\u015fbo\u011faz, qeyri obyektiv jurnalistl\u0259rin m\u00fc\u0259llif verli\u015fl\u0259rin\u0259 bax\u0131b, \u0259slind\u0259 o verli\u015fd\u0259 c\u0259ryan edil\u0259nl\u0259rin, dan\u0131\u015f\u0131lanlar\u0131n Rusiyan\u0131n d\u00f6vl\u0259t olaraq bu m\u00fcharib\u0259d\u0259 iyr\u0259nc ikili, riyakar m\u00f6vqeyind\u0259 olmaq q\u0259na\u0259tin\u0259 g\u0259lm\u0259k olar.<br \/>\nT\u0259rt\u0259rd\u0259, G\u0259nc\u0259d\u0259, X\u0131z\u0131da, K\u00fcrd\u0259mird\u0259, Goranboyda, G\u00f6yg\u00f6ld\u0259, A\u011fcab\u0259did\u0259, Ming\u0259\u00e7evird\u0259\u00a0 ruslar\u0131n erm\u0259nil\u0259r\u0259 pay verdiyi raketl\u0259rin partlad\u0131laraq dinc \u0259haliy\u0259 q\u0259sd edilm\u0259sin\u0259 d\u00f6z\u00fcl\u00fcrs\u0259, dem\u0259k bu iyr\u0259nc \u0259m\u0259l\u0259 Rusiyan\u0131n siyasi elitas\u0131 r\u0259vac verirmi\u015f.<\/p>\n<p>H\u0259r k\u0259s bilir ki, Erm\u0259nistan Rusiyan\u0131n yata\u011f\u0131na sal\u0131nan fahi\u015f\u0259 qad\u0131n kimidir v\u0259 Rusiya ist\u0259diyi zaman bu fahi\u015f\u0259d\u0259n ist\u0259diyi kimi yararlana bil\u0259r v\u0259 yararlan\u0131r da.<\/p>\n<p>Art\u0131q m\u00fcharib\u0259 sona \u00e7at\u0131b, dem\u0259k olar. \u018flb\u0259tt\u0259, Rusiya \u00f6z\u00fcn\u00fcn imzas\u0131na h\u00f6rm\u0259tl\u0259 yana\u015fsa, he\u00e7 bir provokasiyaya yol verm\u0259s\u0259. B\u00fct\u00fcn d\u00f6vrl\u0259rd\u0259 oldu\u011fu kimi, erm\u0259nil\u0259r\u0259 day\u0131l\u0131q etm\u0259s\u0259, \u0259minlikl\u0259 dem\u0259k olar ki, b\u00f6lg\u0259d\u0259 h\u0259yat sakit davam ed\u0259c\u0259k. H\u0259l\u0259ki \u0259ld\u0259 olunan raz\u0131l\u0131q, imzalanan s\u00fclh m\u00fcqavil\u0259si bundan x\u0259b\u0259r verir. \u0130nanaq ki, sona q\u0259d\u0259r bel\u0259 d\u0259 olacaq.<\/p>\n<p>\u018fg\u0259r Rusiyan\u0131n Xarici \u0130\u015fl\u0259r Naziri Sergey Lavrov (erm\u0259ni soyad\u0131 K\u0259l\u0259nt\u0259rov), Rusiya Dumas\u0131n\u0131n \u00fczvl\u0259ri, deputatlar\u00a0 Jirnovski, Zatulin v\u0259 dig\u0259rl\u0259ri yalaq dibi yalayaraq Rusiyan\u0131n Az\u0259rbaycan v\u0259 az\u0259rbaycanl\u0131lara qar\u015f\u0131\u00a0 iyr\u0259nc fikirl\u0259rini ictimail\u0259\u015fdirm\u0259s\u0259l\u0259r.<br \/>\nRusiya TV-l\u0259rind\u0259 apar\u0131lan siyasi \u2013 \u015foularda Rusiya elitas\u0131, ziyal\u0131s\u0131 kimi d\u0259v\u0259tli olunan bo\u015fbo\u011fzalara qulaq asd\u0131qca insanda ikrah hissi oyan\u0131r. \u018flb\u0259tt\u0259, bu onlar\u0131n \u00f6z i\u015fidir; h\u0259r k\u0259s \u00f6z\u00fcn\u00fcn t\u0259rbiy\u0259sini, b\u0259\u015f\u0259ri olmas\u0131n\u0131, insan olma\u011f\u0131n\u0131, haqq v\u0259 \u0259dal\u0259t car\u00e7\u0131s\u0131 v\u0259 \u0259n nah\u0259y\u0259t K\u0130\u015e\u0130 olmas\u0131n\u0131 s\u0259rgil\u0259yir. M\u0259n birm\u0259nal\u0131 olaraq siyas\u0259t fahi\u015f\u0259likdir, deyiminin \u0259ksin\u0259y\u0259m; ki\u015filik h\u0259r yerd\u0259 v\u0259 h\u0259r sah\u0259d\u0259 var, biz bunu T\u00fcrkiy\u0259, Az\u0259rbycan, Pakistan, Ukrayna, v\u0259 el\u0259 Rusiya siyas\u0259t\u00e7il\u0259ri aras\u0131nda az g\u00f6rm\u0259mi\u015fik. Lakin, solovyovlar kimil\u0259rin siyasi tok-\u015foular\u0131na d\u0259v\u0259tli olanlar\u0131n b\u0259zil\u0259ri \u00f6zl\u0259rinin t\u0259rbiy\u0259l\u0259ri, bit\u0259r\u0259f fikirl\u0259ri il\u0259 t\u0259kc\u0259 \u00f6zl\u0259ri haqda deyil, d\u00fcnyan\u0131n \u0259sas s\u00f6z sahibl\u0259ri olan \u00f6lk\u0259l\u0259ri haqda iyr\u0259nc fikir yarad\u0131rlar.<\/p>\n<p>Rusiya prezidenti V. Putin v\u0259 onun \u0259traf\u0131nda olan azsayl\u0131 obyektiv siyas\u0259t\u00e7il\u0259r is\u0259 bu biab\u0131r\u00e7\u0131l\u0131\u011fa d\u00f6z\u00fcr. Bu d\u00f6zm\u0259k is\u0259 ondan x\u0259b\u0259r verir ki, bu qar\u011fa-quz\u011fun s\u00fcr\u00fcs\u00fc el\u0259 Kremilin a\u00e7\u0131q dey\u0259 bilm\u0259diyi s\u00f6z\u00fc deyir. Yoxsa, bel\u0259 hal ola bilm\u0259z v\u0259 bu he\u00e7 d\u0259 s\u00f6z azadl\u0131\u011f\u0131, ifad\u0259 azadl\u0131\u011f\u0131 deyil ki, h\u0259min verli\u015fd\u0259 \u00f6lk\u0259 siyas\u0259tinin \u0259ksin\u0259 gedib \u0259sl q\u0259sbkar, i\u015f\u011fal\u00e7\u0131, araqar\u0131\u015fd\u0131ran t\u0259r\u0259f kimi \u00e7\u0131x\u0131\u015f etsinl\u0259r. \u018fg\u0259r el\u0259dirs\u0259, h\u0259min verli\u015fl\u0259r\u0259 d\u0259v\u0259t olunan obyektiv fikirli politoloqlara, ekspertl\u0259r\u0259 qar\u011fa quz\u011fun le\u015f \u00fcz\u0259rin\u0259 cuman kimi cummazd\u0131lar&#8230;<\/p>\n<p>\u0130t h\u00fcr\u0259r, karvan ke\u00e7\u0259r, deyibl\u0259r. Biz karvan\u0131m\u0131z\u0131 s\u00fcr\u0259k. Rusiya erm\u0259nil\u0259rin h\u0259mi\u015f\u0259 arxas\u0131nda durub. Bu arxada durma iki c\u00fcr ba\u015fa d\u00fc\u015f\u00fcl\u0259 bil\u0259r. H\u0259m onlar\u0131 qorumaq v\u0259 m\u00fcdafi\u0259 etm\u0259k, h\u0259m d\u0259 onlarda zopa kimi istifad\u0259 etm\u0259k, \u0259\u015fya kimi davranmaq, kiminl\u0259s\u0259 m\u00fcnasib\u0259tl\u0259ri ayd\u0131nla\u015fd\u0131rmaq ist\u0259s\u0259l\u0259r bu a\u011f\u0131ls\u0131z toplumdan istifad\u0259 etsinl\u0259r. Nec\u0259 ki, edirl\u0259r.<br \/>\nErm\u0259ni qudur\u011fanl\u0131\u011f\u0131 o h\u0259dd\u0259 \u00e7at\u0131b ki, onlar b\u0259z\u0259n Rusiyan\u0131 \u00f6zl\u0259rinin marionetkas\u0131 hesab edir. Guya bu formala\u015fmam\u0131\u015f toplumun \u0259v\u0259zin\u0259 Rusiya qon\u015fu d\u00f6vl\u0259tl\u0259rl\u0259 m\u00fcnasib\u0259ti pozmal\u0131 v\u0259 m\u00fcharib\u0259y\u0259 girm\u0259lidir. Axmaqlar h\u0259l\u0259 d\u0259 ba\u015fa d\u00fc\u015fm\u00fcr ki, Rusiya d\u00fcnyada az sayl\u0131 d\u00f6vl\u0259tl\u0259rd\u0259ndir ki, s\u00fclhsev\u0259rlik bu \u00f6lk\u0259nin siyasi elitas\u0131n\u0131n yaln\u0131z dilind\u0259dir, \u0259m\u0259lind\u0259 deyil. M\u00fcharib\u0259 ist\u0259s\u0259 m\u00fcharib\u0259 ed\u0259c\u0259k v\u0259 bunun\u00e7\u00fcn d\u0259 erm\u0259ni t\u0259cav\u00fcz\u00fcnd\u0259n, a\u011f\u0131ls\u0131zl\u0131<\/p>\n<p>Indan, k\u00f6l\u0259liyind\u0259n istifad\u0259 ed\u0259c\u0259k. Nec\u0259 ki, Abxaziya- G\u00fcrc\u00fcstan \u2013 Rusiya m\u0259s\u0259l\u0259sinin h\u0259llind\u0259 erm\u0259nil\u0259rin\u00a0 2baqramyan\u201d terror d\u0259st\u0259sind\u0259 istifad\u0259 olundu v\u0259 bu toplum qad\u0131n, qoca, u\u015faq bilm\u0259d\u0259n g\u00fcnahs\u0131z insanlar\u0131 q\u0259tl\u0259 yetirdi, onlar\u0131 s\u00fcng\u00fcy\u0259 ke\u00e7irdi. Rusa it kimi xidm\u0259t etdi.<\/p>\n<p>\u0130nanmaq ist\u0259yir\u0259m ki, Az\u0259rbaycan \u0259razi b\u00fct\u00f6vl\u00fcy\u00fcn\u00fc t\u0259min etm\u0259k \u00fc\u00e7\u00fcn apard\u0131\u011f\u0131 haqq sava\u015f\u0131na Erm\u0259ni toplumunun \u2013 Erm\u0259nistan adlanan g\u00fcl\u00fcnc v\u0259 \u0259ld\u0259qay\u0131rma bir d\u00f6vl\u0259tin t\u0259hrikl\u0259rin\u0259, t\u0259hdidl\u0259rin\u0259, t\u0259hqirl\u0259rin\u0259 v\u0259 yalvar\u0131\u015flar\u0131na baxmayaraq obyektiv m\u00fcnasib\u0259t b\u0259sl\u0259y\u0259n Rusiya sona q\u0259d\u0259r \u00f6z imzas\u0131na h\u00f6rm\u0259tl\u0259 yana\u015facaq. Prezident V. Putin Lavrovlar\u0131n, Jirnoviskil\u0259rin v\u0259 dig\u0259r insanl\u0131\u011fa, haqqa\u00a0 yad olanlar\u0131n, erm\u0259nisev\u0259rl\u0259rin a\u011f\u0131zlar\u0131n\u0131n pis qoxusuna fikir verm\u0259y\u0259c\u0259k. Az\u0259rbaycan v\u0259t\u0259nda\u015flar\u0131n\u0131n, erm\u0259ni v\u0259 az\u0259rbaycanl\u0131lar\u0131n Az\u0259rbaycan \u0259razisind\u0259 birg\u0259 ya\u015famas\u0131 \u00fc\u00e7\u00fcn s\u00f6z\u00fcn h\u0259qiqi m\u0259nas\u0131nda s\u00fclhm\u0259raml\u0131 olduqlar\u0131n\u0131 n\u00fcmayi\u015f etdir\u0259c\u0259k&#8230;<\/p>\n<p>&nbsp;<\/p>\n<p>&nbsp;<\/p>\n<p>&nbsp;<\/p>\n<p>&nbsp;<\/p>\n<p>&nbsp;<\/p>\n<p>&nbsp;<\/p>\n<p>&nbsp;<\/p>\n<p>&nbsp;<\/p>\n<p>&nbsp;<\/p>\n<p class=\"bawpvc-ajax-counter\" data-id=\"16081\">Yaz\u0131ya 612 d\u0259f\u0259 bax\u0131l\u0131b<\/p>\n","protected":false},"excerpt":{"rendered":"<p>Az\u0259rbaycan\u0131n \u0259z\u0259li torpaqlar\u0131nda Rusiya t\u0259r\u0259find\u0259n s\u00fcn\u00fc \u015f\u0259kild\u0259 qurulan Erm\u0259nistan adl\u0131 \u0259ld\u0259qay\u0131rma d\u00f6vl\u0259tin Az\u0259rbaycana t\u0259cav\u00fcz\u00fcn\u0259 son qoyuldu.\u00a0 A\u00e7\u0131q d\u00f6y\u00fc\u015fd\u0259 uduzan, Az\u0259rbaycan \u0259sg\u0259rin\u0259 cavab ver\u0259 bilm\u0259y\u0259n oyuncaq Erm\u0259nistan davaml\u0131 olaraq dinc \u0259haliy\u0259 divan tutmaqla havadarlar\u0131 olan Rusiyan\u0131 m\u00fcnaqi\u015f\u0259y\u0259 c\u0259lb etm\u0259k ist\u0259di, amma al\u0131nmad\u0131. Ali Ba\u015f Komandan\u0131m\u0131z\u0131n d\u0259f\u0259l\u0259rl\u0259 dediyi kimi, biz dinc \u0259halinin qisas\u0131n\u0131 d\u00fc\u015fm\u0259nd\u0259n d\u00f6y\u00fc\u015f d\u00f6y\u00fc\u015fd\u0259 ald\u0131q. [&hellip;]<\/p>\n","protected":false},"author":1,"featured_media":0,"comment_status":"closed","ping_status":"closed","sticky":false,"template":"","format":"standard","meta":[],"categories":[6],"tags":[],"_links":{"self":[{"href":"https:\/\/kultur.az\/index.php?rest_route=\/wp\/v2\/posts\/16081"}],"collection":[{"href":"https:\/\/kultur.az\/index.php?rest_route=\/wp\/v2\/posts"}],"about":[{"href":"https:\/\/kultur.az\/index.php?rest_route=\/wp\/v2\/types\/post"}],"author":[{"embeddable":true,"href":"https:\/\/kultur.az\/index.php?rest_route=\/wp\/v2\/users\/1"}],"replies":[{"embeddable":true,"href":"https:\/\/kultur.az\/index.php?rest_route=%2Fwp%2Fv2%2Fcomments&post=16081"}],"version-history":[{"count":1,"href":"https:\/\/kultur.az\/index.php?rest_route=\/wp\/v2\/posts\/16081\/revisions"}],"predecessor-version":[{"id":16082,"href":"https:\/\/kultur.az\/index.php?rest_route=\/wp\/v2\/posts\/16081\/revisions\/16082"}],"wp:attachment":[{"href":"https:\/\/kultur.az\/index.php?rest_route=%2Fwp%2Fv2%2Fmedia&parent=16081"}],"wp:term":[{"taxonomy":"category","embeddable":true,"href":"https:\/\/kultur.az\/index.php?rest_route=%2Fwp%2Fv2%2Fcategories&post=16081"},{"taxonomy":"post_tag","embeddable":true,"href":"https:\/\/kultur.az\/index.php?rest_route=%2Fwp%2Fv2%2Ftags&post=16081"}],"curies":[{"name":"wp","href":"https:\/\/api.w.org\/{rel}","templated":true}]}}