{"id":16134,"date":"2020-12-15T22:57:19","date_gmt":"2020-12-15T18:57:19","guid":{"rendered":"http:\/\/kultur.az\/?p=16134"},"modified":"2020-12-15T22:57:19","modified_gmt":"2020-12-15T18:57:19","slug":"huseyn-huseynov-biz-usaqlarimizin-g%c9%99l%c9%99c%c9%99yi-ucun-savasdiq","status":"publish","type":"post","link":"https:\/\/kultur.az\/?p=16134","title":{"rendered":"H\u00fcseyn H\u00fcseynov &#8211; Biz u\u015faqlar\u0131m\u0131z\u0131n g\u0259l\u0259c\u0259yi \u00fc\u00e7\u00fcn sava\u015fd\u0131q&#8230;."},"content":{"rendered":"<div dir=\"auto\"><a href=\"http:\/\/kultur.az\/wp-content\/uploads\/2020\/12\/120442390_333833278067461_400178133545438362_o.jpg\"><img decoding=\"async\" loading=\"lazy\" class=\"alignleft wp-image-16135 size-medium\" src=\"http:\/\/kultur.az\/wp-content\/uploads\/2020\/12\/120442390_333833278067461_400178133545438362_o-300x179.jpg\" alt=\"120442390_333833278067461_400178133545438362_o\" width=\"300\" height=\"179\" \/><\/a>\u00d6z Ana yurdumuzu i\u015f\u011faldan azad etm\u0259k u\u011furunda apard\u0131\u011f\u0131m\u0131z v\u0259t\u0259n m\u00fcharib\u0259si ba\u015flayanda m\u0259n d\u0259 \u00f6z borcumu k\u00f6n\u00fcll\u00fc yerin\u0259 yetirm\u0259k \u00fc\u00e7\u00fcn c\u0259bh\u0259y\u0259 yolland\u0131m. Bu haqq sava\u015f\u0131m\u0131z bizim q\u0259l\u0259b\u0259miz il\u0259 bitdi. V\u0259 indi biz evd\u0259yik. Biz Az\u0259rbaycan\u0131n \u0259z\u0259li torpaqlar\u0131 olan Qaraba\u011f\u0131m\u0131z\u0131n z\u0259f\u0259ri il\u0259 geri d\u00f6nd\u00fck. Qaraba\u011fda son g\u00fcc\u00fcn\u0259 q\u0259d\u0259r d\u00f6y\u00fc\u015f\u0259n Az\u0259rbaycan Ordusunu \u00f6z\u00fcm d\u0259 daxil olmaqla t\u0259brik edir\u0259m.<\/div>\n<div dir=\"auto\">\u015e\u0259hidlik zirv\u0259sin\u0259 ucalan b\u00fct\u00fcn h\u0259rbi xidm\u0259tini yerin\u0259 yetir\u0259n v\u0259 k\u00f6n\u00fcll\u00fc \u0259sg\u0259r yolda\u015flar\u0131ma v\u0259 zabit hey\u0259tin\u0259 Allahdan r\u0259hm\u0259t dil\u0259yir\u0259m. \u015e\u0259hid ail\u0259l\u0259rin\u0259, yax\u0131nlar\u0131na dem\u0259k ist\u0259yir\u0259m ki, siz daim \u015f\u0259hidl\u0259rl\u0259 f\u0259xr etm\u0259lisiniz, onlar bu v\u0259t\u0259nin b\u00fct\u00f6vl\u00fcy\u00fcn\u00fc \u00f6z qanlar\u0131-canlar\u0131 bahas\u0131na \u0259ld\u0259 etdil\u0259r. X\u0259sar\u0259t alan igidl\u0259rimiz\u0259 is\u0259 \u015f\u0259falar dil\u0259yir\u0259m. Onlar\u0131 Az\u0259rbaycan xalq\u0131 he\u00e7 zaman unutmayacaq.<\/div>\n<div dir=\"auto\">Biz Az\u0259rbaycan Respublikas\u0131n\u0131n \u0259razi b\u00fct\u00f6vl\u00fcy\u00fc \u00fc\u00e7\u00fcn sava\u015fd\u0131q, biz u\u015faqlar\u0131m\u0131z\u0131n g\u0259l\u0259c\u0259yi \u00fc\u00e7\u00fcn sava\u015fd\u0131q, onlar\u0131n daha t\u0259hl\u00fck\u0259siz v\u0259 b\u00fct\u00f6v Az\u0259rbaycan Respublikas\u0131nda ya\u015famas\u0131 \u00fc\u00e7\u00fcn sava\u015fd\u0131q. Art\u0131q yeni n\u0259sil \u00fc\u00e7\u00fcn \u201ci\u015f\u011falda olan torpaqlar\u0131m\u0131z\u201d anlay\u0131\u015f\u0131 olmayacaq, bunun \u0259v\u0259zin\u0259 \u201cvaxtil\u0259 i\u015f\u011fal olunmu\u015f tarixi Az\u0259rbaycan torpaqlar\u0131\u201d anlay\u0131\u015f\u0131 olacaq. V\u0259 m\u0259n \u0259min idim ki, c\u0259bh\u0259d\u0259 olmayan b\u00fct\u00fcn Az\u0259rbaycan xalq\u0131n\u0131n da \u00fcr\u0259yi biziml\u0259 d\u00f6y\u00fcn\u00fcrd\u00fc, h\u0259r g\u00fcn c\u0259bh\u0259d\u0259n g\u0259l\u0259n x\u0259b\u0259rl\u0259rl\u0259 yat\u0131b qalx\u0131rd\u0131n\u0131z, h\u0259r g\u00fcn h\u0259y\u0259canla bizim \u00fc\u00e7\u00fcn dua edirdiniz. C\u0259bray\u0131l, F\u00fczuli, Z\u0259ngilan, Qubadl\u0131, \u015eu\u015fa v\u0259 10 noyabr gec\u0259 saatlar\u0131ndan sonra b\u00fct\u00fcn i\u015f\u011falda olan torpaqlar\u0131m\u0131z t\u0259dricl\u0259 azad edil\u0259rk\u0259n Az\u0259rbacan ictimaiyy\u0259ti d\u0259, xalq\u0131m\u0131z bunu f\u0259r\u0259hl\u0259 payla\u015f\u0131b, h\u0259r k\u0259sin s\u0259mimi q\u0259lb\u0259n sevinci \u0259trafa i\u015f\u0131q kimi yay\u0131l\u0131b. \u0130ndi bunu b\u00fct\u00fcn sosial \u015f\u0259b\u0259k\u0259l\u0259r\u0259 baxark\u0259n g\u00f6r\u00fcr\u0259m.<\/div>\n<div dir=\"auto\">Bu \u201cV\u0259t\u0259n m\u00fcharib\u0259si\u201dnd\u0259 Erm\u0259nistan t\u0259r\u0259fi, separat\u00e7\u0131 Da\u011fl\u0131q Qaraba\u011f qondarma rejim terror\u00e7ular\u0131 v\u0259 onlar\u0131n gizlin v\u0259 a\u015fkar havadarlar\u0131 g\u00f6rd\u00fc ki, Az\u0259rbaycan-T\u00fcrk, xalq\u0131n\u0131n birliyi var, bu birliyi, m\u00f6hk\u0259mliyi, s\u0259daq\u0259ti s\u0131nd\u0131ra bilm\u0259zl\u0259r. El\u0259c\u0259 d\u0259 Az\u0259rbaycan \u2013 \u0130srail v\u0259 Az\u0259rbaycan \u2013 Pakistan xalqlar\u0131n\u0131n m\u00f6hk\u0259m dostlu\u011fu var, hans\u0131 ki h\u0259r sah\u0259d\u0259 bu dostluq \u00f6z\u00fcn\u00fc g\u00f6st\u0259rir, ist\u0259r m\u00fcharib\u0259, ist\u0259r m\u0259d\u0259niyy\u0259t, ist\u0259r elm, ist\u0259rs\u0259 d\u0259 g\u0259l\u0259c\u0259k perspektivl\u0259r.<\/div>\n<div dir=\"auto\">M\u0259n \u0259minlikl\u0259 dey\u0259 bil\u0259r\u0259m ki, Az\u0259rbaycan xalq\u0131 c\u0259bh\u0259d\u0259 d\u00f6y\u00fc\u015fl\u0259r ba\u015flayan g\u00fcnd\u0259n bir yumruq kimi birl\u0259\u015fdi, ham\u0131n\u0131n amal\u0131 ancaq \u0259razi b\u00fct\u00f6vl\u00fcy\u00fcm\u00fcz\u00fcn b\u0259rpas\u0131 idi. Bununla da b\u00fct\u00fcn Az\u0259rbaycan xalq\u0131 c\u0259nab Ali Ba\u015f Komandan \u0130lham \u018fliyevin Qaraba\u011f\u0131n azad olunmas\u0131 \u00fc\u00e7\u00fcn verdiyi tarixi \u0259mri sonuna q\u0259d\u0259r d\u0259st\u0259kl\u0259di v\u0259 bunun \u0259traf\u0131nda he\u00e7 bir iqtidar, m\u00fcxalif\u0259t, neytral c\u0259hb\u0259 dem\u0259k olar ki olmad\u0131, yekdillikl\u0259 Az\u0259rbaycan xalq\u0131n\u0131n d\u0259st\u0259yi oldu. Bel\u0259 h\u0259lledici v\u0259 \u00e7\u0259tin m\u0259qamda g\u00f6st\u0259rdiyi birliy\u0259, \u0259zm\u0259 v\u0259 \u015f\u00fcca\u0259t\u0259 g\u00f6r\u0259 xalq\u0131ma sonsuz minn\u0259tdarl\u0131\u011f\u0131m\u0131 bildirir\u0259m. Bu bizim xalq\u0131m\u0131z\u0131n vahidliyi dem\u0259k idi. Az\u0259rbaycan Respublikas\u0131n\u0131n Konstitusiyas\u0131nda \u201cXalq\u0131n vahidliyi\u201d madd\u0259si \u0259ks olunub. G\u00f6st\u0259rilir ki, \u201cAz\u0259rbaycan xalq\u0131n\u0131n vahidliyi Az\u0259rbaycan d\u00f6vl\u0259tinin t\u0259m\u0259lini t\u0259\u015fkil edir. Az\u0259rbaycan Respublikas\u0131 b\u00fct\u00fcn Az\u0259rbaycan Respublikas\u0131 v\u0259t\u0259nda\u015flar\u0131n\u0131n \u00fcmumi v\u0259 b\u00f6l\u00fcnm\u0259z v\u0259t\u0259nidir.\u201d H\u0259qiq\u0259t\u0259n d\u0259 biz bu birliyimizl\u0259 s\u00fcbut etdik ki, Az\u0259rbaycan Respublikas\u0131 milli kimliyind\u0259n, dilind\u0259n, dinind\u0259n, cinsind\u0259n, sosial m\u0259n\u015f\u0259yind\u0259n, d\u00fc\u015f\u00fcnc\u0259sind\u0259n as\u0131l\u0131 olmayaraq h\u0259r birimizin \u00fcmumi v\u0259 b\u00f6l\u00fcnm\u0259z v\u0259t\u0259nidir.<\/div>\n<p class=\"bawpvc-ajax-counter\" data-id=\"16134\">Yaz\u0131ya 556 d\u0259f\u0259 bax\u0131l\u0131b<\/p>\n","protected":false},"excerpt":{"rendered":"<p>\u00d6z Ana yurdumuzu i\u015f\u011faldan azad etm\u0259k u\u011furunda apard\u0131\u011f\u0131m\u0131z v\u0259t\u0259n m\u00fcharib\u0259si ba\u015flayanda m\u0259n d\u0259 \u00f6z borcumu k\u00f6n\u00fcll\u00fc yerin\u0259 yetirm\u0259k \u00fc\u00e7\u00fcn c\u0259bh\u0259y\u0259 yolland\u0131m. Bu haqq sava\u015f\u0131m\u0131z bizim q\u0259l\u0259b\u0259miz il\u0259 bitdi. V\u0259 indi biz evd\u0259yik. Biz Az\u0259rbaycan\u0131n \u0259z\u0259li torpaqlar\u0131 olan Qaraba\u011f\u0131m\u0131z\u0131n z\u0259f\u0259ri il\u0259 geri d\u00f6nd\u00fck. Qaraba\u011fda son g\u00fcc\u00fcn\u0259 q\u0259d\u0259r d\u00f6y\u00fc\u015f\u0259n Az\u0259rbaycan Ordusunu \u00f6z\u00fcm d\u0259 daxil olmaqla t\u0259brik edir\u0259m. [&hellip;]<\/p>\n","protected":false},"author":1,"featured_media":0,"comment_status":"closed","ping_status":"closed","sticky":false,"template":"","format":"standard","meta":[],"categories":[6],"tags":[],"_links":{"self":[{"href":"https:\/\/kultur.az\/index.php?rest_route=\/wp\/v2\/posts\/16134"}],"collection":[{"href":"https:\/\/kultur.az\/index.php?rest_route=\/wp\/v2\/posts"}],"about":[{"href":"https:\/\/kultur.az\/index.php?rest_route=\/wp\/v2\/types\/post"}],"author":[{"embeddable":true,"href":"https:\/\/kultur.az\/index.php?rest_route=\/wp\/v2\/users\/1"}],"replies":[{"embeddable":true,"href":"https:\/\/kultur.az\/index.php?rest_route=%2Fwp%2Fv2%2Fcomments&post=16134"}],"version-history":[{"count":1,"href":"https:\/\/kultur.az\/index.php?rest_route=\/wp\/v2\/posts\/16134\/revisions"}],"predecessor-version":[{"id":16136,"href":"https:\/\/kultur.az\/index.php?rest_route=\/wp\/v2\/posts\/16134\/revisions\/16136"}],"wp:attachment":[{"href":"https:\/\/kultur.az\/index.php?rest_route=%2Fwp%2Fv2%2Fmedia&parent=16134"}],"wp:term":[{"taxonomy":"category","embeddable":true,"href":"https:\/\/kultur.az\/index.php?rest_route=%2Fwp%2Fv2%2Fcategories&post=16134"},{"taxonomy":"post_tag","embeddable":true,"href":"https:\/\/kultur.az\/index.php?rest_route=%2Fwp%2Fv2%2Ftags&post=16134"}],"curies":[{"name":"wp","href":"https:\/\/api.w.org\/{rel}","templated":true}]}}