{"id":16164,"date":"2020-12-26T16:34:04","date_gmt":"2020-12-26T12:34:04","guid":{"rendered":"http:\/\/kultur.az\/?p=16164"},"modified":"2020-12-26T16:34:04","modified_gmt":"2020-12-26T12:34:04","slug":"polad-ur%c9%99kl%c9%99r-s%c9%99hid-%c9%99li-tagiyev-video","status":"publish","type":"post","link":"https:\/\/kultur.az\/?p=16164","title":{"rendered":"&#8220;Polad \u00fcr\u0259kl\u0259r&#8221; &#8211; \u015e\u0259hid \u018fli Ta\u011f\u0131yev (video)"},"content":{"rendered":"<p><a href=\"http:\/\/kultur.az\/wp-content\/uploads\/2020\/12\/\u0259li-ta\u011f\u0131yev.jpeg\"><img decoding=\"async\" loading=\"lazy\" class=\"alignleft wp-image-16165 size-medium\" src=\"http:\/\/kultur.az\/wp-content\/uploads\/2020\/12\/\u0259li-ta\u011f\u0131yev-300x300.jpeg\" alt=\"\u0259li ta\u011f\u0131yev\" width=\"300\" height=\"300\" srcset=\"https:\/\/kultur.az\/wp-content\/uploads\/2020\/12\/\u0259li-ta\u011f\u0131yev-300x300.jpeg 300w, https:\/\/kultur.az\/wp-content\/uploads\/2020\/12\/\u0259li-ta\u011f\u0131yev-150x150.jpeg 150w, https:\/\/kultur.az\/wp-content\/uploads\/2020\/12\/\u0259li-ta\u011f\u0131yev-50x50.jpeg 50w, https:\/\/kultur.az\/wp-content\/uploads\/2020\/12\/\u0259li-ta\u011f\u0131yev.jpeg 980w\" sizes=\"(max-width: 300px) 100vw, 300px\" \/><\/a>Ta\u011f\u0131yev \u018fli Ayd\u0131n o\u011flu 1997-ci ild\u0259 \u0130mi\u015fli rayonunda anadan olub.<\/p>\n<p>2003-c\u00fc ild\u0259 Bak\u0131 \u015f\u0259h\u0259r S\u0259bail rayonunda yerl\u0259\u015f\u0259n 162 n\u00f6mr\u0259li orta m\u0259kt\u0259b\u0259 gedib.<\/p>\n<p>2011-cid\u0259 orta m\u0259kt\u0259bin 9-cu sinfini bitirib.<\/p>\n<p>2012-ci ild\u0259 Bak\u0131 Pe\u015f\u0259 Liseyinin Veb-dizayner fak\u00fclt\u0259sin\u0259 daxil olub.<\/p>\n<p>2015-ci ild\u0259 \u00dc\u00e7\u00fcnc\u00fc d\u0259r\u0259c\u0259li Veb-dizayner ixtisas\u0131na yiy\u0259l\u0259n\u0259r\u0259k, kolleci bitirib. 2016-ci il\u0259 q\u0259d\u0259r fiziki \u0259m\u0259kl\u0259 m\u0259\u015f\u011ful olub.<\/p>\n<p>2016-c\u0131 ild\u0259 h\u0259rbi xidm\u0259t\u0259 \u00e7a\u011fr\u0131l\u0131b. Aprel d\u00f6y\u00fc\u015fl\u0259ri zaman\u0131 Goranboy v\u0259 Murovda\u011f \u0259traf\u0131 m\u00fcbariz\u0259d\u0259 n\u00fcmun\u0259vi \u0259sg\u0259r ad\u0131n\u0131 qazan\u0131b.<\/p>\n<p>2017-ci ilin iyul ay\u0131n\u0131n 1-d\u0259 xidm\u0259t etdiyi h\u0259rbi hiss\u0259nin r\u0259hb\u0259rliyi t\u0259r\u0259find\u0259n F\u0259xri-F\u0259rmanla t\u0259ltifl\u0259nib, ail\u0259sin\u0259 bir ne\u00e7\u0259 d\u0259f\u0259 t\u0259\u015f\u0259kk\u00fcr m\u0259ktubu \u00fcnvanlan\u0131b.<\/p>\n<p>2017-ci ild\u0259 Bak\u0131 \u015f\u0259h\u0259rind\u0259 yerl\u0259\u015f\u0259n Dizayn v\u0259 Vizualogiya M\u0259kt\u0259bind\u0259 t\u0259hsilini davam etdirib.<\/p>\n<p>2020-ci il sentyabr ay\u0131nda Ali Ba\u015f Kamandan\u0131n qism\u0259n s\u0259f\u0259rb\u0259rlik elan etdiyi g\u00fcnd\u0259n k\u00f6n\u00fcll\u00fc olaraq s\u0259f\u0259rb\u0259rliy\u0259 yaz\u0131l\u0131b.<\/p>\n<p>2020-ci il sentyabr ay\u0131n\u0131n 29-da d\u00f6y\u00fc\u015f\u0259 yollan\u0131b. C\u0259bray\u0131l, F\u00fczuli, Hadrut rayonu \u0259razil\u0259rind\u0259 ged\u0259n d\u00f6y\u00fc\u015fl\u0259rd\u0259 q\u0259hr\u0259mancas\u0131na vuru\u015fub.<\/p>\n<p>13 oktyabr 2020-ci ild\u0259 F\u00fczuli d\u00f6y\u00fc\u015fl\u0259rind\u0259 \u015e\u0259hidlik zirv\u0259sin\u0259 y\u00fcks\u0259lib.<\/p>\n<p>\u0130kinci t\u0259hsili yar\u0131m\u00e7\u0131q qal\u0131b&#8230;<\/p>\n<p>\u018fli Ta\u011f\u0131yevin c\u0259naz\u0259si Badamdar q\u0259s\u0259b\u0259sind\u0259 t\u0259z\u0259 sal\u0131nan\u00a0 \u015e\u0259hidl\u0259r Xiyaban\u0131nda d\u0259fn edilib.<\/p>\n<p>&nbsp;<\/p>\n<p>&nbsp;<\/p>\n<p>&nbsp;<\/p>\n<p>&nbsp;<\/p>\n<p>&nbsp;<\/p>\n<p>&nbsp;<\/p>\n<p><iframe loading=\"lazy\" src=\"https:\/\/www.youtube.com\/embed\/SuEy9cxSI38\" width=\"560\" height=\"315\" frameborder=\"0\" allowfullscreen=\"allowfullscreen\"><\/iframe><\/p>\n<p class=\"bawpvc-ajax-counter\" data-id=\"16164\">Yaz\u0131ya 598 d\u0259f\u0259 bax\u0131l\u0131b<\/p>\n","protected":false},"excerpt":{"rendered":"<p>Ta\u011f\u0131yev \u018fli Ayd\u0131n o\u011flu 1997-ci ild\u0259 \u0130mi\u015fli rayonunda anadan olub. 2003-c\u00fc ild\u0259 Bak\u0131 \u015f\u0259h\u0259r S\u0259bail rayonunda yerl\u0259\u015f\u0259n 162 n\u00f6mr\u0259li orta m\u0259kt\u0259b\u0259 gedib. 2011-cid\u0259 orta m\u0259kt\u0259bin 9-cu sinfini bitirib. 2012-ci ild\u0259 Bak\u0131 Pe\u015f\u0259 Liseyinin Veb-dizayner fak\u00fclt\u0259sin\u0259 daxil olub. 2015-ci ild\u0259 \u00dc\u00e7\u00fcnc\u00fc d\u0259r\u0259c\u0259li Veb-dizayner ixtisas\u0131na yiy\u0259l\u0259n\u0259r\u0259k, kolleci bitirib. 2016-ci il\u0259 q\u0259d\u0259r fiziki \u0259m\u0259kl\u0259 m\u0259\u015f\u011ful olub. 2016-c\u0131 ild\u0259 [&hellip;]<\/p>\n","protected":false},"author":1,"featured_media":16165,"comment_status":"closed","ping_status":"closed","sticky":false,"template":"","format":"standard","meta":[],"categories":[14,30],"tags":[],"_links":{"self":[{"href":"https:\/\/kultur.az\/index.php?rest_route=\/wp\/v2\/posts\/16164"}],"collection":[{"href":"https:\/\/kultur.az\/index.php?rest_route=\/wp\/v2\/posts"}],"about":[{"href":"https:\/\/kultur.az\/index.php?rest_route=\/wp\/v2\/types\/post"}],"author":[{"embeddable":true,"href":"https:\/\/kultur.az\/index.php?rest_route=\/wp\/v2\/users\/1"}],"replies":[{"embeddable":true,"href":"https:\/\/kultur.az\/index.php?rest_route=%2Fwp%2Fv2%2Fcomments&post=16164"}],"version-history":[{"count":1,"href":"https:\/\/kultur.az\/index.php?rest_route=\/wp\/v2\/posts\/16164\/revisions"}],"predecessor-version":[{"id":16166,"href":"https:\/\/kultur.az\/index.php?rest_route=\/wp\/v2\/posts\/16164\/revisions\/16166"}],"wp:featuredmedia":[{"embeddable":true,"href":"https:\/\/kultur.az\/index.php?rest_route=\/wp\/v2\/media\/16165"}],"wp:attachment":[{"href":"https:\/\/kultur.az\/index.php?rest_route=%2Fwp%2Fv2%2Fmedia&parent=16164"}],"wp:term":[{"taxonomy":"category","embeddable":true,"href":"https:\/\/kultur.az\/index.php?rest_route=%2Fwp%2Fv2%2Fcategories&post=16164"},{"taxonomy":"post_tag","embeddable":true,"href":"https:\/\/kultur.az\/index.php?rest_route=%2Fwp%2Fv2%2Ftags&post=16164"}],"curies":[{"name":"wp","href":"https:\/\/api.w.org\/{rel}","templated":true}]}}