{"id":16170,"date":"2020-12-27T14:37:59","date_gmt":"2020-12-27T10:37:59","guid":{"rendered":"http:\/\/kultur.az\/?p=16170"},"modified":"2020-12-27T14:45:34","modified_gmt":"2020-12-27T10:45:34","slug":"v%c9%99t%c9%99nimizin-kesiyind%c9%99-duran-q%c9%99hr%c9%99manlar-fotolar","status":"publish","type":"post","link":"https:\/\/kultur.az\/?p=16170","title":{"rendered":"V\u018fT\u018fN\u0130M\u0130Z\u0130N KE\u015e\u0130Y\u0130ND\u018f DURAN Q\u018fHR\u018fMANLAR (fotolar)"},"content":{"rendered":"<h2 class=\"thread__subject thread__subject_pony-mode\">\u00a0<a href=\"http:\/\/kultur.az\/wp-content\/uploads\/2020\/12\/3.jpg\"><img decoding=\"async\" loading=\"lazy\" class=\"aligncenter size-medium wp-image-16174\" src=\"http:\/\/kultur.az\/wp-content\/uploads\/2020\/12\/3-300x225.jpg\" alt=\"3\" width=\"300\" height=\"225\" srcset=\"https:\/\/kultur.az\/wp-content\/uploads\/2020\/12\/3-300x225.jpg 300w, https:\/\/kultur.az\/wp-content\/uploads\/2020\/12\/3-75x55.jpg 75w, https:\/\/kultur.az\/wp-content\/uploads\/2020\/12\/3-180x135.jpg 180w, https:\/\/kultur.az\/wp-content\/uploads\/2020\/12\/3.jpg 910w\" sizes=\"(max-width: 300px) 100vw, 300px\" \/><\/a>Qas\u0131mov H\u00fcseyn Yaqub o\u011flu 22.04.1995 ci il Lerik rayonu Zenonu k\u0259ndind\u0259 anadan olmu\u015fdur. H\u00fcseynin 4 ya\u015f\u0131 olark\u0259n ail\u0259si Qarada\u011f rayon L\u00f6kbatan q\u0259s\u0259b\u0259sin\u0259 k\u00f6\u00e7m\u00fc\u015fl\u0259r. O ilk t\u0259hsilini 2001-ci ild\u0259 L\u00f6kbatanda 166 sayl\u0131 m\u0259kt\u0259bd\u0259 ba\u015flay\u0131r. Sonradan orta t\u0259hsilini Sabuncu rayonu \u015e\u0259hid Firuz Bayramov ad\u0131na 22 sayl\u0131 orta m\u0259kt\u0259bd\u0259 davam etdirmi\u015fdir.<\/h2>\n<h2 class=\"thread__subject thread__subject_pony-mode\">H\u00fcseyn h\u0259l\u0259 u\u015faq ya\u015flar\u0131nda olark\u0259n V\u0259t\u0259n\u0259 \u00e7ox ba\u011fl\u0131yd\u0131. O, qorxmaz v\u0259 c\u0259sur biri idi. Orta t\u0259hsilind\u0259n sonra \u018fcza\u00e7\u0131l\u0131q kollecini bitirir. H\u00fcseynin \u0259misi \u015e\u0259hid Qas\u0131mov C\u0259mil \u018fhm\u0259d o\u011flu 1996-c\u0131 ild\u0259 V\u0259t\u0259n \u00fc\u00e7\u00fcn can\u0131n\u0131 qurban vermi\u015f bu g\u00f6z\u0259l m\u0259qama &#8211; \u015e\u0259hidlik zirv\u0259sin\u0259 ucalm\u0131\u015fd\u0131r. Day\u0131s\u0131 Rzayev \u015e\u0259msiAslan o\u011flu is\u0259 2007-ci ild\u0259 \u015f\u0259hid olmu\u015fdur. H\u00fcseyn\u0259 t\u0259k k\u0259skinlik ver\u0259n,\u00a0 b\u00f6y\u00fcy\u00fcb \u0259misinin v\u0259 day\u0131s\u0131n\u0131n, onlar\u0131n simas\u0131nda c\u0259mi \u015f\u0259hidl\u0259rin qisas\u0131n almaq idi.<\/h2>\n<h2 class=\"thread__subject thread__subject_pony-mode\">H\u00fcseyn 2013-2014-c\u00fc il \u00f6n c\u0259bh\u0259d\u0259 xidm\u0259t edir. T\u0259xris olunandan sonra \u00f6z t\u0259hsilin\u0259 uy\u011fun \u00f6z\u0259l firmada Ba\u015f \u0259zca\u00e7\u0131 olaraq i\u015fl\u0259yir.<\/h2>\n<h2 class=\"thread__subject thread__subject_pony-mode\">H\u00fcse\u011fn Tovuz D\u00f6y\u00fc\u015fl\u0259ri zaman\u0131 H\u0259rbi kamisarl\u0131\u011fa m\u00fcraci\u0259t ed\u0259r\u0259k, k\u00f6n\u00fcll\u00fc \u015f\u0259kild\u0259 qeydiyyata d\u00fc\u015f\u00fcr. Sentyabr ay\u0131n\u0131n 21-i H\u0259rbi komissarl\u0131\u011fa \u00e7a\u011fr\u0131l\u0131r, yolda\u015flar\u0131yla birlikd\u0259 c\u0259bh\u0259y\u0259 yola sal\u0131n\u0131r. F\u00fczuli, Xocav\u0259nd, La\u00e7\u0131n istiqam\u0259tind\u0259 ged\u0259n d\u00f6y\u00fc\u015fl\u0259rd\u0259 i\u015ftirak edir, bir \u00e7ox q\u0259hr\u0259manl\u0131qlar g\u00f6st\u0259rir, yaral\u0131 \u0259sg\u0259r yolda\u015flar\u0131na k\u00f6m\u0259k edir.<\/h2>\n<h2 class=\"thread__subject thread__subject_pony-mode\">27-28 illik i\u015f\u011falda olan torpa\u011flar\u0131m\u0131z\u0131n azad olunmas\u0131nda i\u015ftirak etm\u0259k insana \u00e7ox b\u00f6y\u00fck q\u00fcrur hissi verir. \u0130kinci Qaraba\u011f d\u00f6y\u00fc\u015fl\u0259ri zaman\u0131 \u0259sg\u0259rl\u0259rimizin zabitl\u0259rimizin g\u00f6st\u0259rdiyi q\u0259hr\u0259manl\u0131\u011flar\u0131 C\u0259nab Ali Ba\u015f Komandan x\u00fcsusi diqq\u0259t m\u0259rk\u0259zind\u0259 saxlay\u0131rd\u0131. Q\u0259l\u0259b\u0259 x\u0259b\u0259rind\u0259n sonra igidl\u0259rimiz bir ne\u00e7\u0259 medallarla t\u0259ltif olundu. Bu c\u0259sur d\u00f6y\u00fc\u015f\u00e7\u00fcl\u0259rimizd\u0259n biri d\u0259 H\u00fcseyn Qasimov idi. H\u00fcseyn Qas\u0131mov &#8221;F\u00fczulinin Azad olunmas\u0131na g\u00f6r\u0259&#8221;, &#8221;Xocav\u0259ndin Azad olunmas\u0131na g\u00f6r\u0259&#8221; Medallar\u0131yla t\u0259ltif olunub.<\/h2>\n<h2 class=\"thread__subject thread__subject_pony-mode\">Allah c\u0259mi \u018fsg\u0259rl\u0259rimizi qorusun.<\/h2>\n<p>X\u0259yal Novruz<\/p>\n<p>&nbsp;<\/p>\n<p><a href=\"http:\/\/kultur.az\/wp-content\/uploads\/2020\/12\/4.jpg\"><img decoding=\"async\" loading=\"lazy\" class=\"aligncenter size-medium wp-image-16175\" src=\"http:\/\/kultur.az\/wp-content\/uploads\/2020\/12\/4-225x300.jpg\" alt=\"4\" width=\"225\" height=\"300\" srcset=\"https:\/\/kultur.az\/wp-content\/uploads\/2020\/12\/4-225x300.jpg 225w, https:\/\/kultur.az\/wp-content\/uploads\/2020\/12\/4.jpg 683w\" sizes=\"(max-width: 225px) 100vw, 225px\" \/><\/a><a href=\"http:\/\/kultur.az\/wp-content\/uploads\/2020\/12\/1.jpg\"><img decoding=\"async\" loading=\"lazy\" class=\"aligncenter size-medium wp-image-16172\" src=\"http:\/\/kultur.az\/wp-content\/uploads\/2020\/12\/1-300x225.jpg\" alt=\"1\" width=\"300\" height=\"225\" srcset=\"https:\/\/kultur.az\/wp-content\/uploads\/2020\/12\/1-300x225.jpg 300w, https:\/\/kultur.az\/wp-content\/uploads\/2020\/12\/1-75x55.jpg 75w, https:\/\/kultur.az\/wp-content\/uploads\/2020\/12\/1-180x135.jpg 180w, https:\/\/kultur.az\/wp-content\/uploads\/2020\/12\/1.jpg 960w\" sizes=\"(max-width: 300px) 100vw, 300px\" \/><\/a><a href=\"http:\/\/kultur.az\/wp-content\/uploads\/2020\/12\/3.jpg\"><img decoding=\"async\" loading=\"lazy\" class=\"aligncenter size-medium wp-image-16174\" src=\"http:\/\/kultur.az\/wp-content\/uploads\/2020\/12\/3-300x225.jpg\" alt=\"3\" width=\"300\" height=\"225\" srcset=\"https:\/\/kultur.az\/wp-content\/uploads\/2020\/12\/3-300x225.jpg 300w, https:\/\/kultur.az\/wp-content\/uploads\/2020\/12\/3-75x55.jpg 75w, https:\/\/kultur.az\/wp-content\/uploads\/2020\/12\/3-180x135.jpg 180w, https:\/\/kultur.az\/wp-content\/uploads\/2020\/12\/3.jpg 910w\" sizes=\"(max-width: 300px) 100vw, 300px\" \/><\/a><a href=\"http:\/\/kultur.az\/wp-content\/uploads\/2020\/12\/21.jpg\"><img decoding=\"async\" loading=\"lazy\" class=\"aligncenter size-medium wp-image-16173\" src=\"http:\/\/kultur.az\/wp-content\/uploads\/2020\/12\/21-225x300.jpg\" alt=\"2\" width=\"225\" height=\"300\" srcset=\"https:\/\/kultur.az\/wp-content\/uploads\/2020\/12\/21-225x300.jpg 225w, https:\/\/kultur.az\/wp-content\/uploads\/2020\/12\/21.jpg 720w\" sizes=\"(max-width: 225px) 100vw, 225px\" \/><\/a><\/p>\n<p>&nbsp;<\/p>\n<p class=\"bawpvc-ajax-counter\" data-id=\"16170\">Yaz\u0131ya 356 d\u0259f\u0259 bax\u0131l\u0131b<\/p>\n","protected":false},"excerpt":{"rendered":"<p>\u00a0Qas\u0131mov H\u00fcseyn Yaqub o\u011flu 22.04.1995 ci il Lerik rayonu Zenonu k\u0259ndind\u0259 anadan olmu\u015fdur. H\u00fcseynin 4 ya\u015f\u0131 olark\u0259n ail\u0259si Qarada\u011f rayon L\u00f6kbatan q\u0259s\u0259b\u0259sin\u0259 k\u00f6\u00e7m\u00fc\u015fl\u0259r. O ilk t\u0259hsilini 2001-ci ild\u0259 L\u00f6kbatanda 166 sayl\u0131 m\u0259kt\u0259bd\u0259 ba\u015flay\u0131r. Sonradan orta t\u0259hsilini Sabuncu rayonu \u015e\u0259hid Firuz Bayramov ad\u0131na 22 sayl\u0131 orta m\u0259kt\u0259bd\u0259 davam etdirmi\u015fdir. H\u00fcseyn h\u0259l\u0259 u\u015faq ya\u015flar\u0131nda olark\u0259n V\u0259t\u0259n\u0259 \u00e7ox [&hellip;]<\/p>\n","protected":false},"author":1,"featured_media":16174,"comment_status":"closed","ping_status":"closed","sticky":false,"template":"","format":"standard","meta":[],"categories":[14,7],"tags":[],"_links":{"self":[{"href":"https:\/\/kultur.az\/index.php?rest_route=\/wp\/v2\/posts\/16170"}],"collection":[{"href":"https:\/\/kultur.az\/index.php?rest_route=\/wp\/v2\/posts"}],"about":[{"href":"https:\/\/kultur.az\/index.php?rest_route=\/wp\/v2\/types\/post"}],"author":[{"embeddable":true,"href":"https:\/\/kultur.az\/index.php?rest_route=\/wp\/v2\/users\/1"}],"replies":[{"embeddable":true,"href":"https:\/\/kultur.az\/index.php?rest_route=%2Fwp%2Fv2%2Fcomments&post=16170"}],"version-history":[{"count":3,"href":"https:\/\/kultur.az\/index.php?rest_route=\/wp\/v2\/posts\/16170\/revisions"}],"predecessor-version":[{"id":16178,"href":"https:\/\/kultur.az\/index.php?rest_route=\/wp\/v2\/posts\/16170\/revisions\/16178"}],"wp:featuredmedia":[{"embeddable":true,"href":"https:\/\/kultur.az\/index.php?rest_route=\/wp\/v2\/media\/16174"}],"wp:attachment":[{"href":"https:\/\/kultur.az\/index.php?rest_route=%2Fwp%2Fv2%2Fmedia&parent=16170"}],"wp:term":[{"taxonomy":"category","embeddable":true,"href":"https:\/\/kultur.az\/index.php?rest_route=%2Fwp%2Fv2%2Fcategories&post=16170"},{"taxonomy":"post_tag","embeddable":true,"href":"https:\/\/kultur.az\/index.php?rest_route=%2Fwp%2Fv2%2Ftags&post=16170"}],"curies":[{"name":"wp","href":"https:\/\/api.w.org\/{rel}","templated":true}]}}