{"id":16207,"date":"2021-01-09T23:11:46","date_gmt":"2021-01-09T19:11:46","guid":{"rendered":"http:\/\/kultur.az\/?p=16207"},"modified":"2021-01-09T23:11:46","modified_gmt":"2021-01-09T19:11:46","slug":"2020-d%c9%99n-2021-%c9%99-kec%c9%99rk%c9%99n-zaur-bayramoglu","status":"publish","type":"post","link":"https:\/\/kultur.az\/?p=16207","title":{"rendered":"2020-d\u0259n 2021-\u0259 ke\u00e7\u0259rk\u0259n&#8230;. &#8211; Zaur Bayramo\u011flu"},"content":{"rendered":"<p><a href=\"http:\/\/kultur.az\/wp-content\/uploads\/2021\/01\/zaur-b.jpg\"><img decoding=\"async\" loading=\"lazy\" class=\"alignleft wp-image-16208 size-medium\" src=\"http:\/\/kultur.az\/wp-content\/uploads\/2021\/01\/zaur-b-300x300.jpg\" alt=\"zaur b\" width=\"300\" height=\"300\" \/><\/a>2020 bitdi&#8230;<\/p>\n<p>Bitm\u0259sin\u0259 sevin\u0259kmi, \u00fcz\u00fcl\u0259kmi?<\/p>\n<p>H\u0259r yeni il kimi b\u00f6y\u00fck \u00fcmidl\u0259rl\u0259, arzularla add\u0131m atd\u0131\u011f\u0131m\u0131z 2020, onu \u00fcmidl\u0259 qar\u015f\u0131lad\u0131\u011f\u0131m\u0131za pe\u015fiman etdi bizi. \u00d6mr\u00fcm\u00fcz\u0259 g\u0259l\u0259r-g\u0259lm\u0259z tacl\u0131 b\u0259la\u00ads\u0131yla qas\u0131b-qovurdu d\u00fcnyan\u0131. Bir yandan \u0259zizl\u0259rimizi, dostlar\u0131m\u0131z\u0131, h\u0259kim\u00adl\u0259rimizi itir\u0259rk\u0259n, o biri yandan da yoxluq, yoxsulluq, s\u0259fal\u0259t ba\u015f al\u0131b getdi.<\/p>\n<p>Yay\u0131n c\u0131zdamas\u0131nda ciy\u0259rl\u0259ri buz tutan milyonlar, oksigen bollu\u011funda havas\u0131zl\u0131qdan bo\u011fulan insanlar&#8230;<\/p>\n<p>V\u0259 h\u0259r k\u0259s bir an \u00f6nc\u0259 bitm\u0259si \u00fc\u00e7\u00fcn dua etdi bu ilin. H\u0259l\u0259 sanc\u0131l\u0131 v\u0259ziyy\u0259t davam edir, n\u0259 zaman bit\u0259c\u0259yi d\u0259 bilinmir&#8230;<\/p>\n<p>Karantin, sms-l\u0259 icaz\u0259, maskal\u0131 g\u0259zintil\u0259r dey\u0259rk\u0259n bir baxd\u0131q ilin son d\u00f6rdd\u0259 birind\u0259yik&#8230;<\/p>\n<p>V\u0259 bir sentyabr g\u00fcn\u00fc, iyirmi alt\u0131s\u0131ndan iyirmi yeddisin\u0259 ke\u00e7\u0259n gec\u0259 ba\u015fland\u0131 dirili\u015fimiz. S\u0259b\u0259b d\u00fc\u015fm\u0259nin t\u0259xribat\u0131 olsa da, dirili\u015fimiz oldu o tarixi g\u00fcn. \u0130ll\u0259rdir g\u00f6zl\u0259diyimiz, x\u0259yal\u0131n\u0131 qurdu\u011fumuz o g\u00fcn<\/p>\n<p>Tarix b\u0259z\u0259n bir insan\u0131n taleyi il\u0259 d\u0259yi\u015fir. M\u0259s\u0259l\u0259n, Birinci D\u00fcnya sava\u015f\u0131 Avstriya prensinin \u00f6l\u00fcm\u00fc il\u0259 ba\u015flad\u0131. Bizim tariximizin d\u0259 t\u0259k\u0259ri Milli Q\u0259hr\u0259man\u0131m\u0131z Polad H\u0259\u015f\u0259movun \u015f\u0259had\u0259ti il\u0259 h\u0259r\u0259k\u0259t\u0259 g\u0259ldi. Nec\u0259 dey\u0259rl\u0259r, \u00f6l\u00fcm\u00fc il\u0259 inqilab etdi, \u00f6l\u00fcm\u00fc il\u0259 ya\u015fad\u0131 v\u0259 c\u0259miyy\u0259timizi d\u0259yi\u015fdirdi. \u015e\u0259hid oldu\u011fu g\u00fcn meydanlara t\u00f6k\u00fcl\u0259n insanlar, ert\u0259si g\u00fcn erk\u0259nd\u0259n h\u0259rbi komissarl\u0131qlara ax\u0131\u015fd\u0131&#8230; Ham\u0131n\u0131n bir \u015f\u00fcar\u0131 vard\u0131 \u201cYa Qaraba\u011f, Ya \u00d6l\u00fcm!\u201d<\/p>\n<p>Art\u0131q cavabs\u0131z qalmayacaqd\u0131 d\u00fc\u015fm\u0259n, taxta ba\u015f\u0131 d\u0259mir yumruqla \u0259zil\u0259c\u0259kdi&#8230;<\/p>\n<p>Be\u015finci n\u0259sil m\u00fcharib\u0259nin ilk \u00f6rn\u0259yind\u0259 indiy\u0259 q\u0259d\u0259rki b\u00fct\u00fcn sava\u015f tak\u00adtikalar\u0131n\u0131, strategiyalar\u0131n\u0131 alt-\u00fcst etdi q\u0259hr\u0259man \u0259sg\u0259rl\u0259rimiz&#8230;<\/p>\n<p>El\u0259 bir sava\u015f ki, rus silah\u0131 haqq\u0131ndak\u0131 \u0259satirl\u0259ri adi \u201cKukuruznik\u201dl\u0259rl\u0259 yeri vurdu v\u0259 daha m\u00fcharib\u0259 bitm\u0259d\u0259n \u0259r\u0259bl\u0259r S400-l\u0259rd\u0259n imtina etdi&#8230;<\/p>\n<p>Erm\u0259nil\u0259rin milyard yar\u0131m dollar x\u0259rcl\u0259y\u0259r\u0259k tikdikl\u0259ri alt\u0131 metr beton tavanl\u0131 bunkerl\u0259r, s\u0131\u011f\u0131naqlarla m\u00f6hk\u0259ml\u0259ndirilmi\u015f d\u00f6rdqatl\u0131 Ohanyan x\u0259ttini \u0259kin sah\u0259si kimi \u015fumlayaraq ke\u00e7di \u0259sg\u0259rl\u0259rimiz&#8230;<\/p>\n<p>Bu misilsiz sava\u015fda Ya\u015fma aslanlar\u0131 alpinistl\u0259rin d\u0131rmanma\u011fa \u00fcr\u0259k etm\u0259dikl\u0259ri qayalar\u0131 diz\u0259d\u0259k qar\u0131n i\u00e7ind\u0259 qalxd\u0131lar, \u015f\u0259hid yolda\u015flar\u0131n\u0131, yaral\u0131 qarda\u015flar\u0131n\u0131 \u00e7iyinl\u0259rind\u0259 da\u015f\u0131yaraq&#8230;<\/p>\n<p>Qaraba\u011f\u0131m\u0131z\u0131n incisini ya\u011f\u0131lardan tapan\u00e7a v\u0259 b\u0131\u00e7aqlarla t\u0259mizl\u0259dil\u0259r&#8230;<\/p>\n<p>V\u0259 2.500 illik 300 q\u0259hr\u0259man spartal\u0131 \u0259fsan\u0259sini \u015eu\u015fan\u0131n torpa\u011f\u0131na g\u00f6m\u0259r\u0259k qayalar\u0131na ya\u015fmal\u0131 400 q\u0259hr\u0259man \u0259fsan\u0259sini yazd\u0131 Hikm\u0259tin c\u0259ngav\u0259rl\u0259ri&#8230;<\/p>\n<p>Fuad\u0131n, Zaurun, \u018fl\u0259kb\u0259rin, Tehran\u0131n \u00f6nd\u0259rliyind\u0259&#8230;<\/p>\n<p>Bir d\u0259 \u201cBayraqdar\u201d\u0131m\u0131z vard\u0131&#8230;<\/p>\n<p>T\u00fcrk\u00fcn \u015fanl\u0131 bayra\u011f\u0131n\u0131 g\u00f6yl\u0259r\u0259 \u00e7\u0259k\u0259n bayraqdar\u0131m\u0131z&#8230;<\/p>\n<p>D\u00fc\u015fm\u0259n\u0259 g\u00f6z a\u00e7d\u0131rmayan, erm\u0259ni \u015feytan\u0131n\u0131 torpa\u011f\u0131m\u0131zda bulub d\u00fcnyan\u0131 ba\u015flar\u0131na dar ed\u0259n bayraqdar\u0131m\u0131z&#8230;<\/p>\n<p>Z\u0259rb\u0259miz d\u0259 vard\u0131, alovumuz da, donuzlar\u0131 it kimi qovan \u201citiqovan\u201d\u0131m\u0131z da&#8230;<\/p>\n<p>V\u0259 onlar h\u0259r d\u0259f\u0259 d\u00fc\u015fm\u0259n\u0259 do\u011fru s\u00fcz\u00fcld\u00fcy\u00fcnd\u0259 \u201cQadas\u0131n ald\u0131\u011f\u0131m getdi\u201d, \u2013 dey\u0259 daha \u00fcr\u0259kl\u0259 d\u00fc\u015fm\u0259nin \u00fcz\u0259rin\u0259 \u015f\u0131\u011f\u0131d\u0131 igidl\u0259rimiz d\u0259&#8230;<\/p>\n<p>V\u0259 44-c\u00fc g\u00fcn\u00fcnd\u0259 bitdi n\u0259hay\u0259t&#8230;<\/p>\n<p>R\u0259dd oldu c\u0259h\u0259nn\u0259min dibin\u0259 t\u0259lx\u0259k!<\/p>\n<p>350 tank, 12 t\u0259yyar\u0259, alt\u0131 S300 komplekti, minl\u0259rl\u0259 le\u015f, \u0259n az\u0131 on min \u015fik\u0259st v\u0259 on min f\u0259rarini d\u0259 yan\u0131nca g\u00f6t\u00fcrd\u00fc \u0259lb\u0259t&#8230;<\/p>\n<p>&#8230;Bu onlara d\u0259rs olacaqm\u0131, bilmir\u0259m, amma olmasa ke\u015fk\u0259&#8230;<\/p>\n<p>Yeni sava\u015fla d\u00fc\u015fm\u0259n tapda\u011f\u0131 alt\u0131ndak\u0131 Q\u0259rbi Az\u0259rbaycan\u0131m\u0131z\u0131 da azad ets\u0259k&#8230;<\/p>\n<p>V\u0259 anas\u0131yla qovu\u015fsa ki\u00e7ik torpaq&#8230;<\/p>\n<p>Bu dil\u0259kl\u0259 bitdi 2020 n\u0259hay\u0259t.<\/p>\n<p>B\u00fct\u00f6v Az\u0259rbaycan umuduyla 2021-\u0259 adlay\u0131d\u0131q. Xeyirl\u0259 g\u0259lsin \u00f6mr\u00fcm\u00fcz\u0259!<\/p>\n<p class=\"bawpvc-ajax-counter\" data-id=\"16207\">Yaz\u0131ya 454 d\u0259f\u0259 bax\u0131l\u0131b<\/p>\n","protected":false},"excerpt":{"rendered":"<p>2020 bitdi&#8230; Bitm\u0259sin\u0259 sevin\u0259kmi, \u00fcz\u00fcl\u0259kmi? H\u0259r yeni il kimi b\u00f6y\u00fck \u00fcmidl\u0259rl\u0259, arzularla add\u0131m atd\u0131\u011f\u0131m\u0131z 2020, onu \u00fcmidl\u0259 qar\u015f\u0131lad\u0131\u011f\u0131m\u0131za pe\u015fiman etdi bizi. \u00d6mr\u00fcm\u00fcz\u0259 g\u0259l\u0259r-g\u0259lm\u0259z tacl\u0131 b\u0259la\u00ads\u0131yla qas\u0131b-qovurdu d\u00fcnyan\u0131. Bir yandan \u0259zizl\u0259rimizi, dostlar\u0131m\u0131z\u0131, h\u0259kim\u00adl\u0259rimizi itir\u0259rk\u0259n, o biri yandan da yoxluq, yoxsulluq, s\u0259fal\u0259t ba\u015f al\u0131b getdi. Yay\u0131n c\u0131zdamas\u0131nda ciy\u0259rl\u0259ri buz tutan milyonlar, oksigen bollu\u011funda havas\u0131zl\u0131qdan bo\u011fulan insanlar&#8230; V\u0259 [&hellip;]<\/p>\n","protected":false},"author":1,"featured_media":0,"comment_status":"closed","ping_status":"closed","sticky":false,"template":"","format":"standard","meta":[],"categories":[6,14],"tags":[],"_links":{"self":[{"href":"https:\/\/kultur.az\/index.php?rest_route=\/wp\/v2\/posts\/16207"}],"collection":[{"href":"https:\/\/kultur.az\/index.php?rest_route=\/wp\/v2\/posts"}],"about":[{"href":"https:\/\/kultur.az\/index.php?rest_route=\/wp\/v2\/types\/post"}],"author":[{"embeddable":true,"href":"https:\/\/kultur.az\/index.php?rest_route=\/wp\/v2\/users\/1"}],"replies":[{"embeddable":true,"href":"https:\/\/kultur.az\/index.php?rest_route=%2Fwp%2Fv2%2Fcomments&post=16207"}],"version-history":[{"count":1,"href":"https:\/\/kultur.az\/index.php?rest_route=\/wp\/v2\/posts\/16207\/revisions"}],"predecessor-version":[{"id":16209,"href":"https:\/\/kultur.az\/index.php?rest_route=\/wp\/v2\/posts\/16207\/revisions\/16209"}],"wp:attachment":[{"href":"https:\/\/kultur.az\/index.php?rest_route=%2Fwp%2Fv2%2Fmedia&parent=16207"}],"wp:term":[{"taxonomy":"category","embeddable":true,"href":"https:\/\/kultur.az\/index.php?rest_route=%2Fwp%2Fv2%2Fcategories&post=16207"},{"taxonomy":"post_tag","embeddable":true,"href":"https:\/\/kultur.az\/index.php?rest_route=%2Fwp%2Fv2%2Ftags&post=16207"}],"curies":[{"name":"wp","href":"https:\/\/api.w.org\/{rel}","templated":true}]}}