{"id":16245,"date":"2021-01-20T23:45:12","date_gmt":"2021-01-20T19:45:12","guid":{"rendered":"http:\/\/kultur.az\/?p=16245"},"modified":"2021-01-20T23:45:12","modified_gmt":"2021-01-20T19:45:12","slug":"%c9%99yyub-m%c9%99mm%c9%99dov-z%c9%99f%c9%99r-savasi-t%c9%99k-seir","status":"publish","type":"post","link":"https:\/\/kultur.az\/?p=16245","title":{"rendered":"\u018fyyub M\u0259mm\u0259dov &#8211; Z\u0259f\u0259r sava\u015f\u0131 (t\u0259k \u015feir)"},"content":{"rendered":"<p><a href=\"http:\/\/kultur.az\/wp-content\/uploads\/2020\/08\/eyyub-memmedov.jpg\"><img decoding=\"async\" loading=\"lazy\" class=\"alignleft wp-image-15885 size-medium\" src=\"http:\/\/kultur.az\/wp-content\/uploads\/2020\/08\/eyyub-memmedov-300x200.jpg\" alt=\"eyyub memmedov\" width=\"300\" height=\"200\" \/><\/a>Ba\u015flad\u0131 V\u0259t\u0259nin z\u0259f\u0259r sava\u015f\u0131,<\/p>\n<p>Ya\u011fd\u0131 g\u00f6yd\u0259n yer\u0259 m\u0259rmi ya\u011f\u0131\u015f\u0131<\/p>\n<p>\u0130gidl\u0259r davaya hey t\u0259l\u0259sirdi,<\/p>\n<p>Ham\u0131 v\u0259t\u0259n \u00fc\u00e7\u00fcn bir m\u00fcs\u0259ll\u0259hdi.<\/p>\n<p>&nbsp;<\/p>\n<p>Elin m\u0259rd o\u011fullar\u0131 s\u0259f\u0259rb\u0259r oldu!<\/p>\n<p>D\u00fc\u015fm\u0259n\u0259 toy-divan, onda tutuldu<\/p>\n<p>Partlad\u0131 silahlar, gurlad\u0131 toplar,<\/p>\n<p>V\u0259t\u0259n torpaqlar\u0131 azad olundu.<\/p>\n<p>&nbsp;<\/p>\n<p>N\u0259 o\u011fullar qorxdu, n\u0259 d\u0259 analar<\/p>\n<p>G\u00fcc al\u0131b ir\u0259li, dedil\u0259r onlar.<\/p>\n<p>D\u00fc\u015fm\u0259n \u00fcz\u0259rin\u0259 \u015fim\u015f\u0259kt\u0259k \u00e7ax\u0131b,<\/p>\n<p>Ad\u0131n haqq sava\u015f\u0131 qoydular onlar.<\/p>\n<p>&nbsp;<\/p>\n<p>D\u00f6y\u00fc\u015f meydan\u0131nda verildi cavab<\/p>\n<p>M\u0259hv oldu ya\u011f\u0131, g\u00fcc\u00fc qalmad\u0131.<\/p>\n<p>C\u0131d\u0131r d\u00fcz\u00fcnd\u0259 yall\u0131 ged\u0259nl\u0259r,<\/p>\n<p>\u018fb\u0259di r\u0259dd oldu, izi qalmad\u0131.<\/p>\n<p>&nbsp;<\/p>\n<p>\u0130ll\u0259rin \u0259siri, do\u011fma Qaraba\u011f,<\/p>\n<p>Sevinc g\u00f6z ya\u015flar\u0131 ax\u0131td\u0131 o an<\/p>\n<p>Aln\u0131na \u00e7\u0259kilmi\u015f qara l\u0259k\u0259ni,<\/p>\n<p>Silmi\u015fdi \u015f\u0259r\u0259fli V\u0259t\u0259n \u0259sg\u0259ri.<\/p>\n<p>&nbsp;<\/p>\n<p class=\"bawpvc-ajax-counter\" data-id=\"16245\">Yaz\u0131ya 437 d\u0259f\u0259 bax\u0131l\u0131b<\/p>\n","protected":false},"excerpt":{"rendered":"<p>Ba\u015flad\u0131 V\u0259t\u0259nin z\u0259f\u0259r sava\u015f\u0131, Ya\u011fd\u0131 g\u00f6yd\u0259n yer\u0259 m\u0259rmi ya\u011f\u0131\u015f\u0131 \u0130gidl\u0259r davaya hey t\u0259l\u0259sirdi, Ham\u0131 v\u0259t\u0259n \u00fc\u00e7\u00fcn bir m\u00fcs\u0259ll\u0259hdi. &nbsp; Elin m\u0259rd o\u011fullar\u0131 s\u0259f\u0259rb\u0259r oldu! D\u00fc\u015fm\u0259n\u0259 toy-divan, onda tutuldu Partlad\u0131 silahlar, gurlad\u0131 toplar, V\u0259t\u0259n torpaqlar\u0131 azad olundu. &nbsp; N\u0259 o\u011fullar qorxdu, n\u0259 d\u0259 analar G\u00fcc al\u0131b ir\u0259li, dedil\u0259r onlar. D\u00fc\u015fm\u0259n \u00fcz\u0259rin\u0259 \u015fim\u015f\u0259kt\u0259k \u00e7ax\u0131b, Ad\u0131n haqq sava\u015f\u0131 [&hellip;]<\/p>\n","protected":false},"author":1,"featured_media":0,"comment_status":"closed","ping_status":"closed","sticky":false,"template":"","format":"standard","meta":[],"categories":[15,3],"tags":[],"_links":{"self":[{"href":"https:\/\/kultur.az\/index.php?rest_route=\/wp\/v2\/posts\/16245"}],"collection":[{"href":"https:\/\/kultur.az\/index.php?rest_route=\/wp\/v2\/posts"}],"about":[{"href":"https:\/\/kultur.az\/index.php?rest_route=\/wp\/v2\/types\/post"}],"author":[{"embeddable":true,"href":"https:\/\/kultur.az\/index.php?rest_route=\/wp\/v2\/users\/1"}],"replies":[{"embeddable":true,"href":"https:\/\/kultur.az\/index.php?rest_route=%2Fwp%2Fv2%2Fcomments&post=16245"}],"version-history":[{"count":1,"href":"https:\/\/kultur.az\/index.php?rest_route=\/wp\/v2\/posts\/16245\/revisions"}],"predecessor-version":[{"id":16246,"href":"https:\/\/kultur.az\/index.php?rest_route=\/wp\/v2\/posts\/16245\/revisions\/16246"}],"wp:attachment":[{"href":"https:\/\/kultur.az\/index.php?rest_route=%2Fwp%2Fv2%2Fmedia&parent=16245"}],"wp:term":[{"taxonomy":"category","embeddable":true,"href":"https:\/\/kultur.az\/index.php?rest_route=%2Fwp%2Fv2%2Fcategories&post=16245"},{"taxonomy":"post_tag","embeddable":true,"href":"https:\/\/kultur.az\/index.php?rest_route=%2Fwp%2Fv2%2Ftags&post=16245"}],"curies":[{"name":"wp","href":"https:\/\/api.w.org\/{rel}","templated":true}]}}