{"id":16468,"date":"2021-04-26T00:23:53","date_gmt":"2021-04-25T19:23:53","guid":{"rendered":"http:\/\/kultur.az\/?p=16468"},"modified":"2021-04-26T00:23:53","modified_gmt":"2021-04-25T19:23:53","slug":"kitablar-qarabaga-gedir","status":"publish","type":"post","link":"https:\/\/kultur.az\/?p=16468","title":{"rendered":"K\u0130TABLAR QARABA\u011eA GED\u0130R"},"content":{"rendered":"<p>&nbsp;<\/p>\n<p><a href=\"http:\/\/kultur.az\/wp-content\/uploads\/2021\/04\/zaur-ustac-kitab.jpg\"><img decoding=\"async\" loading=\"lazy\" class=\"alignleft wp-image-16469 size-medium\" src=\"http:\/\/kultur.az\/wp-content\/uploads\/2021\/04\/zaur-ustac-kitab-238x300.jpg\" alt=\"zaur ustac kitab\" width=\"238\" height=\"300\" \/><\/a>Milli Kitabxanada i\u015f\u011faldan azad olunan b\u00f6lg\u0259l\u0259rd\u0259ki kitabxanalar\u0131n fondu \u00fc\u00e7\u00fcn kitabtoplama kampaniyas\u0131 davam edir.<br \/>\nAprel ay\u0131n\u0131n 22-d\u0259 Az\u0259rbaycan Respublikas\u0131n\u0131n Prezidenti, Ali Ba\u015f Komandan c\u0259nab \u0130lham \u018fliyevin r\u0259hb\u0259rliyi il\u0259 m\u00fcz\u0259ff\u0259r Az\u0259rbaycan ordusu t\u0259r\u0259find\u0259n 44 g\u00fcnl\u00fck m\u00fcharib\u0259 n\u0259tic\u0259sind\u0259 erm\u0259ni i\u015f\u011fal\u0131ndan azad olunmu\u015f \u0259razil\u0259rimizd\u0259 90-c\u0131 ill\u0259rin \u0259vv\u0259ll\u0259rin\u0259d\u0259k f\u0259aliyy\u0259t g\u00f6st\u0259rmi\u015f kitabxanalar\u0131n kitab fondlar\u0131n\u0131n b\u0259rpas\u0131 il\u0259 \u0259laq\u0259dar Az\u0259rbaycan Respublikas\u0131 M\u0259d\u0259niyy\u0259t Nazirliyi il\u0259 Milli Kitabxanan\u0131n birg\u0259 ke\u00e7irdiyi kitabtoplama kampaniyas\u0131na yazar Zaur Ustac da qo\u015fuldu.<br \/>\nZaur Ustac M\u0259d\u0259niyy\u0259t Nazirliyinin v\u0259 Milli Kitabxanan\u0131n birg\u0259 t\u0259\u015fkil etdiyi \u201c\u0130\u015f\u011faldan azad olunan b\u00f6lg\u0259l\u0259rd\u0259ki kitabxanalar\u0131n fondu \u00fc\u00e7\u00fcn kitabtoplama kampaniyas\u0131\u201dn\u0131n da\u011f\u0131d\u0131lm\u0131\u015f kitabxanalar\u0131n b\u0259rpa edilm\u0259si istiqam\u0259tind\u0259 vacib bir add\u0131m oldu\u011funu qeyd etdi v\u0259 \u00f6z\u00fcn\u00fcn m\u00fc\u0259llifi oldu\u011fu 4 adda 440 n\u00fcsx\u0259 kitab\u0131 i\u015f\u011faldan azad olunan b\u00f6lg\u0259l\u0259rd\u0259ki kitabxanalar\u0131n fonduna ba\u011f\u0131\u015flad\u0131.<\/p>\n<p class=\"bawpvc-ajax-counter\" data-id=\"16468\">Yaz\u0131ya 387 d\u0259f\u0259 bax\u0131l\u0131b<\/p>\n","protected":false},"excerpt":{"rendered":"<p>&nbsp; Milli Kitabxanada i\u015f\u011faldan azad olunan b\u00f6lg\u0259l\u0259rd\u0259ki kitabxanalar\u0131n fondu \u00fc\u00e7\u00fcn kitabtoplama kampaniyas\u0131 davam edir. Aprel ay\u0131n\u0131n 22-d\u0259 Az\u0259rbaycan Respublikas\u0131n\u0131n Prezidenti, Ali Ba\u015f Komandan c\u0259nab \u0130lham \u018fliyevin r\u0259hb\u0259rliyi il\u0259 m\u00fcz\u0259ff\u0259r Az\u0259rbaycan ordusu t\u0259r\u0259find\u0259n 44 g\u00fcnl\u00fck m\u00fcharib\u0259 n\u0259tic\u0259sind\u0259 erm\u0259ni i\u015f\u011fal\u0131ndan azad olunmu\u015f \u0259razil\u0259rimizd\u0259 90-c\u0131 ill\u0259rin \u0259vv\u0259ll\u0259rin\u0259d\u0259k f\u0259aliyy\u0259t g\u00f6st\u0259rmi\u015f kitabxanalar\u0131n kitab fondlar\u0131n\u0131n b\u0259rpas\u0131 il\u0259 \u0259laq\u0259dar Az\u0259rbaycan Respublikas\u0131 M\u0259d\u0259niyy\u0259t [&hellip;]<\/p>\n","protected":false},"author":1,"featured_media":0,"comment_status":"closed","ping_status":"closed","sticky":false,"template":"","format":"standard","meta":[],"categories":[5,21],"tags":[],"_links":{"self":[{"href":"https:\/\/kultur.az\/index.php?rest_route=\/wp\/v2\/posts\/16468"}],"collection":[{"href":"https:\/\/kultur.az\/index.php?rest_route=\/wp\/v2\/posts"}],"about":[{"href":"https:\/\/kultur.az\/index.php?rest_route=\/wp\/v2\/types\/post"}],"author":[{"embeddable":true,"href":"https:\/\/kultur.az\/index.php?rest_route=\/wp\/v2\/users\/1"}],"replies":[{"embeddable":true,"href":"https:\/\/kultur.az\/index.php?rest_route=%2Fwp%2Fv2%2Fcomments&post=16468"}],"version-history":[{"count":1,"href":"https:\/\/kultur.az\/index.php?rest_route=\/wp\/v2\/posts\/16468\/revisions"}],"predecessor-version":[{"id":16470,"href":"https:\/\/kultur.az\/index.php?rest_route=\/wp\/v2\/posts\/16468\/revisions\/16470"}],"wp:attachment":[{"href":"https:\/\/kultur.az\/index.php?rest_route=%2Fwp%2Fv2%2Fmedia&parent=16468"}],"wp:term":[{"taxonomy":"category","embeddable":true,"href":"https:\/\/kultur.az\/index.php?rest_route=%2Fwp%2Fv2%2Fcategories&post=16468"},{"taxonomy":"post_tag","embeddable":true,"href":"https:\/\/kultur.az\/index.php?rest_route=%2Fwp%2Fv2%2Ftags&post=16468"}],"curies":[{"name":"wp","href":"https:\/\/api.w.org\/{rel}","templated":true}]}}