{"id":16632,"date":"2021-06-29T19:39:54","date_gmt":"2021-06-29T14:39:54","guid":{"rendered":"http:\/\/kultur.az\/?p=16632"},"modified":"2021-06-29T19:39:54","modified_gmt":"2021-06-29T14:39:54","slug":"k%c9%99mal%c9%99-h%c9%99s%c9%99nova-s%c9%99rqin-d%c9%99mir-ledisi-d%c9%99mir-irad%c9%99li-qadin","status":"publish","type":"post","link":"https:\/\/kultur.az\/?p=16632","title":{"rendered":"K\u0259mal\u0259 H\u0259s\u0259nova  &#8211; \u015e\u0259rqin \u201cd\u0259mir ledi\u201dsi \u2013 d\u0259mir irad\u0259li qad\u0131n"},"content":{"rendered":"<p><a href=\"http:\/\/kultur.az\/wp-content\/uploads\/2021\/05\/IMG_3889-1.jpg\"><img decoding=\"async\" loading=\"lazy\" class=\"alignleft wp-image-16489 size-medium\" src=\"http:\/\/kultur.az\/wp-content\/uploads\/2021\/05\/IMG_3889-1-200x300.jpg\" alt=\"IMG_3889 (1)\" width=\"200\" height=\"300\" \/><\/a>\u0130slam dini q\u0259lb\u0259 nur, ruha sakitlik, \u0259dal\u0259tin is\u0259 \u0259n g\u00f6z\u0259l t\u0259r\u0259zisidir. \u00a0Qurani-K\u0259rimd\u0259 &#8211; \u00a0\u018fnbiya sur\u0259sinin 47-ci ay\u0259sind\u0259 buyruldu\u011fu kimi, he\u00e7 k\u0259s\u0259 bir xardal d\u0259n\u0259si q\u0259d\u0259r haqs\u0131zl\u0131q edilm\u0259z. Ancaq b\u0259zi islami c\u0259miyy\u0259tl\u0259rd\u0259 qad\u0131nlar\u0131m\u0131za qar\u015f\u0131 \u00a0cinsi ayr\u0131se\u00e7kilik s\u0259b\u0259bind\u0259n edil\u0259n haqs\u0131zl\u0131qla \u00a0onlar\u0131 t\u0259hsild\u0259n, ictimai, iqtisadi, siyasi sah\u0259d\u0259n uzaqla\u015fd\u0131r\u0131b \u00f6z s\u00f6zl\u0259rini dem\u0259k yerin\u0259 t\u0259kc\u0259 ail\u0259nin qay\u011f\u0131s\u0131na qalma\u011fa m\u0259cbur edirl\u0259r. Maraql\u0131s\u0131 da budur ki, h\u0259min c\u0259miyy\u0259tl\u0259rd\u0259 bu ayr\u0131se\u00e7kilik dinimizin \u0259mri kimi g\u00f6st\u0259rilir. Ancaq Nur sur\u0259sinin 2-ci ay\u0259sind\u0259ki hikm\u0259td\u0259 uca Yaradan g\u00fcnah\u0131n bel\u0259 cinsi olmad\u0131\u011f\u0131n\u0131 buyurdu\u011fu halda t\u0259hsild\u0259, ictimai &#8211; siyasi sah\u0259d\u0259 mi ayr\u0131se\u00e7kiliyi haqq dey\u0259 buyuracaq?&#8230; Unutmayaq ki, qad\u0131nlar\u0131m\u0131z m\u0259n\u0259vi d\u0259y\u0259rl\u0259rimizi qoruyaraq ki\u015fil\u0259rl\u0259 b\u0259rab\u0259r elmd\u0259, ictimai-siyasi sah\u0259d\u0259 \u00f6z s\u00f6z\u00fcn\u00fc dem\u0259y\u0259 qadirdir. Bunu islam al\u0259minin ilk qad\u0131n Ba\u015f naziri olan Pakistanl\u0131 B\u0259nazir Bhuttonun timsal\u0131nda g\u00f6r\u0259 bil\u0259rik.<\/p>\n<p>Ba\u015f \u00f6rt\u00fcy\u00fcn bir qad\u0131n \u00fc\u00e7\u00fcn m\u0259n\u0259vi g\u00f6z\u0259lliyi v\u0259 hikm\u0259tini Qurani-K\u0259rimd\u0259 d\u0259 yer alsa da, bu ancaq qad\u0131n\u0131n \u00f6z se\u00e7imi\u00a0 oldu\u011fu zaman m\u00fcmk\u00fcn olur. \u018fks halda bir k\u00f6l\u0259nin boynuna v\u0259 ya ayaqlar\u0131na m\u0259cburi ba\u011flanm\u0131\u015f zincird\u0259n f\u0259rqi olmaz. B\u0259lk\u0259 d\u0259, bunu ba\u015fa d\u00fc\u015fd\u00fcy\u00fc \u00fc\u00e7\u00fcn \u018fli Bhutto q\u0131z\u0131n\u0131n 12 ya\u015f\u0131 olanda anas\u0131 t\u0259r\u0259find\u0259n m\u0259cbur\u0259n ba\u015f\u0131n\u0131 \u00f6rtm\u0259yinin qar\u015f\u0131s\u0131n\u0131 al\u0131b \u2013 \u201cqoy q\u0131z b\u00f6y\u00fcs\u00fcn, \u00fcz\u00fc a\u00e7\u0131q v\u0259 ya ba\u011fl\u0131 g\u0259zm\u0259k q\u0259rar\u0131n\u0131 \u00f6z\u00fc versin\u201d deyib. Bununla, o, q\u0131z\u0131na ilk se\u00e7im haqq\u0131n\u0131 verib. Unutmayaq ki, h\u0259yat se\u00e7iml\u0259rd\u0259n ibar\u0259tdir. Bu se\u00e7iml\u0259rdir bizi m\u00fcxt\u0259lif istiqam\u0259tl\u0259r\u0259 y\u00f6n\u0259ld\u0259n v\u0259 daxili kimliyimizi tapma\u011f\u0131m\u0131za k\u00f6m\u0259k ed\u0259n. Ancaq bunun \u00fc\u00e7\u00fcn ilk olaraq se\u00e7im haqq\u0131 verilm\u0259lidir. B\u0259lk\u0259 d\u0259, 12 ya\u015f\u0131nda ik\u0259n atas\u0131 Z\u00fclf\u00fcqar \u018fli Bhutto t\u0259r\u0259find\u0259n veril\u0259n se\u00e7im haqq\u0131d\u0131r ki, Bhuttonu \u0130slam al\u0259min ilk qad\u0131n Ba\u015f naziri kimi tan\u0131ma\u011f\u0131m\u0131za g\u0259tirib \u00e7\u0131xar\u0131b.<\/p>\n<p>Demokratiya kimisi \u00fc\u00e7\u00fcn irqi, kimisi \u00fc\u00e7\u00fcn cinsi, kimisi \u00fc\u00e7\u00fcn etnik, kimisi \u00fc\u00e7\u00fcn is\u0259 maddi f\u0259rqliliyi aradan qald\u0131ran g\u00fccd\u00fcr. Amma h\u0259r k\u0259s \u00fc\u00e7\u00fcn bu d\u00fcnyada, bu h\u0259yatda var oldu\u011funu hiss etdir\u0259n s\u00f6z azadl\u0131\u011f\u0131d\u0131r. AB\u015e-dak\u0131 Harvard Universitetinin Redkliff\u00a0 Kollecin\u0259 daxil olark\u0259n \u201cDemokratiyan\u0131n dad\u0131n\u0131 ilk d\u0259f\u0259 hiss etdim\u201d s\u00f6z\u00fcn\u00fc dey\u0259n B.Bhutto 1973-c\u00fc ild\u0259\u00a0 h\u0259min universitetinin \u201cD\u00f6vl\u0259t idar\u0259\u00e7iliyi\u201d ixtisas\u0131n\u0131 f\u0259rql\u0259nm\u0259 diplomu il\u0259 bitirib, demokratiyan\u0131 daha \u00e7ox hiss edib v\u0259 hiss etdirm\u0259k \u00fc\u00e7\u00fcn B\u00f6y\u00fck Britaniyan\u0131n Oksford Universitetinin \u201cLady Margaret Hall\u201d kollecin\u0259 daxil olub. H\u0259tta Oksfordda t\u0259hsil ald\u0131\u011f\u0131 m\u00fcdd\u0259td\u0259 Bhutto \u201cOksford ittifaq\u0131\u201d n\u00fcfuzlu diskussiya c\u0259miyy\u0259tinin \u0259vv\u0259lc\u0259 daimi komit\u0259sinin \u00fczv\u00fc, sonra is\u0259 prezidenti se\u00e7ilib.<\/p>\n<p>Ba\u015f nazir v\u0259zif\u0259sin\u0259 ilk d\u0259f\u0259 1988-ci il se\u00e7kil\u0259rind\u0259 q\u0259l\u0259b\u0259 qazanaraq se\u00e7il\u0259n B\u0259nazir Bhutto v\u0259zif\u0259sin\u0259 c\u0259mi 20 ay davam ed\u0259 bilib. \u00c7\u00fcnki \u00f6lk\u0259 ba\u015f\u00e7\u0131s\u0131 Qulam \u0130shaq Xan h\u0259rbi q\u00fcvv\u0259l\u0259rin k\u00f6m\u0259yi il\u0259 Bhuttonu v\u0259zif\u0259sind\u0259n uzaqla\u015fd\u0131r\u0131b. Ancaq xalq 1993-c\u00fc ild\u0259 ikinci d\u0259f\u0259 Pakistan\u0131n ba\u015f naziri kimi xan\u0131m Bhuttonu layiq g\u00f6r\u00fcb. Bitib-t\u00fck\u0259nm\u0259y\u0259n qalmaqallar n\u0259tic\u0259sind\u0259 \u00fc\u00e7 ild\u0259n sonra v\u0259zif\u0259sind\u0259n k\u0259narla\u015fd\u0131r\u0131laraq Dubaya s\u00fcrg\u00fcn edilib. S\u0259kkiz illik v\u0259t\u0259n, torpaq h\u0259sr\u0259tind\u0259n sonra 2007-ci il oktyabr ay\u0131n\u0131n 18-d\u0259 \u00a0\u015e\u0259rqin d\u0259mir ledisi yenid\u0259n Pakistana geri qay\u0131tma\u011fa m\u00fcv\u0259ff\u0259q olub.<\/p>\n<p>Xan\u0131m Bhutto Pakistana qay\u0131td\u0131qdan sonra siyasi arenada \u00f6z s\u00f6z\u00fcn\u00fc dem\u0259k m\u0259qs\u0259dil\u0259 yenid\u0259n m\u00fcbariz\u0259y\u0259 qo\u015fulub. 2008-ci ilin yanvar ay\u0131 \u00fc\u00e7\u00fcn planla\u015fd\u0131r\u0131lan parlament se\u00e7kil\u0259ri zaman\u0131 y\u0259ni, 27 dekabr 2007-ci ild\u0259 Pakistan\u0131n Ravalpindi \u015f\u0259h\u0259rind\u0259 ke\u00e7iril\u0259n\u00a0 mitingd\u0259 onu siyasi arenadan \u0259b\u0259di uzaqla\u015fd\u0131rmaq \u00fc\u00e7\u00fcn sui-q\u0259sd t\u0259\u015fkil edilib. Bu sui-q\u0259sd n\u0259tic\u0259sind\u0259, 90 n\u0259f\u0259r yaralan\u0131b, 26 adam v\u0259 o c\u00fcml\u0259d\u0259n xan\u0131m Bhutto bu d\u00fcnyaya g\u00f6zl\u0259rini \u0259b\u0259di olaraq yumub.<\/p>\n<p>44 g\u00fcnl\u00fck v\u0259t\u0259n m\u00fcharib\u0259sind\u0259 qazan\u0131lan z\u0259f\u0259rl\u0259 Az\u0259rbaycan\u0131n k\u00fc\u00e7\u0259l\u0259rini b\u0259z\u0259y\u0259n v\u0259 bayra\u011f\u0131m\u0131zla yana\u015f\u0131 dal\u011falanan iki qarda\u015f bayraqdan biri\u00a0 Pakistan\u0131n milli bayra\u011f\u0131 olub. Bu ba\u011f\u0131n m\u00f6hk\u0259ml\u0259nm\u0259sind\u0259 \u015e\u0259rqin ilk qad\u0131n Ba\u015f naziri olan Xan\u0131m Bhuttonun b\u00f6y\u00fck s\u0259yi olub. \u00a0\u00d6l\u00fcm\u00fcnd\u0259n sonra Pakistanda \u00fc\u00e7g\u00fcnl\u00fck mat\u0259m elan olunan \u00a0B\u0259nazir Bhutto b\u00fct\u00fcn Pakistan liderl\u0259ri kimi Az\u0259rbaycan\u0131 \u00e7ox sevib, h\u0259tta Az\u0259rbaycan-Pakistan m\u00fcnasib\u0259tl\u0259rin \u0259saslar\u0131n\u0131 quran siyas\u0259t\u00e7il\u0259rd\u0259n olub. Ulu \u00f6nd\u0259r Heyd\u0259r \u018fliyevin 1996-c\u0131 ild\u0259 Pakistana s\u0259f\u0259ri zaman\u0131 xan\u0131m Bhutto il\u0259 ke\u00e7irilmi\u015f g\u00f6r\u00fc\u015fd\u0259n sonra n\u0259inki \u00f6lk\u0259l\u0259rimiz aras\u0131nda m\u00fcnasib\u0259tl\u0259rin \u0259sas\u0131 qoyulub, h\u0259m d\u0259 tarixi s\u0259f\u0259r zaman\u0131 iki \u00f6lk\u0259 aras\u0131nda h\u00fcquq \u2013 m\u00fcqavil\u0259 bazas\u0131n\u0131n \u0259sas\u0131n\u0131 t\u0259\u015fkil ed\u0259n bir s\u0131ra \u00f6n\u0259mli s\u0259n\u0259dl\u0259r bel\u0259 imzalan\u0131b.<\/p>\n<p>Xan\u0131m Bhuttonun daim Az\u0259rbaycana x\u00fcsusi m\u00fcnasib\u0259t b\u0259sl\u0259diyini vur\u011fulayan \u00f6lk\u0259mizin Pakistandak\u0131 sabiq s\u0259firi Da\u015fq\u0131n \u015eikarov qeyd edib ki, Pakistan\u0131n Ba\u015f naziri oldu\u011fu d\u00f6vrd\u0259 Pakistan Az\u0259rbaycana m\u0259n\u0259vi d\u0259st\u0259k verm\u0259kl\u0259 yana\u015f\u0131, i\u015f\u011fal olunmu\u015f torpaqlardan did\u0259rgin d\u00fc\u015fm\u00fc\u015f h\u0259mv\u0259t\u0259nl\u0259rimiz \u00fc\u00e7\u00fcn bir milyon AB\u015e dollar\u0131 m\u0259bl\u0259\u011find\u0259 humanitar yard\u0131m edib. H\u0259min yard\u0131m tibbi l\u0259vazimatlar, qida m\u0259hsullar\u0131 v\u0259 geyim \u0259\u015fyalardan ibar\u0259t olub. H\u0259tta Benazir Bhuttonun atas\u0131 Z\u00fclf\u00fcqar \u018fli Bhuttonun yaratd\u0131\u011f\u0131 Xalq Partiyas\u0131n\u0131n hakimiyy\u0259td\u0259 oldu\u011fu d\u00f6vrd\u0259 Pakistanda irimiqyasl\u0131 humanitar layih\u0259l\u0259ri h\u0259yata ke\u00e7irtdiyin\u0259 g\u00f6r\u0259, Heyd\u0259r \u018fliyev Fondunun prezidenti Mehriban \u018fliyevaya\u00a0 \u201c\u015e\u0259hid Benazir Bhutto\u201d m\u00fckafat\u0131 verilib. S\u00f6z\u00fcged\u0259n m\u00fckafat B.Bhuttonun h\u0259yat yolda\u015f\u0131, Pakistan\u0131n sabiq Prezidenti Z.\u018f. Zerdari t\u0259r\u0259find\u0259n t\u0259qdim olunub.<\/p>\n<p>H\u0259yat bir qatard\u0131r, biz insanlar is\u0259 qatardak\u0131 s\u0259rni\u015finl\u0259r. H\u0259r bir insan bir vaqonda \u0259yl\u0259\u015fib \u00f6z h\u0259yat r\u0259ngi, d\u00fc\u015f\u00fcnc\u0259l\u0259ri, m\u0259qs\u0259dl\u0259ri, m\u00fcbariz\u0259l\u0259ril\u0259 iz qoyur. O ki qatar s\u0259rni\u015finin m\u0259nzilin\u0259 \u00e7at\u0131r, vaqonda is\u0259 o s\u0259rni\u015finin xatirl\u0259rind\u0259n ba\u015fqa he\u00e7 n\u0259 qalm\u0131r. B\u0259z\u0259n bu xatir\u0259l\u0259r dig\u0259r s\u0259rni\u015finl\u0259rin qatardan ayr\u0131lma vaxt\u0131na kimi ya\u015fasa da, b\u0259zi xatir\u0259l\u0259r ill\u0259rl\u0259, \u0259srl\u0259rl\u0259 unudulmur. Sanki tarix kitabd\u0131r, bu xatirl\u0259r is\u0259 kitab\u0131n s\u0259hif\u0259l\u0259rin\u0259 yaz\u0131lm\u0131\u015f c\u00fcml\u0259l\u0259r. B\u0259s kiml\u0259rin xatir\u0259l\u0259ri bu s\u0259hif\u0259d\u0259 yer al\u0131r? V\u0259t\u0259n u\u011frunda, xalq u\u011frunda, c\u0259miyy\u0259t u\u011frunda, \u0259n \u0259sas\u0131 is\u0259 insanl\u0131q u\u011frunda bu q\u0131sa \u00f6m\u00fcrl\u0259rini qurban verm\u0259kd\u0259n \u00e7\u0259kinm\u0259y\u0259n B\u0259nazir Bhutto kimil\u0259rin&#8230;<\/p>\n<p class=\"bawpvc-ajax-counter\" data-id=\"16632\">Yaz\u0131ya 355 d\u0259f\u0259 bax\u0131l\u0131b<\/p>\n","protected":false},"excerpt":{"rendered":"<p>\u0130slam dini q\u0259lb\u0259 nur, ruha sakitlik, \u0259dal\u0259tin is\u0259 \u0259n g\u00f6z\u0259l t\u0259r\u0259zisidir. \u00a0Qurani-K\u0259rimd\u0259 &#8211; \u00a0\u018fnbiya sur\u0259sinin 47-ci ay\u0259sind\u0259 buyruldu\u011fu kimi, he\u00e7 k\u0259s\u0259 bir xardal d\u0259n\u0259si q\u0259d\u0259r haqs\u0131zl\u0131q edilm\u0259z. Ancaq b\u0259zi islami c\u0259miyy\u0259tl\u0259rd\u0259 qad\u0131nlar\u0131m\u0131za qar\u015f\u0131 \u00a0cinsi ayr\u0131se\u00e7kilik s\u0259b\u0259bind\u0259n edil\u0259n haqs\u0131zl\u0131qla \u00a0onlar\u0131 t\u0259hsild\u0259n, ictimai, iqtisadi, siyasi sah\u0259d\u0259n uzaqla\u015fd\u0131r\u0131b \u00f6z s\u00f6zl\u0259rini dem\u0259k yerin\u0259 t\u0259kc\u0259 ail\u0259nin qay\u011f\u0131s\u0131na qalma\u011fa m\u0259cbur edirl\u0259r. [&hellip;]<\/p>\n","protected":false},"author":1,"featured_media":0,"comment_status":"closed","ping_status":"closed","sticky":false,"template":"","format":"standard","meta":[],"categories":[17,3],"tags":[],"_links":{"self":[{"href":"https:\/\/kultur.az\/index.php?rest_route=\/wp\/v2\/posts\/16632"}],"collection":[{"href":"https:\/\/kultur.az\/index.php?rest_route=\/wp\/v2\/posts"}],"about":[{"href":"https:\/\/kultur.az\/index.php?rest_route=\/wp\/v2\/types\/post"}],"author":[{"embeddable":true,"href":"https:\/\/kultur.az\/index.php?rest_route=\/wp\/v2\/users\/1"}],"replies":[{"embeddable":true,"href":"https:\/\/kultur.az\/index.php?rest_route=%2Fwp%2Fv2%2Fcomments&post=16632"}],"version-history":[{"count":1,"href":"https:\/\/kultur.az\/index.php?rest_route=\/wp\/v2\/posts\/16632\/revisions"}],"predecessor-version":[{"id":16633,"href":"https:\/\/kultur.az\/index.php?rest_route=\/wp\/v2\/posts\/16632\/revisions\/16633"}],"wp:attachment":[{"href":"https:\/\/kultur.az\/index.php?rest_route=%2Fwp%2Fv2%2Fmedia&parent=16632"}],"wp:term":[{"taxonomy":"category","embeddable":true,"href":"https:\/\/kultur.az\/index.php?rest_route=%2Fwp%2Fv2%2Fcategories&post=16632"},{"taxonomy":"post_tag","embeddable":true,"href":"https:\/\/kultur.az\/index.php?rest_route=%2Fwp%2Fv2%2Ftags&post=16632"}],"curies":[{"name":"wp","href":"https:\/\/api.w.org\/{rel}","templated":true}]}}