{"id":16881,"date":"2021-08-05T01:18:06","date_gmt":"2021-08-04T20:18:06","guid":{"rendered":"http:\/\/kultur.az\/?p=16881"},"modified":"2021-08-05T01:18:06","modified_gmt":"2021-08-04T20:18:06","slug":"hulya-sezgin-bir-kotu-bir-iyi","status":"publish","type":"post","link":"https:\/\/kultur.az\/?p=16881","title":{"rendered":"H\u00fclya SEZG\u0130N &#8211; Bir k\u00f6t\u00fc, bir iyi&#8230;"},"content":{"rendered":"<article>\n<div>\n<p><img decoding=\"async\" loading=\"lazy\" class=\"alignnone\" src=\"http:\/\/www.ortakses.com\/d\/other\/20210801-143339.jpg\" alt=\"20210801-143339.jpg\" width=\"3024\" height=\"3377\" \/>Ben ho\u015fuma giden lokmay\u0131 yeme\u011fin sonuna saklar\u0131m ki mutlu kalkay\u0131m sofradan&#8230;<br \/>\nYaz\u0131mda da \u00f6yle yapaca\u011f\u0131m&#8230;<br \/>\nPe\u015fpe\u015fe gelen felaketlerle bo\u011fu\u015fmaktan;<br \/>\nRuhumuz yoruldu&#8230;<br \/>\nG\u00f6nl\u00fcm\u00fcz yoruldu&#8230;<br \/>\nG\u00fcc\u00fcm\u00fcz t\u00fckendi&#8230;<br \/>\n\u00dcz\u00fcld\u00fck, y\u0131prand\u0131k&#8230;<br \/>\n&#8220;Ak\u0131n ak\u0131n gelen m\u00fcltecileri istemiyoruz, yenileri gelmesin, eskiler de evlerine d\u00f6ns\u00fcn&#8221; derken&#8230; daha beteri yakam\u0131za yap\u0131\u015ft\u0131&#8230;<br \/>\nCan\u0131m\u0131z yand\u0131, ci\u011ferimiz yand\u0131&#8230;<br \/>\nH\u00e2l\u00e2 da cay\u0131r cay\u0131r yan\u0131yor&#8230;<br \/>\nNefessiz kald\u0131k&#8230;<br \/>\nOralarda ya\u015fayan arkada\u015flar\u0131mla konu\u015fuyorum da bo\u011fazlar\u0131 d\u00fc\u011f\u00fcm d\u00fc\u011f\u00fcm konu\u015fam\u0131yorlar&#8230;<br \/>\n&#8220;Evimiz yan\u0131yor, kedimizi kap\u0131p ka\u00e7t\u0131k!..&#8221;<br \/>\ndedi bir arkada\u015f\u0131m. Param\u0131z\u0131,\u00a0 mal\u0131m\u0131z\u0131 de\u011fil, kedimizi&#8230; \u00e7\u00fcnk\u00fc o da can&#8230; \u00e7\u00fcnk\u00fc maldan \u00f6nce can k\u0131ymetli&#8230;<br \/>\nSosyal medyada herkes iyi niyetle bir \u015feyler yaz\u0131yor&#8230; yanan yerler hemen a\u011fa\u00e7land\u0131r\u0131ls\u0131n diyor. Ancak i\u015fin uzman\u0131 olmadan ortaya at\u0131lan bu fikirlerin \u00e7o\u011fu ne yaz\u0131k ki pek de do\u011fru de\u011fil.<br \/>\n&#8220;\u00c7am dikilmesin. Yerine zeytin, elma, armut dikilsin. \u00c7am tutu\u015fuyor, yang\u0131nda kozalak patlayarak uza\u011fa s\u0131\u00e7lay\u0131p yay\u0131lmas\u0131na neden oluyor.&#8221; diyenler var&#8230; Evet, tek y\u00f6nl\u00fc bak\u0131nca do\u011fru. Ancak i\u015fin uzman\u0131 olunca yanl\u0131\u015f!.. Her b\u00f6lgenin ekolojik bir yap\u0131s\u0131 var ve oraya uygun a\u011fa\u00e7land\u0131rmay\u0131 do\u011fa kendisi yap\u0131yor. Tema g\u00f6n\u00fcll\u00fcs\u00fc olarak kat\u0131ld\u0131\u011f\u0131m bir etkinli\u011fimizde rahmetli toprak dedemiz Hayrettin Karaca demi\u015fti ki:<br \/>\n&#8220;Orman y\u00fcz y\u0131lda do\u011fal olarak kendi olu\u015fur.\u00a0 Sizin dikti\u011finiz orman de\u011fil koruluktur.&#8221;<br \/>\nAyr\u0131ca meyve a\u011fa\u00e7lar\u0131 bak\u0131m ister, g\u00fcbre ister,\u00a0 budamak-\u00e7apa ister, ormanda olmaz&#8230; Bu fikir sanki park ve bah\u00e7elerde olabilir diye d\u00fc\u015f\u00fcnd\u00fcm&#8230;<br \/>\nAncak bunlardan \u00f6nce yanan yerlere sahip \u00e7\u0131kmal\u0131, yerine otel dikilmemeli&#8230; korunmal\u0131 bence&#8230;<br \/>\nKorunduktan sonra kimse bir \u015fey dikmese bile do\u011fa kendi yaras\u0131n\u0131 kendi sarar, bir ka\u00e7 y\u0131la kadar k\u00f6klerinden yenisi filizlenir&#8230;<br \/>\nMarmaris ar\u0131c\u0131l\u0131\u011f\u0131n yap\u0131ld\u0131\u011f\u0131, ballar\u0131 ile \u00fcnl\u00fc bir beldemiz&#8230; \u00c7am onun i\u00e7in ve ekolojik denge i\u00e7in \u00f6nemli.\u00a0 Ne ac\u0131 ki ar\u0131lar da \u00f6ld\u00fc. Einstein &#8221; Ar\u0131lar \u00f6l\u00fcrse insanl\u0131k \u00f6l\u00fcr!&#8221; demi\u015fti. \u0130nsano\u011flu kendi elleri ile kendi sonunu getiriyor. K\u0131yamet mi?.. onu da insanlar getirecek!&#8230;<br \/>\nH\u00e2l\u00e2 ormanlar\u0131n,\u00a0 H\u00e2l\u00e2 do\u011fan\u0131n ya\u015fam i\u00e7in ne kadar gerekli oldu\u011funun bilincinde olmayanlar var ne yaz\u0131k ki!.. Bu y\u0131l k\u0131rkl\u0131 derecelerde yand\u0131k&#8230; Bu yang\u0131nlar sonucu ise gelecek y\u0131l bizi ellili derece s\u0131caklar bekliyor. Yaln\u0131z s\u0131caklarla kavrulsak iyi&#8230; susuzluktan da k\u0131r\u0131laca\u011f\u0131z&#8230;<br \/>\n***<br \/>\nBu arada anlatmaya utan\u0131yorum, y\u00fcre\u011fim kan a\u011flarken,\u00a0 pek \u00e7ok canlar yanarken, pek \u00e7ok ya\u015fam biterken benim ya\u015fad\u0131\u011f\u0131m g\u00fczellikleri anlatmaya!..<br \/>\nAma ya\u015fam bir denge \u00fczerine kurulu&#8230;<br \/>\nBir yanda \u00e7irkin,\u00a0 bir yanda g\u00fczel&#8230;<br \/>\nBir yanda k\u00f6t\u00fc, bir yanda iyi&#8230;<br \/>\nBu denge olmazsa dibe vururuz. Psikolojimiz alt-\u00fcst olur. Onun i\u00e7in iyi ve g\u00fczel olan \u015feylerin de oldu\u011funu g\u00f6rmenin iyi gelece\u011fini d\u00fc\u015f\u00fcnerek anlatmak istiyorum&#8230; Af edin&#8230;<br \/>\n\u00c7e\u015fme&#8217;nin en g\u00fczel sahil \u015feridi Boyal\u0131k&#8217;ta Rooms Hotels&amp;Beach \u0130\u015fletme Sahibi Mert G\u00f6n\u00fcl, organizasyon y\u00f6neticisi Y\u00fcr\u00fckhan Sezer yapmak istedikleri pek \u00e7ok etkinli\u011fe sanat\u0131 da katmak isteyince benim de yazar\u0131 oldu\u011fum dergimiz Life Enjoy genel yay\u0131n y\u00f6netmeni sevgili G\u00fcl\u015fah \u0130nallez benden sergi\u00a0 ve canl\u0131 sunum yap\u0131p yapamayaca\u011f\u0131m\u0131 sordu. Pandemide s\u00fcrekli resim yapt\u0131m. Ne sergi yapabildim ne de bir festival veya \u00e7al\u0131\u015ftay. \u00d6zledim&#8230; sergilerimi \u00f6zledim, resimseverlerle sohbeti \u00f6zledim, \u00e7ocuklarla bulu\u015fmay\u0131, onlarla resim yapmay\u0131 \u00f6zledim&#8230;<br \/>\nH\u00e2l b\u00f6yle olunca da sevinerek kabul ettim&#8230;<\/p>\n<p>Tam bir hafta haz\u0131rland\u0131m yemin ederim.\u00a0 Bu yirmiyedinci ki\u015fisel sergim olsa da h\u00e2l\u00e2 ayn\u0131 heyecan\u0131 ya\u015f\u0131yorum \u00e7\u00fcnk\u00fc. Bir de bu g\u00fcne kadar hep salonlarda a\u00e7m\u0131\u015ft\u0131m sergilerimi,\u00a0 b\u00f6yle bir yerde ilk kez olacak&#8230; Nereye nas\u0131l asar\u0131m&#8230; asmak i\u00e7in ne gerekir,\u00a0 hangi resimlerimi g\u00f6t\u00fcreyim&#8230; Ve daha pek \u00e7ok soru beynimde ko\u015fu\u015fturup durdu&#8230;<br \/>\nSevgili G\u00fcl\u015fah&#8217;la ve Y\u00fcr\u00fckhan ile pek \u00e7ok g\u00f6r\u00fc\u015fmeler yapt\u0131m&#8230;<br \/>\nSergi g\u00fcn\u00fc sabah erkenden hem k\u0131z\u0131m hem arkada\u015f\u0131m Senem\u00a0 ile(b\u00fcy\u00fcd\u00fc ya&#8230; arkada\u015f\u0131m oldu art\u0131k) arabaya resimleri y\u00fckledi\u011fimiz gibi koyulduk yola. Bir saat sonra Rooms Hotels&amp;Beach&#8217;teydik&#8230;<br \/>\nOtel, yan\u0131nda havuz&#8230; \u00f6n\u00fcnde pek \u00e7ok spor ve etkinlik yap\u0131lan b\u00fcy\u00fck\u00e7e bir \u00e7im alan, sonras\u0131nda plaj&#8230; \u015femsiyeler,\u00a0 sezlonglar&#8230; \u0130pek gibi kum \u00f6n\u00fcnde p\u0131r\u0131l p\u0131r\u0131l muhte\u015fem turkuaz renkli bir deniz&#8230;<br \/>\nPlaj giri\u015finde ye\u015fil alana resimlerimi ast\u0131m, a\u011fa\u00e7 alt\u0131na masama \u015f\u00f6valemi kurdum. Tuvalim&#8230; boyalar\u0131m&#8230; f\u0131r\u00e7alar\u0131m&#8230;<br \/>\n\u0130ki g\u00fcn boyunca ilgilenen resimseverlerle sohbet ettim&#8230; k\u00fc\u00e7\u00fcc\u00fck \u00e7ocuklarla resim \u00e7al\u0131\u015ft\u0131m&#8230; Bol bol o muhte\u015fem denizde y\u00fczd\u00fcm&#8230; resim alanlardan biri Bel\u00e7ika&#8217;dan tatile gelen bir gurbet\u00e7imizdi. Yurtd\u0131\u015f\u0131na gidecek resimlerim diye\u00a0 sevindim&#8230; Ak\u015famlar\u0131 \u00c7e\u015fme,\u00a0 Ala\u00e7at\u0131 gezdik&#8230; E daha ne olsun&#8230;<br \/>\nVedala\u015f\u0131rken i\u015fletme sahibi Mert bey &#8220;Yeriniz haz\u0131r,\u00a0 her zaman bekleriz&#8221; dedi sa\u011f olsun. G\u00fcl\u015fah ve Y\u00fcr\u00fckhan ile akl\u0131m\u0131zda pek \u00e7ok sergi,\u00a0 at\u00f6lye \u00e7al\u0131\u015fmas\u0131 projelerimiz var ileride&#8230; Mutlu, g\u00fczel an\u0131larla Senem&#8217;imle Mordo\u011fan&#8217;a do\u011fru yola koyulduk&#8230;<br \/>\n\u0130\u015fte b\u00f6yle&#8230; ac\u0131s\u0131yla, tatl\u0131s\u0131yla hayat devam ediyor&#8230;<\/p>\n<p><!--\/data\/user\/0\/com.samsung.android.app.notes\/files\/clipdata\/clipdata_bodytext_210802_150024_327.sdocx--><img decoding=\"async\" loading=\"lazy\" src=\"http:\/\/www.ortakses.com\/d\/other\/img-20210802-wa0007.jpg\" alt=\"img-20210802-wa0007.jpg\" width=\"1200\" height=\"1600\" \/><img decoding=\"async\" loading=\"lazy\" src=\"http:\/\/www.ortakses.com\/d\/other\/img-20210802-wa0016.jpg\" alt=\"img-20210802-wa0016.jpg\" width=\"1200\" height=\"1600\" \/><img decoding=\"async\" loading=\"lazy\" src=\"http:\/\/www.ortakses.com\/d\/other\/img-20210802-wa0034.jpg\" alt=\"img-20210802-wa0034.jpg\" width=\"1600\" height=\"1066\" \/><\/p>\n<\/div>\n<div><\/div>\n<\/article>\n<div><\/div>\n<p>Kaynak: <a href=\"http:\/\/www.ortakses.com\/bir-kotu-bir-iyi-4208yy.htm?fbclid=IwAR31DHKt0LsP6cALbBG2VAuo1ZSlrz_iX4Miy4edxkXZH4P-xgkWr8wQoUM\" target=\"_blank\">Bir k\u00f6t\u00fc, bir iyi&#8230; &#8211; H\u00fclya SEZG\u0130N<\/a><\/p>\n<p class=\"bawpvc-ajax-counter\" data-id=\"16881\">Yaz\u0131ya 1207 d\u0259f\u0259 bax\u0131l\u0131b<\/p>\n","protected":false},"excerpt":{"rendered":"<p>Ben ho\u015fuma giden lokmay\u0131 yeme\u011fin sonuna saklar\u0131m ki mutlu kalkay\u0131m sofradan&#8230; Yaz\u0131mda da \u00f6yle yapaca\u011f\u0131m&#8230; Pe\u015fpe\u015fe gelen felaketlerle bo\u011fu\u015fmaktan; Ruhumuz yoruldu&#8230; G\u00f6nl\u00fcm\u00fcz yoruldu&#8230; G\u00fcc\u00fcm\u00fcz t\u00fckendi&#8230; \u00dcz\u00fcld\u00fck, y\u0131prand\u0131k&#8230; &#8220;Ak\u0131n ak\u0131n gelen m\u00fcltecileri istemiyoruz, yenileri gelmesin, eskiler de evlerine d\u00f6ns\u00fcn&#8221; derken&#8230; daha beteri yakam\u0131za yap\u0131\u015ft\u0131&#8230; Can\u0131m\u0131z yand\u0131, ci\u011ferimiz yand\u0131&#8230; H\u00e2l\u00e2 da cay\u0131r cay\u0131r yan\u0131yor&#8230; Nefessiz kald\u0131k&#8230; Oralarda [&hellip;]<\/p>\n","protected":false},"author":1,"featured_media":5758,"comment_status":"closed","ping_status":"closed","sticky":false,"template":"","format":"standard","meta":[],"categories":[4],"tags":[],"_links":{"self":[{"href":"https:\/\/kultur.az\/index.php?rest_route=\/wp\/v2\/posts\/16881"}],"collection":[{"href":"https:\/\/kultur.az\/index.php?rest_route=\/wp\/v2\/posts"}],"about":[{"href":"https:\/\/kultur.az\/index.php?rest_route=\/wp\/v2\/types\/post"}],"author":[{"embeddable":true,"href":"https:\/\/kultur.az\/index.php?rest_route=\/wp\/v2\/users\/1"}],"replies":[{"embeddable":true,"href":"https:\/\/kultur.az\/index.php?rest_route=%2Fwp%2Fv2%2Fcomments&post=16881"}],"version-history":[{"count":1,"href":"https:\/\/kultur.az\/index.php?rest_route=\/wp\/v2\/posts\/16881\/revisions"}],"predecessor-version":[{"id":16882,"href":"https:\/\/kultur.az\/index.php?rest_route=\/wp\/v2\/posts\/16881\/revisions\/16882"}],"wp:featuredmedia":[{"embeddable":true,"href":"https:\/\/kultur.az\/index.php?rest_route=\/wp\/v2\/media\/5758"}],"wp:attachment":[{"href":"https:\/\/kultur.az\/index.php?rest_route=%2Fwp%2Fv2%2Fmedia&parent=16881"}],"wp:term":[{"taxonomy":"category","embeddable":true,"href":"https:\/\/kultur.az\/index.php?rest_route=%2Fwp%2Fv2%2Fcategories&post=16881"},{"taxonomy":"post_tag","embeddable":true,"href":"https:\/\/kultur.az\/index.php?rest_route=%2Fwp%2Fv2%2Ftags&post=16881"}],"curies":[{"name":"wp","href":"https:\/\/api.w.org\/{rel}","templated":true}]}}