{"id":16936,"date":"2021-09-08T00:32:02","date_gmt":"2021-09-07T19:32:02","guid":{"rendered":"http:\/\/kultur.az\/?p=16936"},"modified":"2021-09-08T00:32:59","modified_gmt":"2021-09-07T19:32:59","slug":"ismayil-m%c9%99rcanli-imanzad%c9%99-m%c9%99nim-susali-dunyam-fotolar","status":"publish","type":"post","link":"https:\/\/kultur.az\/?p=16936","title":{"rendered":"\u0130SMAYIL M\u018fRCANLI \u0130MANZAD\u018f   &#8211;    M\u018fN\u0130M \u015eU\u015eALI D\u00dcNYAM (fotolar)"},"content":{"rendered":"<p><a href=\"http:\/\/kultur.az\/wp-content\/uploads\/2021\/09\/DSC02965.jpg\"><img decoding=\"async\" loading=\"lazy\" class=\"alignleft wp-image-16937 size-medium\" src=\"http:\/\/kultur.az\/wp-content\/uploads\/2021\/09\/DSC02965-300x225.jpg\" alt=\"DSC02965\" width=\"300\" height=\"225\" srcset=\"https:\/\/kultur.az\/wp-content\/uploads\/2021\/09\/DSC02965-300x225.jpg 300w, https:\/\/kultur.az\/wp-content\/uploads\/2021\/09\/DSC02965-1024x768.jpg 1024w, https:\/\/kultur.az\/wp-content\/uploads\/2021\/09\/DSC02965-75x55.jpg 75w, https:\/\/kultur.az\/wp-content\/uploads\/2021\/09\/DSC02965-180x135.jpg 180w\" sizes=\"(max-width: 300px) 100vw, 300px\" \/><\/a>On s\u0259kkizinci \u0259srin ikinci yar\u0131s\u0131ndan sonra Qaraba\u011f xanl\u0131\u011f\u0131n\u0131n paytaxt\u0131 kimi ad\u0131 dill\u0259rd\u0259 g\u0259zib dola\u015fan \u015eu\u015fan\u0131n sonrak\u0131 d\u00f6n\u0259ml\u0259rd\u0259 yurdumuzun m\u0259d\u0259niyy\u0259t m\u0259rk\u0259zin\u0259 \u00e7evrilm\u0259si bar\u0259d\u0259 yaz\u0131l\u0131 m\u0259nb\u0259\u0259l\u0259rd\u0259 kifay\u0259t q\u0259d\u0259r bilgil\u0259r m\u00f6vcuddur. Bu m\u00f6ht\u0259\u015f\u0259m \u015f\u0259h\u0259rin d\u0259f\u0259l\u0259rl\u0259 xarici m\u00fcdaxil\u0259l\u0259r\u0259 m\u0259ruz qalmas\u0131, erm\u0259nil\u0259rin Qaraba\u011fa o c\u00fcml\u0259d\u0259n bu g\u00f6z\u0259l \u015f\u0259h\u0259r\u0259 b\u00fct\u00fcnl\u00fckl\u0259 sahibl\u0259nm\u0259k ist\u0259kl\u0259ri bar\u0259d\u0259 t\u0259kzib edilm\u0259z tarixi faktlar yet\u0259rinc\u0259dir. B\u0259lk\u0259 el\u0259 buna g\u00f6r\u0259 d\u0259 Qaraba\u011f xanl\u0131\u011f\u0131n\u0131n \u0259sas\u0131n\u0131 qoyan P\u0259nah\u0259li xan\u0131n Boyat v\u0259 \u015eahbulaq qalalar\u0131n\u0131 in\u015fa etdirdikd\u0259n sonra, t\u0259hl\u00fck\u0259sizlik bax\u0131m\u0131ndan xanl\u0131\u011f\u0131n m\u0259rk\u0259zinin \u00fc\u00e7 t\u0259r\u0259fd\u0259n s\u0131ld\u0131r\u0131m qayalarla \u0259hat\u0259 olunan bir m\u0259kana k\u00f6\u00e7\u00fcrm\u0259si d\u0259 yadellil\u0259rin bu\u00a0 m\u0259krli niyy\u0259tl\u0259rini qabaqcadan duymaqla ilgilidir.<\/p>\n<p>Bu yaz\u0131mda Qaraba\u011f xanl\u0131\u011f\u0131n\u0131n, onun bir par\u00e7as\u0131 olan \u015eu\u015fan\u0131n tarixi v\u0259 bu m\u00f6ht\u0259\u015f\u0259m \u015f\u0259h\u0259rin xalq\u0131m\u0131za b\u0259x\u015f etdiyi \u00fcnl\u00fc simalardan b\u0259hs etm\u0259k m\u0259qs\u0259dim olmad\u0131\u011f\u0131ndan, sad\u0259c\u0259 olaraq sovetl\u0259r d\u00f6n\u0259mind\u0259 d\u00f6rd d\u0259f\u0259 (1966, 1983, 1984 v\u0259 1989-cu ilin sentyabr ay\u0131nda) \u015eu\u015fada oldu\u011fumu \u00f6t\u0259ri d\u0259 olsa diqq\u0259t\u0259 \u00e7atd\u0131rmaqla, oraya 32 ild\u0259n sonra s\u0259f\u0259r etm\u0259yim bar\u0259d\u0259 bir az g\u00fcni\u015f m\u0259lumat verm\u0259k ist\u0259yir\u0259m.<\/p>\n<p>Yuxar\u0131da qeyd eydiyim kimi \u015eu\u015fa bar\u0259d\u0259 yet\u0259rinc\u0259 m\u0259lumat\u0131m vard\u0131r. Vaxt\u0131yla \u0130sa bula\u011f\u0131nda, C\u0131d\u0131r d\u00fcz\u00fcnd\u0259, \u015f\u0259h\u0259rin al\u0131\u015f-veri\u015f m\u0259rk\u0259zi hesab edil\u0259n bazar\u0131nda olmu\u015f, dolanbac k\u00fc\u00e7\u0259l\u0259rini g\u0259zib dola\u015fm\u0131\u015f, Molla P\u0259nah Vaqifin m\u0259qb\u0259r\u0259sini, X\u0259zin\u0259 qayas\u0131ndan Da\u015falt\u0131 \u00e7ay\u0131n\u0131, Kirs da\u011f\u0131n\u0131, Topxana me\u015f\u0259sini d\u00f6n\u0259-d\u00f6n\u0259 seyr etmi\u015f\u0259m.<\/p>\n<p>1993-c\u00fc il noyabr ay\u0131n\u0131n 7-d\u0259 m\u0259cburi k\u00f6\u00e7k\u00fcn kimi Ming\u0259\u00e7evir\u0259 \u00fcz tutandan sonra burada m\u00fcv\u0259qq\u0259ti olaraq m\u0259skunla\u015fan iki mind\u0259n art\u0131q \u015fu\u015fal\u0131 m\u0259cburi k\u00f6\u00e7k\u00fcn\u00fcn do\u011fma ata ocaqlar\u0131na \u00fcr\u0259kd\u0259n ba\u011fl\u0131 olduqlar\u0131n\u0131 da d\u0259f\u0259l\u0259rl\u0259 hiss el\u0259mi\u015f\u0259m. Heyd\u0259r \u018fliyev Fondunun t\u0259\u015fkilat\u00e7\u0131l\u0131\u011f\u0131 v\u0259 d\u0259st\u0259yi il\u0259 \u015eu\u015faya s\u0259f\u0259r\u0259 ed\u0259c\u0259k elm-s\u0259n\u0259t adamlar\u0131n\u0131n s\u0131ras\u0131nda m\u0259nim ad\u0131m\u0131n da oldu\u011funu bil\u0259nd\u0259 \u00e7ox sevindim. Avqust ay\u0131n\u0131n 27-d\u0259 paytaxt Bak\u0131ya yola d\u00fc\u015fd\u00fcm v\u0259 ay\u0131n 28-d\u0259 qeydiyyatdan ke\u00e7ib, pandemiyaya g\u00f6r\u0259 m\u00fcayin\u0259 olunduqdan sonra ert\u0259si g\u00fcn yola \u00e7\u0131xd\u0131q. F\u00fczuli rayonunun \u018fhm\u0259db\u0259yli k\u0259ndin\u0259 \u00e7atanda h\u0259min yerd\u0259n 101 kilometrlik \u201cZ\u0259f\u0259r yolu\u201d il\u0259 \u015eu\u015faya \u00fcz tutduq. F\u00fczuli rayonunda ilk g\u0259nclik ill\u0259rimd\u0259 t\u0259yinatla \u00fc\u00e7 il i\u015fl\u0259diyimd\u0259n yol boyu rast\u0131m\u0131za \u00e7\u0131xan K\u00fcrd Mahmudlu, K\u0259rimb\u0259yli, Qorqan, Alxanl\u0131, A\u015fa\u011f\u0131 \u018fbd\u00fcrr\u0259manl\u0131 k\u0259ndl\u0259rind\u0259 evl\u0259rin salamat qald\u0131\u011f\u0131n\u0131n\u0131n \u015fahidi olsam da, bundan sonra g\u0259l\u0259n Seyidmahmudlu, Gec\u0259g\u00f6zl\u00fc, Aybasanl\u0131, Yuxar\u0131 Veys\u0259lli, Dila\u011farda, Yuxar\u0131 Z\u0259rg\u0259r, Qacar&#8230; k\u0259ndl\u0259rinin xarabal\u0131qlar\u0131n\u0131 g\u00f6rd\u00fckc\u0259 ham\u0131l\u0131qla d\u00fc\u015fm\u0259nin t\u00f6r\u0259tdiyi v\u0259h\u015filikl\u0259ri l\u0259n\u0259tl\u0259dik.<\/p>\n<p>\u0130kinci Qaraba\u011f M\u00fcharib\u0259si ba\u015flayan kimi 44 g\u00fcn \u0259rzind\u0259 d\u00fc\u015fm\u0259ni diz \u00e7\u00f6kd\u00fcr\u0259n \u0259r\u0259nl\u0259rimizin a\u00e7d\u0131\u011f\u0131 c\u0131\u011f\u0131rlar\u0131 geni\u015f v\u0259 abad yola \u00e7evir\u0259nl\u0259rin h\u00fcn\u0259rl\u0259rin\u0259 d\u0259 a\u011f\u0131zdoluau \u201c\u0259hs\u0259n\u201d dedik. Ke\u00e7ilm\u0259z hesab olunan da\u011f yamaclar\u0131ndan qorxunc eni\u015f-yoxu\u015flardan, b\u0259zi yerl\u0259rd\u0259 is\u0259 qal\u0131n me\u015f\u0259likl\u0259rd\u0259n ke\u00e7\u0259n bu yol \u201cD\u0259mir yumru\u011fun\u201d \u0259n bariz ni\u015fan\u0259si, d\u00fc\u015fm\u0259nin sin\u0259sin\u0259 \u00e7\u0259kil\u0259n \u00e7al\u0131n\u00e7arpaz da\u011fd\u0131r&#8230;<\/p>\n<p>Da\u015falt\u0131 k\u0259ndin\u0259 \u00e7atanda, yolun sa\u011f t\u0259r\u0259find\u0259 \u015eu\u015fan\u0131 q\u0259rb t\u0259r\u0259fd\u0259n d\u00f6vr\u0259l\u0259y\u0259n qayalardan d\u0131rman\u0131b, d\u00fc\u015fm\u0259ni q\u0259fild\u0259n yaxalayan v\u0259 ona tarixi ibr\u0259t d\u0259rsi verm\u0259kl\u0259 bu m\u00f6ht\u0259\u015f\u0259m \u015f\u0259h\u0259ri ya\u011f\u0131lardan t\u0259mizl\u0259y\u0259n \u0259r\u0259n o\u011fullar\u0131m\u0131z\u0131n h\u00fcn\u0259rin\u0259 bir daha mat qald\u0131q&#8230;<\/p>\n<p>\u0130ll\u0259r \u00f6nc\u0259si Qaraba\u011f\u0131n bir par\u00e7as\u0131 olan C\u0259bray\u0131l\u0131, ata oca\u011f\u0131m B\u00f6y\u00fck M\u0259rcanl\u0131n\u0131 m\u0259cbur\u0259n t\u0259rk ed\u0259nd\u0259n sonra do\u011fma elsiz-obas\u0131z qalma\u011f\u0131n nec\u0259 b\u00f6y\u00fck bir d\u0259rd oldu\u011funu b\u00fct\u00fcn varl\u0131\u011f\u0131mla d\u0259rk ets\u0259m d\u0259, n\u0259 vaxtsa a\u011flar g\u00f6zl\u0259 t\u0259rk edil\u0259n ya\u015fay\u0131\u015f m\u0259sk\u0259nl\u0259rimiz\u0259 qay\u0131daca\u011f\u0131m\u0131za \u00fcmidimi he\u00e7 vaxt itirm\u0259mi\u015fdim. Q\u0259riblikd\u0259 ya\u015fad\u0131\u011f\u0131m 28 il \u0259rzind\u0259 yurd h\u0259sr\u0259timi y\u00fczl\u0259rl\u0259 \u015feirimd\u0259 s\u0259rgil\u0259mi\u015f, \u015eu\u015fa, La\u00e7\u0131n, K\u0259lb\u0259c\u0259r, Z\u0259ngilan, Qubadl\u0131, Xocal\u0131, F\u00fczuli, A\u011fdam m\u0259cburi k\u00f6\u00e7k\u00fcnl\u0259rinin yurd h\u0259sr\u0259tl\u0259rini d\u0259 q\u0259lbimin bulud haray\u0131na qar\u0131\u015fd\u0131r\u0131b k\u00f6vr\u0259k misralara \u00e7evirmi\u015f\u0259m. 1995-ci ilin may ay\u0131nda yazd\u0131\u011f\u0131m\u00a0 a\u015fa\u011f\u0131dak\u0131 \u015feirim bunun \u0259n bariz n\u00fcmun\u0259l\u0259rind\u0259n biridir:<\/p>\n<p>\u015eU\u015eANIN<\/p>\n<p>&nbsp;<\/p>\n<p>Allahdan dil\u0259yim budur, ay ell\u0259r,<\/p>\n<p>\u00dcst\u00fcnd\u0259n duman-\u00e7\u0259n getsin \u015eu\u015fan\u0131n.<\/p>\n<p>\u201c\u0130sa bula\u011f\u0131\u201dnda, C\u0131d\u0131r d\u00fcz\u00fcnd\u0259<\/p>\n<p>B\u00fclb\u00fcll\u0259r dil a\u00e7\u0131b \u00f6ts\u00fcn \u015eu\u015fan\u0131n.<\/p>\n<p>&nbsp;<\/p>\n<p>Qalxaq zirv\u0259sin\u0259 yen\u0259 d\u0259 Kirsin<\/p>\n<p>\u0130gidl\u0259r \u201cTur\u015fsu\u201dda n\u0259f\u0259sin d\u0259rsin.<\/p>\n<p>G\u00f6z\u0259ll\u0259r m\u0259h\u0259bb\u0259t \u00e7\u0259l\u0259ngi h\u00f6rs\u00fcn,<\/p>\n<p>Qoynunda g\u00fcl-\u00e7i\u00e7\u0259k bitsin \u015eu\u015fan\u0131n.<\/p>\n<p>&nbsp;<\/p>\n<p>\u00dcz tutaq \u015e\u0131rlana, Da\u015falt\u0131ya biz,<\/p>\n<p>A\u00e7aq Zar\u0131sl\u0131da t\u0259z\u0259 c\u0131\u011f\u0131r-iz.<\/p>\n<p>Dinsin \u201cTopxana\u201dda \u00fcr\u0259kl\u0259rimiz,<\/p>\n<p>D\u00fc\u015fm\u0259ni z\u00fclm\u0259td\u0259 itsin \u015eu\u015fan\u0131n&#8230;<\/p>\n<p>&nbsp;<\/p>\n<p>Yad\u0131ma d\u00fc\u015f\u00fcbd\u00fcr da\u011flar\u0131n qar\u0131,<\/p>\n<p>Atlan\u0131b yollanaq \u201cQ\u0131rxq\u0131z\u201da sar\u0131.<\/p>\n<p>Gedi\u015fli-g\u0259li\u015fli olsun yollar\u0131,<\/p>\n<p>Tanr\u0131 imdad\u0131na yetsin \u015eu\u015fan\u0131n.<\/p>\n<p>&nbsp;<\/p>\n<p>\u015eu\u015fan\u0131n qala divarlar aras\u0131ndan ke\u00e7ib \u015f\u0259h\u0259r\u0259 daxil olan kimi \u00fc\u00e7 g\u00fcn \u0259rzind\u0259 qalaca\u011f\u0131m\u0131z yerin b\u00f6lg\u00fcs\u00fcnd\u0259n hal\u0131 olduq. B\u0259xtimd\u0259n \u015f\u0259h\u0259rin \u0259n g\u00f6z\u0259l binalar\u0131ndan biri olan \u201cXar\u0131 bulbul\u201d otelinin \u00fc\u00e7\u00fcnc\u00fc m\u0259rt\u0259b\u0259sind\u0259ki 308-ci otaq\u00a0 m\u0259nim v\u0259 \u015fair dostum Barat V\u00fcsal\u0131n ixiyar\u0131na verildi. Qon\u015fuluqdak\u0131 be\u015f m\u0259rt\u0259b\u0259li binan\u0131n birinci m\u0259rt\u0259b\u0259sind\u0259 (binan\u0131n \u00fcst qatlar\u0131ndak\u0131 otaqlar da g\u0259l\u0259n qonaqlar \u00fc\u00e7\u00fcn ayr\u0131l\u0131b) nahar etdikd\u0259n sonra ayr\u0131-ayr\u0131 mikroavtobuslarda g\u0259l\u0259n s\u0259f\u0259r yolda\u015flar\u0131m\u0131zla da g\u00f6r\u00fc\u015fm\u0259y\u0259 f\u00fcrs\u0259t tap\u0131r\u0131q. \u00c7a\u011fda\u015f Az\u0259rbaycan \u0259d\u0259biyyat\u0131n\u0131n tan\u0131nm\u0131\u015f simalar\u0131ndan Vaqif Aslan, Adil C\u0259mil, S\u0259rvaz H\u00fcseyno\u011flu, Vaqif Yusifli, Aqil Abbas, El\u00e7in H\u00fcseynb\u0259yli, Az\u0259r Turan, Salam Sarvan, Tehran Al\u0131\u015fano\u011flu, \u018fl\u0259mdar Cabbarl\u0131, \u018fli Mahmud, G\u00fclnar\u0259 C\u0259mal\u0259ddin, T\u0259ran\u0259 Vahid, \u018fl\u0259mdar Quluzad\u0259, Dayandur Sevginl\u0259\u2026 g\u00f6r\u00fc\u015fd\u00fckc\u0259 \u00e7\u00f6hr\u0259mizd\u0259 xo\u015f t\u0259b\u0259ss\u00fcm\u00a0 ni\u015fan\u0259l\u0259ri iz sald\u0131\u2026<\/p>\n<p>Ert\u0259si g\u00fcn saat 11-\u0259 yax\u0131n Molla P\u0259nah Vaqifin m\u0259qb\u0259r\u0259sinin a\u00e7\u0131l\u0131\u015f t\u00f6r\u0259nin\u0259 yolland\u0131q. Aradan \u00e7ox ke\u00e7m\u0259d\u0259n \u00f6lk\u0259 ba\u015f\u00e7\u0131s\u0131 \u0130lham \u018fliyev, I Vitse-prezident Mehriban \u018fliyev v\u0259 dig\u0259r r\u0259smi \u015f\u0259xsl\u0259rl\u0259rin d\u0259 qat\u0131ld\u0131qlar\u0131 t\u0259dbir d\u00fcz\u0259nl\u0259nm\u0259y\u0259 ba\u015flay\u0131r. Az\u0259rbaycan Respublikas\u0131n\u0131n Prezidenti \u0130lham \u018fliyevin 44 g\u00fcnl\u00fck II Qaraba\u011f M\u00fcharib\u0259sinin torpaqlar\u0131m\u0131z\u0131n azad edilm\u0259si il\u0259 sona \u00e7atd\u0131\u011f\u0131n\u0131 f\u0259r\u0259h hissiyl\u0259 qeyd etm\u0259si alq\u0131\u015flarla qar\u015f\u0131lan\u0131r. \u00d6lk\u0259 r\u0259hb\u0259ri ulu \u00f6nd\u0259rimiz Heyd\u0259r \u018fliyevin tap\u015f\u0131r\u0131\u011f\u0131 il\u0259 tikil\u0259n m\u0259qb\u0259r\u0259nin 1982-ci ild\u0259 a\u00e7\u0131l\u0131\u015f\u0131na qat\u0131ld\u0131\u011f\u0131n\u0131 da qeyd edir v\u0259 \u015eu\u015fan\u0131n i\u015f\u011fal\u0131ndan sonra bu m\u00f6ht\u0259\u015f\u0259m abid\u0259 il\u0259 yana\u015f\u0131 P\u0259nah\u0259li xan\u0131n saray\u0131n\u0131n, \u00dczeyir Hac\u0131b\u0259ylinin, B\u00fclb\u00fcl\u00fcn \u2026 ev muzeyl\u0259rinin, \u015f\u0259h\u0259rd\u0259ki bir s\u0131ra \u00a0tarixi \u0259h\u0259miyy\u0259t k\u0259sb ed\u0259n abid\u0259l\u0259rin d\u0259 yerl\u0259 yeksan edildiyini diqq\u0259t\u0259 \u00e7atd\u0131r\u0131b: \u201cBiz \u015eu\u015fan\u0131n \u0259vv\u0259lkind\u0259n d\u0259 g\u00f6z\u0259l bir \u015f\u0259h\u0259r\u0259, m\u0259d\u0259niyy\u0259t m\u0259rk\u0259zin\u0259 \u00e7evir\u0259c\u0259yik v\u0259 hal-haz\u0131rda bu g\u00f6z\u0259l m\u0259kanda abadl\u0131q-quruculuq i\u015fl\u0259ri geni\u015f v\u00fcsat almaqdad\u0131r\u201d-deyir\u2026<\/p>\n<p>M\u0259qb\u0259r\u0259nin a\u00e7\u0131l\u0131\u015f m\u0259rasimind\u0259 Az\u0259rbaycan Yaz\u0131\u00e7\u0131lar Birliyinin s\u0259dri Xalq Yaz\u0131\u00e7\u0131s\u0131 Anar\u0131n v\u0259 bir ne\u00e7\u0259 \u015fairin \u00e7\u0131x\u0131\u015flar\u0131ndan sonra \u00f6lk\u0259 r\u0259hb\u0259ri m\u0259rasim i\u015ftirak\u00e7\u0131lar\u0131 il\u0259 s\u00f6hb\u0259t ed\u0259rk\u0259n Anar Yaz\u0131\u00e7\u0131lar\u0131n XIII qurultay\u0131n\u0131n \u015eu\u015fada ke\u00e7irilm\u0259k arzusunda olduqlar\u0131n\u0131 dil\u0259 g\u0259tirdi v\u0259 t\u0259klif \u00f6lk\u0259 r\u0259hb\u0259ri t\u0259r\u0259find\u0259n raz\u0131l\u0131qla qar\u015f\u0131land\u0131.<\/p>\n<p>Qald\u0131\u011f\u0131m\u0131z otel\u0259 yola d\u00fc\u015f\u0259nd\u0259 Barat V\u00fcsal\u0131n ist\u0259yi il\u0259 A\u015fa\u011f\u0131 K\u00f6vh\u0259r A\u011fa m\u0259scidin\u0259 getdik. Bu d\u0259f\u0259 ilahiyy\u0259t\u00e7i alim N\u0259riman Qas\u0131mo\u011flu da biziml\u0259 idi. N\u0259riman m\u00fc\u0259llim m\u0259scidd\u0259 ax\u015fam namaz\u0131 q\u0131ld\u0131, Baratla m\u0259n is\u0259 Allaha dualar edib, \u015f\u0259hidl\u0259rimiz\u0259 r\u0259hm\u0259t, qazil\u0259rimiz\u0259 \u015f\u0259fa dil\u0259dik. Bir az a\u015fa\u011fda yerl\u0259\u015f\u0259n Yuxar\u0131 K\u00f6vh\u0259r A\u011fa m\u0259scidinin u\u00e7uqlar\u0131 il\u0259 rastla\u015fanda, bird aha b\u0259dnam qon\u015fular\u0131m\u0131z\u0131 l\u0259n\u0259tl\u0259yirik\u2026<\/p>\n<p>Ert\u0259si g\u00fcn saat on bir rad\u0259l\u0259rind\u0259 yenid\u0259n Molla P\u0259nah Vaqifin m\u0259qb\u0259r\u0259sini ziyar\u0259t ed\u0259r\u0259k burada 32 ild\u0259n sonra yenid\u0259n ke\u00e7iril\u0259n Vaqif\u00a0 Poeziya G\u00fcnl\u0259rin\u0259 qat\u0131ld\u0131q.<\/p>\n<p>Ax\u015fam\u00fcst\u00fc onlarla adam\u0131n \u00fcz tutdu\u011fu C\u0131d\u0131r d\u00fcz\u00fcn\u0259 gedib burada xatir\u0259 \u015f\u0259kill\u0259ri \u00e7\u0259kdirdik, \u00e7oxdan tan\u0131d\u0131\u011f\u0131m v\u0259 yaxud yenic\u0259 tan\u0131\u015f oldu\u011fum tan\u0131nm\u0131\u015f simalarla g\u00f6r\u00fc\u015f\u00fcb s\u00f6hb\u0259tl\u0259r etdik. Bu tarixi m\u0259kanda mill\u0259t v\u0259kill\u0259ri Q\u0259nir\u0259 Pa\u015fayeva, Fazil Q\u0259z\u0259nf\u0259ro\u011flu, Az\u0259rbaycan Respublikas\u0131n\u0131n M\u0259d\u0259niyy\u0259t Naziri Anar K\u0259rimov, Xalq Yaz\u0131\u00e7\u0131lar\u0131 Anar, El\u00e7in, M\u00f6vlud S\u00fcleymanl\u0131, Xalq \u015eairi N\u0259riman H\u0259s\u0259nzad\u0259, \u0130ntiqam Qas\u0131mzad\u0259, Yusif N\u0259\u011fm\u0259kar, Asim Yadigar, \u018fb\u00fclf\u0259t M\u0259d\u0259to\u011flu, G\u00fclh\u00fcseyn Kaz\u0131mov\u2026 v\u0259 dig\u0259rl\u0259ri il\u0259 g\u00f6r\u00fc\u015fl\u0259rimiz v\u0259 \u00e7\u0259kdirdiyimiz xatir\u0259 \u015f\u0259kill\u0259ri M\u0259nim q\u0259lbimin sevgi ucal\u0131\u011f\u0131nda yer alan \u015eu\u015fal\u0131 d\u00fcnyama \u0259lvan \u00e7alarlar qatd\u0131qca \u015firin xatir\u0259l\u0259r\u0259 \u00e7evrilir.<\/p>\n<p>Ert\u0259si g\u00fcn \u201cZ\u0259f\u0259r yolu\u201d il\u0259 t\u0259z\u0259d\u0259n geri qay\u0131d\u0131b, \u018fhm\u0259db\u0259yli k\u0259ndinin a\u015fa\u011f\u0131s\u0131ndak\u0131 Bak\u0131-Z\u0259ngilan magistral\u0131na \u00e7atanda Baratla m\u0259nd\u0259n qabaqk\u0131 yerd\u0259\u00a0 T\u0259ran\u0259 Vahidl\u0259 yana\u015f\u0131 outran sumqay\u0131tl\u0131 \u015fair\u0259 G\u00fclnar\u0259 C\u0259mal\u0259ddin arxaya \u00e7evrilib: \u201c\u0130smay\u0131l m\u00fc\u0259llim, buradan sizin k\u0259nd\u0259-B\u00f6y\u00fck M\u0259rcanl\u0131ya n\u0259 q\u0259d\u0259r m\u0259saf\u0259 var?\u201d-dey\u0259 soru\u015fanda, \u201cC\u0259mi-c\u00fcml\u0259tan\u0131 otuzca kilometr! Sonra is\u0259 avtobusdak\u0131lar\u0131n e\u015fid\u0259c\u0259yi t\u0259rzd\u0259: \u00a0\u201c\u0130n\u015fallah, \u00f6m\u00fcr v\u0259fa ets\u0259 do\u011fma el-obalar\u0131m\u0131za qay\u0131danda bizim C\u0259bray\u0131lda da \u0259d\u0259biyyat\u0131n q\u0259ddini dik\u0259ld\u0259c\u0259k, rayonumuzda g\u00f6z\u0259l bir Poeziya gec\u0259si ke\u00e7ir\u0259r\u0259k sizin kimi, yazar dostlar\u0131m\u0131z\u0131 o ulu m\u0259kana d\u0259v\u0259t ed\u0259c\u0259yik! Yad\u0131n\u0131zda yax\u015f\u0131 saxlay\u0131n haa, kim g\u0259lm\u0259s\u0259 ondan k\u00fcs\u0259c\u0259y\u0259m!-dey\u0259 s\u00f6hb\u0259t\u0259 bir az da \u015firinlik qat\u0131ram\u2026 G\u00fclnar\u0259 xan\u0131mla T\u0259ran\u0259 Vahid eyni vaxtda dill\u0259ndil\u0259r: Amin, \u0130n\u015fallah o g\u00fcn\u00fcn sevincini birg\u0259 ya\u015fayaca\u011f\u0131q!\u201d<\/p>\n<p>A\u011fcab\u0259di-G\u0259nc\u0259 yoluna \u00e7atanda, s\u00fcr\u00fcc\u00fcd\u0259n ma\u015f\u0131n\u0131 saxlamas\u0131n\u0131 xahi\u015f ed\u0259r\u0259k, s\u0259f\u0259r yolda\u015flar\u0131mla sa\u011folla\u015f\u0131b ucadan deyir\u0259m: \u201cDostlar yolunuz a\u00e7\u0131q olsun, m\u0259n h\u0259l\u0259ki Ming\u0259\u00e7evir\u0259 getm\u0259y\u0259 m\u0259cburam. \u0130n\u015fallah y\u0259qin ki, yax\u0131n aylar\u0131n birind\u0259 M\u0259ng\u0259\u00e7evird\u0259 ya\u015fayan dost-tan\u0131\u015flarla da\u00a0 vidala\u015f\u0131b dogma el-obama, yolumu intizarla g\u00f6zl\u0259y\u0259n C\u0259bray\u0131la, ata oca\u011f\u0131m B\u00f6y\u00fck M\u0259rcanl\u0131ya qay\u0131daca\u011fam. Allah Bak\u0131n\u0131 siz\u0259 g\u00f6zdolusu versin!<\/p>\n<p>\u00dc\u00e7 g\u00fcnl\u00fck \u015eu\u015fa s\u0259f\u0259rimiz xo\u015f ovqatla ba\u015flay\u0131b, k\u00f6n\u00fcl xo\u015flu\u011fu il\u0259 sona \u00e7atd\u0131. O, \u00f6n\u0259mli g\u00fcnl\u0259rd\u0259n xo\u015f t\u0259\u0259ss\u00fcratlar, z\u0259f\u0259r sevinci yadda\u015f\u0131mda iz sald\u0131. V\u0259 bir d\u0259 Ming\u0259\u00e7evir\u0259 \u00e7atandan iki-\u00fc\u00e7 g\u00fcn sonra q\u0259lbimin h\u0259rar\u0259ti il\u0259 isin\u0259n \u015feirl\u0259r misra-misra dil a\u00e7ma\u011fa ba\u015flad\u0131. A\u015fa\u011f\u0131da oldu\u011fu kimi:<\/p>\n<p>\u00dcz verm\u0259din he\u00e7 vaxt yada,<\/p>\n<p>Layiqs\u0259n \u015f\u00f6hr\u0259t\u0259-ada.<\/p>\n<p>Dem\u0259dim s\u0259n\u0259 \u201c\u0259lvida\u201d,<\/p>\n<p>G\u0259l\u0259siy\u0259m, bir d\u0259 \u015eu\u015fa!<\/p>\n<p>&nbsp;<\/p>\n<p>Be\u015fiyis\u0259n Qaraba\u011f\u0131n,<\/p>\n<p>Dil a\u00e7\u0131r p\u00f6hr\u0259n-buda\u011f\u0131n.<\/p>\n<p>G\u00fcv\u0259nir\u00a0 yamac\u0131n, da\u011f\u0131n &#8211;<\/p>\n<p>H\u0259r \u0259r\u0259n\u0259-m\u0259rd\u0259, \u015eu\u015fa!<\/p>\n<p>&nbsp;<\/p>\n<p>Yurdun taleyi-baxt\u0131san.<\/p>\n<p>\u018fb\u0259di xanl\u0131q taxt\u0131san.<\/p>\n<p>N\u0259\u011fm\u0259-s\u0259n\u0259t paytaxt\u0131san &#8211;<\/p>\n<p>C\u0259nn\u0259ts\u0259nmi yerd\u0259, \u015eu\u015fa?!<\/p>\n<p>&nbsp;<\/p>\n<p>S\u0259ni g\u00f6rm\u0259y\u0259n g\u0259 g\u00f6rs\u00fcn,<\/p>\n<p>Qoynundan g\u00fcl-\u00e7i\u00e7\u0259k d\u0259rsin.<\/p>\n<p>Var olsun Topxanan, Kirsin &#8211;<\/p>\n<p>M\u0259lh\u0259ms\u0259n min d\u0259rd\u0259, \u015eu\u015fa!..<\/p>\n<p><em>\u00a0\u00a0\u00a0\u00a0\u00a0\u00a0\u00a0\u00a0\u00a0\u00a0\u00a0\u00a0\u00a0\u00a0\u00a0\u00a0\u00a0\u00a0\u00a0\u00a0\u00a0\u00a0\u00a0 \u00a0\u00a0\u00a0\u00a0\u00a0\u00a0\u00a0\u00a0\u00a0\u00a0\u00a0\u00a0\u00a0\u00a0\u00a0\u00a0\u00a0\u00a0\u00a0\u00a0\u00a0\u00a0\u00a0\u00a0\u00a0\u00a0\u00a0\u00a0\u00a0\u00a0\u00a0\u00a0\u00a0\u00a0\u00a0\u00a0\u00a0\u00a0\u00a0\u00a0\u00a0\u00a0\u00a0\u00a0\u00a0\u00a0\u00a0\u00a0\u00a0\u00a0\u00a0\u00a0\u00a0\u00a0\u00a0\u00a0\u00a0\u00a004.09.2021<\/em><\/p>\n<p>Salamat qal, m\u0259nim k\u00f6n\u00fcl saray\u0131m\u0131n tac\u0131 \u015eu\u015fa, m\u0259n s\u0259n\u0259 \u201c\u0259lvida\u201d yox, \u201ch\u0259l\u0259lik\u201d deyir\u0259m. \u0130n\u015fallah, biz bundan sonra da g\u00f6r\u00fc\u015f\u0259c\u0259yik. \u00d6z\u00fc d\u0259 bu d\u0259f\u0259 s\u0259ninin ziyar\u0259tin\u0259 Bak\u0131dan yox, bizim C\u0259bray\u0131ldan, do\u011fma ata oca\u011f\u0131m B\u00f6y\u00fck M\u0259rcanl\u0131dan g\u0259l\u0259c\u0259y\u0259m!<\/p>\n<p>BAKI-\u015eU\u015eA-M\u0130NG\u018f\u00c7EV\u0130R<\/p>\n<p>05.09.2021<\/p>\n<p><a href=\"http:\/\/kultur.az\/wp-content\/uploads\/2021\/09\/DSC02938-1.jpg\"><img decoding=\"async\" loading=\"lazy\" class=\"alignleft wp-image-16942 size-medium\" src=\"http:\/\/kultur.az\/wp-content\/uploads\/2021\/09\/DSC02938-1-300x225.jpg\" alt=\"DSC02938 (1)\" width=\"300\" height=\"225\" \/><\/a><\/p>\n<p>&nbsp;<\/p>\n<p>&nbsp;<\/p>\n<p>&nbsp;<\/p>\n<p>&nbsp;<\/p>\n<p>&nbsp;<\/p>\n<p>&nbsp;<\/p>\n<p>&nbsp;<\/p>\n<p>&nbsp;<\/p>\n<p><a href=\"http:\/\/kultur.az\/wp-content\/uploads\/2021\/09\/DSC02940-1.jpg\"><img decoding=\"async\" loading=\"lazy\" class=\"alignleft wp-image-16941 size-medium\" src=\"http:\/\/kultur.az\/wp-content\/uploads\/2021\/09\/DSC02940-1-300x225.jpg\" alt=\"DSC02940 (1)\" width=\"300\" height=\"225\" \/><\/a><\/p>\n<p>&nbsp;<\/p>\n<p>&nbsp;<\/p>\n<p>&nbsp;<\/p>\n<p>&nbsp;<\/p>\n<p>&nbsp;<\/p>\n<p>&nbsp;<\/p>\n<p>&nbsp;<\/p>\n<p><a href=\"http:\/\/kultur.az\/wp-content\/uploads\/2021\/09\/DSC02907-1.jpg\"><img decoding=\"async\" loading=\"lazy\" class=\"alignleft wp-image-16938 size-medium\" src=\"http:\/\/kultur.az\/wp-content\/uploads\/2021\/09\/DSC02907-1-300x225.jpg\" alt=\"DSC02907 (1)\" width=\"300\" height=\"225\" \/><\/a><\/p>\n<p>&nbsp;<\/p>\n<p>&nbsp;<\/p>\n<p>&nbsp;<\/p>\n<p>&nbsp;<\/p>\n<p>&nbsp;<\/p>\n<p>&nbsp;<\/p>\n<p>&nbsp;<\/p>\n<p>&nbsp;<\/p>\n<p>&nbsp;<\/p>\n<p><a href=\"http:\/\/kultur.az\/wp-content\/uploads\/2021\/09\/DSC02908.jpg\"><img decoding=\"async\" loading=\"lazy\" class=\"alignleft wp-image-16939 size-medium\" src=\"http:\/\/kultur.az\/wp-content\/uploads\/2021\/09\/DSC02908-300x225.jpg\" alt=\"DSC02908\" width=\"300\" height=\"225\" \/><\/a><\/p>\n<p>&nbsp;<\/p>\n<p>&nbsp;<\/p>\n<p>&nbsp;<\/p>\n<p>&nbsp;<\/p>\n<p>&nbsp;<\/p>\n<p>&nbsp;<\/p>\n<p>&nbsp;<\/p>\n<p>&nbsp;<\/p>\n<p>&nbsp;<\/p>\n<p><a href=\"http:\/\/kultur.az\/wp-content\/uploads\/2021\/09\/DSC02965.jpg\"><img decoding=\"async\" loading=\"lazy\" class=\"alignleft wp-image-16937 size-medium\" src=\"http:\/\/kultur.az\/wp-content\/uploads\/2021\/09\/DSC02965-300x225.jpg\" alt=\"DSC02965\" width=\"300\" height=\"225\" srcset=\"https:\/\/kultur.az\/wp-content\/uploads\/2021\/09\/DSC02965-300x225.jpg 300w, https:\/\/kultur.az\/wp-content\/uploads\/2021\/09\/DSC02965-1024x768.jpg 1024w, https:\/\/kultur.az\/wp-content\/uploads\/2021\/09\/DSC02965-75x55.jpg 75w, https:\/\/kultur.az\/wp-content\/uploads\/2021\/09\/DSC02965-180x135.jpg 180w\" sizes=\"(max-width: 300px) 100vw, 300px\" \/><\/a><\/p>\n<p>&nbsp;<\/p>\n<p>&nbsp;<\/p>\n<p>&nbsp;<\/p>\n<p>&nbsp;<\/p>\n<p>&nbsp;<\/p>\n<p>&nbsp;<\/p>\n<p>&nbsp;<\/p>\n<p>&nbsp;<\/p>\n<p>&nbsp;<\/p>\n<p><a href=\"http:\/\/kultur.az\/wp-content\/uploads\/2021\/09\/DSC02918.jpg\"><img decoding=\"async\" loading=\"lazy\" class=\"alignleft wp-image-16943 size-medium\" src=\"http:\/\/kultur.az\/wp-content\/uploads\/2021\/09\/DSC02918-300x225.jpg\" alt=\"DSC02918\" width=\"300\" height=\"225\" \/><\/a><\/p>\n<p class=\"bawpvc-ajax-counter\" data-id=\"16936\">Yaz\u0131ya 738 d\u0259f\u0259 bax\u0131l\u0131b<\/p>\n","protected":false},"excerpt":{"rendered":"<p>On s\u0259kkizinci \u0259srin ikinci yar\u0131s\u0131ndan sonra Qaraba\u011f xanl\u0131\u011f\u0131n\u0131n paytaxt\u0131 kimi ad\u0131 dill\u0259rd\u0259 g\u0259zib dola\u015fan \u015eu\u015fan\u0131n sonrak\u0131 d\u00f6n\u0259ml\u0259rd\u0259 yurdumuzun m\u0259d\u0259niyy\u0259t m\u0259rk\u0259zin\u0259 \u00e7evrilm\u0259si bar\u0259d\u0259 yaz\u0131l\u0131 m\u0259nb\u0259\u0259l\u0259rd\u0259 kifay\u0259t q\u0259d\u0259r bilgil\u0259r m\u00f6vcuddur. Bu m\u00f6ht\u0259\u015f\u0259m \u015f\u0259h\u0259rin d\u0259f\u0259l\u0259rl\u0259 xarici m\u00fcdaxil\u0259l\u0259r\u0259 m\u0259ruz qalmas\u0131, erm\u0259nil\u0259rin Qaraba\u011fa o c\u00fcml\u0259d\u0259n bu g\u00f6z\u0259l \u015f\u0259h\u0259r\u0259 b\u00fct\u00fcnl\u00fckl\u0259 sahibl\u0259nm\u0259k ist\u0259kl\u0259ri bar\u0259d\u0259 t\u0259kzib edilm\u0259z tarixi faktlar yet\u0259rinc\u0259dir. B\u0259lk\u0259 el\u0259 buna [&hellip;]<\/p>\n","protected":false},"author":1,"featured_media":16937,"comment_status":"closed","ping_status":"closed","sticky":false,"template":"","format":"standard","meta":[],"categories":[5,7,3,21],"tags":[],"_links":{"self":[{"href":"https:\/\/kultur.az\/index.php?rest_route=\/wp\/v2\/posts\/16936"}],"collection":[{"href":"https:\/\/kultur.az\/index.php?rest_route=\/wp\/v2\/posts"}],"about":[{"href":"https:\/\/kultur.az\/index.php?rest_route=\/wp\/v2\/types\/post"}],"author":[{"embeddable":true,"href":"https:\/\/kultur.az\/index.php?rest_route=\/wp\/v2\/users\/1"}],"replies":[{"embeddable":true,"href":"https:\/\/kultur.az\/index.php?rest_route=%2Fwp%2Fv2%2Fcomments&post=16936"}],"version-history":[{"count":2,"href":"https:\/\/kultur.az\/index.php?rest_route=\/wp\/v2\/posts\/16936\/revisions"}],"predecessor-version":[{"id":16945,"href":"https:\/\/kultur.az\/index.php?rest_route=\/wp\/v2\/posts\/16936\/revisions\/16945"}],"wp:featuredmedia":[{"embeddable":true,"href":"https:\/\/kultur.az\/index.php?rest_route=\/wp\/v2\/media\/16937"}],"wp:attachment":[{"href":"https:\/\/kultur.az\/index.php?rest_route=%2Fwp%2Fv2%2Fmedia&parent=16936"}],"wp:term":[{"taxonomy":"category","embeddable":true,"href":"https:\/\/kultur.az\/index.php?rest_route=%2Fwp%2Fv2%2Fcategories&post=16936"},{"taxonomy":"post_tag","embeddable":true,"href":"https:\/\/kultur.az\/index.php?rest_route=%2Fwp%2Fv2%2Ftags&post=16936"}],"curies":[{"name":"wp","href":"https:\/\/api.w.org\/{rel}","templated":true}]}}