{"id":17036,"date":"2021-10-06T15:35:32","date_gmt":"2021-10-06T10:35:32","guid":{"rendered":"http:\/\/kultur.az\/?p=17036"},"modified":"2021-10-06T15:38:35","modified_gmt":"2021-10-06T10:38:35","slug":"torpaga-qan-tok%c9%99rs%c9%99n-v%c9%99t%c9%99n-olar-gulsum-adilqizi-yazir","status":"publish","type":"post","link":"https:\/\/kultur.az\/?p=17036","title":{"rendered":"Torpa\u011fa qan t\u00f6k\u0259rs\u0259n V\u0259t\u0259n olar &#8211; G\u00fcls\u00fcm AD\u0130LQIZI yaz\u0131r&#8230; (video)"},"content":{"rendered":"<p><a href=\"http:\/\/kultur.az\/wp-content\/uploads\/2021\/10\/WhatsApp-Image-2021-10-06-at-14.27.44-1.jpeg\"><img decoding=\"async\" loading=\"lazy\" class=\"alignleft wp-image-17040 size-medium\" src=\"http:\/\/kultur.az\/wp-content\/uploads\/2021\/10\/WhatsApp-Image-2021-10-06-at-14.27.44-1-168x300.jpeg\" alt=\"WhatsApp Image 2021-10-06 at 14.27.44 (1)\" width=\"168\" height=\"300\" \/><\/a>Nax\u00e7\u0131van s\u0259f\u0259rim yadda\u015f\u0131mda \u0259b\u0259di olaraq qalacaq. \u00c7\u00fcnki g\u00f6rd\u00fcy\u00fcm h\u0259r \u015fey \u00fcr\u0259ka\u00e7an idi. \u015e\u0259h\u0259r v\u0259 rayonlarda, h\u0259tta ucqar k\u0259ndl\u0259rd\u0259 bel\u0259 n\u00f6qsan tapmaq qeyri-m\u00fcmk\u00fcnd\u00fcr. T\u0259bii ki, g\u00f6r\u00fcl\u0259n i\u015fl\u0259r \u00f6z-\u00f6zl\u00fcy\u00fcnd\u0259n icra olunmur. B\u00fct\u00fcn bu g\u00f6z\u0259llikl\u0259rin ba\u015f\u0131nda dayan\u0131n Nax\u00e7\u0131van Muxtar Respublikas\u0131 Ali M\u0259clisinin\u00a0s\u0259dri, \u00a0Az\u0259rbaycan Respublikas\u0131 Milli M\u0259clisinin\u00a0deputat\u0131, Yeni Az\u0259rbaycan Partiyas\u0131\u00a0\u0130dar\u0259 hey\u0259tinin \u00fczv\u00fc, Az\u0259rbaycan d\u00f6vl\u0259t xadimi &#8211; Tal\u0131bov Vasif Yusif o\u011fludur. Xalq aras\u0131nda sevil\u0259n bu \u015f\u0259xsiyy\u0259t &#8211; elmin inki\u015faf\u0131nda, abadl\u0131q i\u015fl\u0259rind\u0259, yeni tikilil\u0259rin sal\u0131nmas\u0131nda b\u00f6y\u00fck rolu var. M\u0259n onu Nax\u00e7\u0131van\u0131n d\u00f6y\u00fcn\u0259n \u00fcr\u0259yi sand\u0131m.<\/p>\n<p>Asfalt yollar s\u0259ni 7 rayonun \u0259n ucqar k\u0259ndl\u0259rin\u0259 \u00e7ox rahatl\u0131qla \u00e7atd\u0131r\u0131r. Bir ne\u00e7\u0259 g\u00fcnl\u00fck s\u0259f\u0259rimd\u0259n raz\u0131 qald\u0131m.<\/p>\n<p>Nax\u00e7\u0131vana gedi\u015fimin s\u0259b\u0259bi, \u015f\u0259hidl\u0259r haqq\u0131nda yaz\u0131lan kitablar\u0131 Nax\u00e7\u0131van M\u0259rk\u0259zi kitabxanaya v\u0259 7 rayona \u00e7atd\u0131rmaq idi. Biz, o kitablar\u0131 M\u0259d\u0259niyy\u0259t Nazirliyinin icaz\u0259si il\u0259 laz\u0131m olan kitabxanalara \u00e7atd\u0131rmaq \u00fc\u00e7\u00fcn M\u0259rk\u0259zi Kitaxanada olduq. Kitablar\u0131 M\u0259rk\u0259zi Kitabxanaya t\u0259qdim etdik. Dig\u0259r 7 rayonun kitablar\u0131n\u0131n \u00e7atd\u0131r\u0131lmas\u0131n\u0131 is\u0259 M\u0259rk\u0259zi Kitabxana direktoruna h\u0259val\u0259 etdik.<br \/>\nKitablar qeydiyyatdan ke\u00e7\u0259nd\u0259n sonra yerl\u0259rin\u0259 \u00e7atd\u0131r\u0131lacaq.<br \/>\nM\u0259n Nax\u00e7\u0131vanda \u015f\u0259hidl\u0259r\u0259 v\u0259 \u015f\u0259hid ail\u0259l\u0259rin\u0259 olan y\u00fcks\u0259k d\u0259y\u0259r g\u00f6rd\u00fcm. H\u0259tta bu d\u0259y\u0259rin bariz n\u00fcmun\u0259si Xatir\u0259 Muzeyi oldu.<\/p>\n<p>B\u0259li, torpa\u011fa su t\u00f6k\u0259rs\u0259n pal\u00e7\u0131q olar, torpa\u011fa qan t\u00f6k\u00fcl\u0259rs\u0259 V\u0259t\u0259n olar. Torpa\u011f\u0131 qanlar\u0131 il\u0259 sulayan, \u015f\u0259hidlik zirv\u0259sin\u0259 ucalan o\u011fullar\u0131 ya\u015fadan Vasif Tal\u0131bovun \u00f6z\u00fc d\u0259 bir q\u0259hr\u0259mand\u0131r.<\/p>\n<p><a href=\"http:\/\/kultur.az\/wp-content\/uploads\/2021\/10\/WhatsApp-Image-2021-10-06-at-14.27.44.jpeg\"><img decoding=\"async\" loading=\"lazy\" class=\"aligncenter wp-image-17041 size-medium\" src=\"http:\/\/kultur.az\/wp-content\/uploads\/2021\/10\/WhatsApp-Image-2021-10-06-at-14.27.44-300x168.jpeg\" alt=\"WhatsApp Image 2021-10-06 at 14.27.44\" width=\"300\" height=\"168\" \/><\/a><\/p>\n<p>&nbsp;<\/p>\n<p><a href=\"http:\/\/kultur.az\/wp-content\/uploads\/2021\/10\/WhatsApp-Image-2021-10-06-at-14.27.42.jpeg\"><img decoding=\"async\" loading=\"lazy\" class=\"aligncenter wp-image-17037 size-medium\" src=\"http:\/\/kultur.az\/wp-content\/uploads\/2021\/10\/WhatsApp-Image-2021-10-06-at-14.27.42-300x225.jpeg\" alt=\"WhatsApp Image 2021-10-06 at 14.27.42\" width=\"300\" height=\"225\" \/><\/a><\/p>\n<p>&nbsp;<\/p>\n<p><a href=\"http:\/\/kultur.az\/wp-content\/uploads\/2021\/10\/WhatsApp-Image-2021-10-06-at-14.27.43.jpeg\"><img decoding=\"async\" loading=\"lazy\" class=\"aligncenter wp-image-17039 size-medium\" src=\"http:\/\/kultur.az\/wp-content\/uploads\/2021\/10\/WhatsApp-Image-2021-10-06-at-14.27.43-300x168.jpeg\" alt=\"WhatsApp Image 2021-10-06 at 14.27.43\" width=\"300\" height=\"168\" \/><\/a><\/p>\n<p>&nbsp;<\/p>\n<p>&nbsp;<\/p>\n<p><iframe loading=\"lazy\" title=\"YouTube video player\" src=\"https:\/\/www.youtube.com\/embed\/UA6AdNyrxBM\" width=\"560\" height=\"315\" frameborder=\"0\" allowfullscreen=\"allowfullscreen\"><\/iframe><\/p>\n<p class=\"bawpvc-ajax-counter\" data-id=\"17036\">Yaz\u0131ya 394 d\u0259f\u0259 bax\u0131l\u0131b<\/p>\n","protected":false},"excerpt":{"rendered":"<p>Nax\u00e7\u0131van s\u0259f\u0259rim yadda\u015f\u0131mda \u0259b\u0259di olaraq qalacaq. \u00c7\u00fcnki g\u00f6rd\u00fcy\u00fcm h\u0259r \u015fey \u00fcr\u0259ka\u00e7an idi. \u015e\u0259h\u0259r v\u0259 rayonlarda, h\u0259tta ucqar k\u0259ndl\u0259rd\u0259 bel\u0259 n\u00f6qsan tapmaq qeyri-m\u00fcmk\u00fcnd\u00fcr. T\u0259bii ki, g\u00f6r\u00fcl\u0259n i\u015fl\u0259r \u00f6z-\u00f6zl\u00fcy\u00fcnd\u0259n icra olunmur. B\u00fct\u00fcn bu g\u00f6z\u0259llikl\u0259rin ba\u015f\u0131nda dayan\u0131n Nax\u00e7\u0131van Muxtar Respublikas\u0131 Ali M\u0259clisinin\u00a0s\u0259dri, \u00a0Az\u0259rbaycan Respublikas\u0131 Milli M\u0259clisinin\u00a0deputat\u0131, Yeni Az\u0259rbaycan Partiyas\u0131\u00a0\u0130dar\u0259 hey\u0259tinin \u00fczv\u00fc, Az\u0259rbaycan d\u00f6vl\u0259t xadimi &#8211; Tal\u0131bov Vasif Yusif [&hellip;]<\/p>\n","protected":false},"author":1,"featured_media":0,"comment_status":"closed","ping_status":"closed","sticky":false,"template":"","format":"standard","meta":[],"categories":[4,15],"tags":[],"_links":{"self":[{"href":"https:\/\/kultur.az\/index.php?rest_route=\/wp\/v2\/posts\/17036"}],"collection":[{"href":"https:\/\/kultur.az\/index.php?rest_route=\/wp\/v2\/posts"}],"about":[{"href":"https:\/\/kultur.az\/index.php?rest_route=\/wp\/v2\/types\/post"}],"author":[{"embeddable":true,"href":"https:\/\/kultur.az\/index.php?rest_route=\/wp\/v2\/users\/1"}],"replies":[{"embeddable":true,"href":"https:\/\/kultur.az\/index.php?rest_route=%2Fwp%2Fv2%2Fcomments&post=17036"}],"version-history":[{"count":4,"href":"https:\/\/kultur.az\/index.php?rest_route=\/wp\/v2\/posts\/17036\/revisions"}],"predecessor-version":[{"id":17045,"href":"https:\/\/kultur.az\/index.php?rest_route=\/wp\/v2\/posts\/17036\/revisions\/17045"}],"wp:attachment":[{"href":"https:\/\/kultur.az\/index.php?rest_route=%2Fwp%2Fv2%2Fmedia&parent=17036"}],"wp:term":[{"taxonomy":"category","embeddable":true,"href":"https:\/\/kultur.az\/index.php?rest_route=%2Fwp%2Fv2%2Fcategories&post=17036"},{"taxonomy":"post_tag","embeddable":true,"href":"https:\/\/kultur.az\/index.php?rest_route=%2Fwp%2Fv2%2Ftags&post=17036"}],"curies":[{"name":"wp","href":"https:\/\/api.w.org\/{rel}","templated":true}]}}