{"id":17080,"date":"2021-10-16T17:21:02","date_gmt":"2021-10-16T12:21:02","guid":{"rendered":"http:\/\/kultur.az\/?p=17080"},"modified":"2021-10-16T17:21:02","modified_gmt":"2021-10-16T12:21:02","slug":"turkiy%c9%99nin-%c9%99rzurum-s%c9%99h%c9%99rind%c9%99-milli-q%c9%99hr%c9%99man-murad-mirz%c9%99yev%c9%99-h%c9%99sr-olunmus-murad-omru-kitabi-t%c9%99qdim-edildi","status":"publish","type":"post","link":"https:\/\/kultur.az\/?p=17080","title":{"rendered":"T\u00fcrkiy\u0259nin \u018frzurum \u015f\u0259h\u0259rind\u0259 Milli q\u0259hr\u0259man Murad Mirz\u0259yev\u0259 h\u0259sr olunmu\u015f  &#8220;Murad \u00f6mr\u00fc&#8221; kitab\u0131 t\u0259qdim edildi"},"content":{"rendered":"<p><a href=\"http:\/\/kultur.az\/wp-content\/uploads\/2021\/10\/WhatsApp-Image-2021-10-14-at-21.58.18.jpeg\"><img decoding=\"async\" loading=\"lazy\" class=\"alignleft wp-image-17081 size-medium\" src=\"http:\/\/kultur.az\/wp-content\/uploads\/2021\/10\/WhatsApp-Image-2021-10-14-at-21.58.18-300x168.jpeg\" alt=\"WhatsApp Image 2021-10-14 at 21.58.18\" width=\"300\" height=\"168\" \/><\/a>T\u00fcrkiy\u0259nin \u018frzurum \u015f\u0259h\u0259rind\u0259 ke\u00e7iril\u0259n g\u00f6r\u00fc\u015fl\u0259rimin h\u0259r biri yadda\u015f\u0131mda silinm\u0259z iz buraxd\u0131.<br \/>\nErzurum B\u00f6y\u00fck\u015f\u0259h\u0259r<br \/>\nb\u0259l\u0259diyy\u0259 ba\u015fkan\u0131 say\u0131n Mehmet Sekmen il\u0259 g\u00f6r\u015f zaman\u0131 bir ne\u00e7\u0259 adda kitablar\u0131m\u0131z\u0131 ba\u015fkana h\u0259diyy\u0259 etdim.<br \/>\nMaraql\u0131 s\u00f6hb\u0259t \u0259snas\u0131nda Az\u0259rbaycan\u0131n Milli q\u0259hr\u0259man\u0131 polkovnik-leytenant Murad Mirz\u0259yev\u0259 h\u0259sr olunmu\u015f &#8220;Murad \u00f6mr\u00fc&#8221; kitab\u0131n\u0131 t\u0259qdim ed\u0259r\u0259k vur\u011fulad\u0131m ki, Murad Ankara &#8220;Kara Harb Okulu&#8221;nu bitirmi\u015f b\u00fct\u00f6v t\u00fcrk d\u00fcnyas\u0131n\u0131n c\u0259sur o\u011fludur.<br \/>\nSay\u0131n bakan Mehmet Sekmen 44 g\u00fcnl\u00fck II Qaraba\u011f M\u00fcharib\u0259sind\u0259 \u0259ld\u0259 etdiyimiz q\u0259l\u0259b\u0259 m\u00fcnasib\u0259ti il\u0259 bizi t\u0259brik ed\u0259r\u0259k dedi: Biz bir millet, iki devlet olaraq h\u0259r zaman Az\u0259rbaycan xalq\u0131n\u0131n yan\u0131nday\u0131q.<br \/>\nS\u0259mimi s\u00f6hb\u0259t zaman\u0131 Murad Mirz\u0259yevin ad\u0131n\u0131n \u0259b\u0259dil\u0259\u015fdirilm\u0259si \u00fc\u00e7\u00fcn h\u0259r hans\u0131sa k\u00fc\u00e7\u0259d\u0259 v\u0259 ya parkda ad\u0131n\u0131n \u0259b\u0259dil\u0259\u015fdirilm\u0259sini xahi\u015f etdim. Az\u0259rbaycana olan say\u011f\u0131n\u0131n d\u0259y\u0259rini, t\u0259klifimd\u0259n sonra a\u00e7\u0131q \u015f\u0259kild\u0259 g\u00f6rd\u00fcm.<br \/>\n2020-ci il Sentyabr\u0131n 27-d\u0259n ba\u015flayan V\u0259t\u0259n M\u00fcharib\u0259si 44 g\u00fcn \u0259rzind\u0259 q\u0259l\u0259b\u0259 il\u0259 ba\u015fa \u00e7atd\u0131. Onu da bilirik ki, R\u0259c\u0259b Tayyib \u018frdo\u011fan Az\u0259rbaycana dayaq oldu. Bir an bel\u0259 Az\u0259rbaycan Prezidenti \u0130lham \u018fliyev c\u0259nablar\u0131n\u0131 t\u0259k qoymad\u0131. N\u0259tic\u0259d\u0259 erm\u0259ni \u015f\u0259r\u0259fsizl\u0259ri layiqli cavab\u0131n\u0131 ald\u0131. Art\u0131q \u0259n g\u00f6z\u0259l t\u0259dbirl\u0259rimiz \u015eu\u015fada ke\u00e7irilir.<br \/>\n\u018frzuruma g\u0259li\u015fimi t\u0259\u015fkil ed\u0259n Qazeteciler Bas\u0131n Birli\u011fi Derne\u011finin ba\u015fkan\u0131 Kerem Alt\u0131n, Qazeteci Hakan Dikmen, ehaber.tv.tr Ara\u015ft\u0131rmac\u0131 Yazar Sultan Sema \u00d6rs olmu\u015fdur.<\/p>\n<p>G\u00fcls\u00fcm AD\u0130LQIZI<\/p>\n<p><a href=\"http:\/\/kultur.az\/wp-content\/uploads\/2021\/10\/WhatsApp-Image-2021-10-14-at-21.58.19.jpeg\"><img decoding=\"async\" loading=\"lazy\" class=\"aligncenter size-medium wp-image-17082\" src=\"http:\/\/kultur.az\/wp-content\/uploads\/2021\/10\/WhatsApp-Image-2021-10-14-at-21.58.19-300x168.jpeg\" alt=\"WhatsApp Image 2021-10-14 at 21.58.19\" width=\"300\" height=\"168\" \/><\/a><\/p>\n<p class=\"bawpvc-ajax-counter\" data-id=\"17080\">Yaz\u0131ya 237 d\u0259f\u0259 bax\u0131l\u0131b<\/p>\n","protected":false},"excerpt":{"rendered":"<p>T\u00fcrkiy\u0259nin \u018frzurum \u015f\u0259h\u0259rind\u0259 ke\u00e7iril\u0259n g\u00f6r\u00fc\u015fl\u0259rimin h\u0259r biri yadda\u015f\u0131mda silinm\u0259z iz buraxd\u0131. Erzurum B\u00f6y\u00fck\u015f\u0259h\u0259r b\u0259l\u0259diyy\u0259 ba\u015fkan\u0131 say\u0131n Mehmet Sekmen il\u0259 g\u00f6r\u015f zaman\u0131 bir ne\u00e7\u0259 adda kitablar\u0131m\u0131z\u0131 ba\u015fkana h\u0259diyy\u0259 etdim. Maraql\u0131 s\u00f6hb\u0259t \u0259snas\u0131nda Az\u0259rbaycan\u0131n Milli q\u0259hr\u0259man\u0131 polkovnik-leytenant Murad Mirz\u0259yev\u0259 h\u0259sr olunmu\u015f &#8220;Murad \u00f6mr\u00fc&#8221; kitab\u0131n\u0131 t\u0259qdim ed\u0259r\u0259k vur\u011fulad\u0131m ki, Murad Ankara &#8220;Kara Harb Okulu&#8221;nu bitirmi\u015f b\u00fct\u00f6v t\u00fcrk d\u00fcnyas\u0131n\u0131n [&hellip;]<\/p>\n","protected":false},"author":1,"featured_media":0,"comment_status":"closed","ping_status":"closed","sticky":false,"template":"","format":"standard","meta":[],"categories":[4,30],"tags":[],"_links":{"self":[{"href":"https:\/\/kultur.az\/index.php?rest_route=\/wp\/v2\/posts\/17080"}],"collection":[{"href":"https:\/\/kultur.az\/index.php?rest_route=\/wp\/v2\/posts"}],"about":[{"href":"https:\/\/kultur.az\/index.php?rest_route=\/wp\/v2\/types\/post"}],"author":[{"embeddable":true,"href":"https:\/\/kultur.az\/index.php?rest_route=\/wp\/v2\/users\/1"}],"replies":[{"embeddable":true,"href":"https:\/\/kultur.az\/index.php?rest_route=%2Fwp%2Fv2%2Fcomments&post=17080"}],"version-history":[{"count":1,"href":"https:\/\/kultur.az\/index.php?rest_route=\/wp\/v2\/posts\/17080\/revisions"}],"predecessor-version":[{"id":17083,"href":"https:\/\/kultur.az\/index.php?rest_route=\/wp\/v2\/posts\/17080\/revisions\/17083"}],"wp:attachment":[{"href":"https:\/\/kultur.az\/index.php?rest_route=%2Fwp%2Fv2%2Fmedia&parent=17080"}],"wp:term":[{"taxonomy":"category","embeddable":true,"href":"https:\/\/kultur.az\/index.php?rest_route=%2Fwp%2Fv2%2Fcategories&post=17080"},{"taxonomy":"post_tag","embeddable":true,"href":"https:\/\/kultur.az\/index.php?rest_route=%2Fwp%2Fv2%2Ftags&post=17080"}],"curies":[{"name":"wp","href":"https:\/\/api.w.org\/{rel}","templated":true}]}}