{"id":17106,"date":"2021-10-26T14:42:39","date_gmt":"2021-10-26T09:42:39","guid":{"rendered":"http:\/\/kultur.az\/?p=17106"},"modified":"2021-10-30T12:03:32","modified_gmt":"2021-10-30T07:03:32","slug":"qorxmaz-gizir-elfaq-nagiyevin-anim-gunu-kecirildi-fotolar","status":"publish","type":"post","link":"https:\/\/kultur.az\/?p=17106","title":{"rendered":"\u201cQORXMAZ G\u0130Z\u0130R\u201d \u2013 ELFAQ NA\u011eIYEV\u0130N ANIM G\u00dcN\u00dc KE\u00c7\u0130R\u0130LD\u0130 (fotolar)"},"content":{"rendered":"<p><a href=\"http:\/\/kultur.az\/wp-content\/uploads\/2021\/10\/IMG-20211025-WA0051.jpg\"><img decoding=\"async\" loading=\"lazy\" class=\"alignleft wp-image-17114 size-medium\" src=\"http:\/\/kultur.az\/wp-content\/uploads\/2021\/10\/IMG-20211025-WA0051-300x225.jpg\" alt=\"IMG-20211025-WA0051\" width=\"300\" height=\"225\" srcset=\"https:\/\/kultur.az\/wp-content\/uploads\/2021\/10\/IMG-20211025-WA0051-300x225.jpg 300w, https:\/\/kultur.az\/wp-content\/uploads\/2021\/10\/IMG-20211025-WA0051-1024x768.jpg 1024w, https:\/\/kultur.az\/wp-content\/uploads\/2021\/10\/IMG-20211025-WA0051-75x55.jpg 75w, https:\/\/kultur.az\/wp-content\/uploads\/2021\/10\/IMG-20211025-WA0051-180x135.jpg 180w, https:\/\/kultur.az\/wp-content\/uploads\/2021\/10\/IMG-20211025-WA0051.jpg 1600w\" sizes=\"(max-width: 300px) 100vw, 300px\" \/><\/a>Qaraba\u011f d\u00f6y\u00fc\u015fl\u0259rind\u0259 q\u0259hr\u0259mancas\u0131na i\u015ftirak etmi\u015f, d\u00f6y\u00fc\u015f yolda\u015flar\u0131 aras\u0131nda \u201cQorxmaz gizir\u201d el-obas\u0131nda yenilm\u0259z \u0259sg\u0259r, m\u00fcq\u0259dd\u0259s \u015e\u0259hid kimi dill\u0259r\u0259 dastan olan Elfaq Na\u011f\u0131yevin an\u0131m g\u00fcn\u00fc ke\u00e7irildi. 23 oktyabr 2021-ci il tarixind\u0259 d\u00fcz\u0259nl\u0259n\u0259n m\u0259rasim \u015e\u0259hidin do\u011fulub boya-ba\u015fa \u00e7atd\u0131\u011f\u0131 G\u0259d\u0259b\u0259y rayonunun Parak\u0259nd k\u0259ndind\u0259 ba\u015f tutdu. \u015e\u0259hidimiz ilk olaraq Parak\u0259nd orta m\u0259kt\u0259bind\u0259 an\u0131ld\u0131. Az\u0259rbaycan\u0131n D\u00f6vl\u0259t Himni il\u0259 a\u00e7\u0131lan t\u0259dbird\u0259 Elfaq Na\u011f\u0131yevin timsal\u0131nda \u015f\u0259hidl\u0259rimizin xair\u0259si bir d\u0259qiq\u0259lik s\u00fckutla yad edildi. Bundan sonra \u015f\u0259hidimizin m\u00fc\u0259lliml\u0259ri v\u0259 yax\u0131nlar\u0131 onun \u015f\u00fccay\u0259t dolu \u00f6m\u00fcr yolundan s\u00f6z a\u00e7d\u0131l\u0131ar, Elfaq Na\u011f\u0131yevin xatir\u0259sin\u0259 h\u0259sr edilmi\u015f mahn\u0131lar v\u0259 \u015feirl\u0259r s\u0259sl\u0259ndirildi.<\/p>\n<p>T\u0259dbird\u0259 \u015e\u0259hidin ail\u0259 \u00fczvl\u0259ri, Parak\u0259nd \u0259halisi, Az\u0259rbaycanda v\u0259 \u00f6lk\u0259 xaricind\u0259 ya\u015fayan g\u0259d\u0259b\u0259ylil\u0259rd\u0259n ibar\u0259t \u201cBiz-Fond qrupu\u201dnun, &#8220;Miskinli o\u011fullar\u0131&#8221; qrupunun \u00fczvl\u0259ri, Elfaq\u0131n d\u00f6y\u00fc\u015f yolda\u015flar\u0131 v\u0259 qazil\u0259r i\u015ftirak edirdi.<\/p>\n<p>An\u0131m g\u00fcn\u00fcn\u00fcn ikinci hiss\u0259sind\u0259 m\u0259rasim i\u015ftirak\u00e7\u0131lar\u0131 Elfaq Na\u011f\u0131yevin v\u0259 q\u0259hr\u0259man d\u00f6y\u00fc\u015f\u00e7\u00fcm\u00fcz, \u015e\u0259hid Seymur Allahverdiyevin uyudu\u011fu m\u00fcq\u0259dd\u0259s xiyaban\u0131 ziyar\u0259t ed\u0259r\u0259k, m\u0259zarlar\u0131 \u00f6n\u00fcn\u0259 \u0259klill\u0259r d\u00fczd\u00fcl\u0259r. \u015e\u0259hidin oca\u011f\u0131nda davam etdiril\u0259n m\u0259rasim q\u00fcrur dolu anlarla ba\u015fa \u00e7atd\u0131.<\/p>\n<p>Xat\u0131rladaq ki, Na\u011f\u0131yev Elfaq Azad o\u011flu 26 dekabr 1996-c\u0131 ild\u0259 G\u0259d\u0259b\u0259y rayonu Parak\u0259nd k\u0259ndind\u0259 anadan olub.<\/p>\n<p>2003-c\u00fc ild\u0259 Parak\u0259nd orta m\u0259kt\u0259bin\u0259 gedib, 2007-ci ild\u0259n Baki \u015f\u0259h\u0259rind\u0259 orta t\u0259hsilini davam etdirib.<\/p>\n<p>2012-ci ild\u0259 \u015eamax\u0131 Humanitar Kollecind\u0259 b\u0259d\u0259n t\u0259rbiy\u0259si m\u00fc\u0259llimliyi fak\u00fclt\u0259sin\u0259 q\u0259bul olub.<\/p>\n<p>2016-c\u0131 ild\u0259 h\u0259rbi xidm\u0259t\u0259 yola d\u00fc\u015f\u00fcb.<\/p>\n<p>2019-cu ild\u0259 H\u0259rbi Akademiyan\u0131n gizirlik kursunda t\u0259hsil al\u0131b v\u0259 h\u0259rbi f\u0259aliyy\u0259tini davam etdirib.<\/p>\n<p>2020-ci il iyul ay\u0131nda ni\u015fanlan\u0131b.<\/p>\n<p>H\u0259min ilin sentyabr\u0131nda Qaraba\u011f\u0131n azadl\u0131\u011f\u0131 u\u011frunda ged\u0259n d\u00f6y\u00fc\u015fl\u0259r\u0259 qat\u0131l\u0131b. F\u00fczuli, C\u0259bray\u0131l, Z\u0259ngilan, Qubadl\u0131, Hadrut q\u0259s\u0259b\u0259si v\u0259 bir ne\u00e7\u0259 strateji y\u00fcks\u0259klikl\u0259rin azad olunmas\u0131nda igidlikl\u0259r g\u00f6st\u0259rib.<\/p>\n<p>21 oktyabr 2020-ci ild\u0259 Xocav\u0259ndin al\u0131nmas\u0131 u\u011frunda ged\u0259n d\u00f6y\u00fc\u015fl\u0259rd\u0259 q\u0259hr\u0259mancas\u0131na \u015e\u0259hid olub.<\/p>\n<p>23 oktyabr 2020-ci ild\u0259 do\u011fuldu\u011fu k\u0259ndd\u0259 d\u0259fn edilib.<\/p>\n<p>Q\u0259hr\u0259man\u0131m\u0131z \u015e\u0259had\u0259tind\u0259n sonra \u201cV\u0259t\u0259n u\u011frunda\u201d, \u201c\u0130gidliy\u0259 g\u00f6r\u0259\u201d, \u201cC\u0259bray\u0131l\u0131n v\u0259 Xocav\u0259ndin azad olunmas\u0131na g\u00f6r\u0259\u201d medallar\u0131na layiq g\u00f6r\u00fcl\u00fcb.<\/p>\n<p>Parak\u0259nd k\u0259ndinin \u015f\u0259hidl\u0259rinin \u2013 Seymur Allahverdiyev, Elfaq Na\u011f\u0131yev v\u0259 R\u00f6yan H\u00fcseynovun xatir\u0259sin\u0259 k\u0259ndin giri\u015find\u0259 k\u0259nd \u0259halisinin maddi d\u0259st\u0259yi v\u0259 t\u0259\u015f\u0259bb\u00fcs\u00fc il\u0259 ehsan bula\u011f\u0131 sal\u0131n\u0131b.<\/p>\n<p>Yerin C\u0259nn\u0259t olsun, \u015e\u0259hidim!<\/p>\n<p>Ruhunuz \u015fad olsun, \u015e\u0259hidl\u0259r!<\/p>\n<p><a href=\"http:\/\/kultur.az\/wp-content\/uploads\/2021\/10\/IMG-20211025-WA0054.jpg\"><img decoding=\"async\" loading=\"lazy\" class=\"aligncenter size-medium wp-image-17121\" src=\"http:\/\/kultur.az\/wp-content\/uploads\/2021\/10\/IMG-20211025-WA0054-300x225.jpg\" alt=\"IMG-20211025-WA0054\" width=\"300\" height=\"225\" \/><\/a><\/p>\n<p>&nbsp;<\/p>\n<p><a href=\"http:\/\/kultur.az\/wp-content\/uploads\/2021\/10\/IMG-20211025-WA0053.jpg\"><img decoding=\"async\" loading=\"lazy\" class=\"aligncenter size-medium wp-image-17116\" src=\"http:\/\/kultur.az\/wp-content\/uploads\/2021\/10\/IMG-20211025-WA0053-300x225.jpg\" alt=\"IMG-20211025-WA0053\" width=\"300\" height=\"225\" \/><\/a><\/p>\n<p>&nbsp;<\/p>\n<p><a href=\"http:\/\/kultur.az\/wp-content\/uploads\/2021\/10\/IMG-20211025-WA0052.jpg\"><img decoding=\"async\" loading=\"lazy\" class=\"aligncenter size-medium wp-image-17115\" src=\"http:\/\/kultur.az\/wp-content\/uploads\/2021\/10\/IMG-20211025-WA0052-300x225.jpg\" alt=\"IMG-20211025-WA0052\" width=\"300\" height=\"225\" srcset=\"https:\/\/kultur.az\/wp-content\/uploads\/2021\/10\/IMG-20211025-WA0052-300x225.jpg 300w, https:\/\/kultur.az\/wp-content\/uploads\/2021\/10\/IMG-20211025-WA0052-1024x768.jpg 1024w, https:\/\/kultur.az\/wp-content\/uploads\/2021\/10\/IMG-20211025-WA0052-75x55.jpg 75w, https:\/\/kultur.az\/wp-content\/uploads\/2021\/10\/IMG-20211025-WA0052-180x135.jpg 180w, https:\/\/kultur.az\/wp-content\/uploads\/2021\/10\/IMG-20211025-WA0052.jpg 1600w\" sizes=\"(max-width: 300px) 100vw, 300px\" \/><\/a><\/p>\n<p>&nbsp;<\/p>\n<p><a href=\"http:\/\/kultur.az\/wp-content\/uploads\/2021\/10\/IMG-20211025-WA0051.jpg\"><img decoding=\"async\" loading=\"lazy\" class=\"aligncenter size-medium wp-image-17114\" src=\"http:\/\/kultur.az\/wp-content\/uploads\/2021\/10\/IMG-20211025-WA0051-300x225.jpg\" alt=\"IMG-20211025-WA0051\" width=\"300\" height=\"225\" srcset=\"https:\/\/kultur.az\/wp-content\/uploads\/2021\/10\/IMG-20211025-WA0051-300x225.jpg 300w, https:\/\/kultur.az\/wp-content\/uploads\/2021\/10\/IMG-20211025-WA0051-1024x768.jpg 1024w, https:\/\/kultur.az\/wp-content\/uploads\/2021\/10\/IMG-20211025-WA0051-75x55.jpg 75w, https:\/\/kultur.az\/wp-content\/uploads\/2021\/10\/IMG-20211025-WA0051-180x135.jpg 180w, https:\/\/kultur.az\/wp-content\/uploads\/2021\/10\/IMG-20211025-WA0051.jpg 1600w\" sizes=\"(max-width: 300px) 100vw, 300px\" \/><\/a><\/p>\n<p>&nbsp;<\/p>\n<p>&nbsp;<\/p>\n<p><a href=\"http:\/\/kultur.az\/wp-content\/uploads\/2021\/10\/IMG-20211025-WA0050.jpg\"><img decoding=\"async\" loading=\"lazy\" class=\"aligncenter size-medium wp-image-17113\" src=\"http:\/\/kultur.az\/wp-content\/uploads\/2021\/10\/IMG-20211025-WA0050-300x225.jpg\" alt=\"IMG-20211025-WA0050\" width=\"300\" height=\"225\" \/><\/a><\/p>\n<p><a href=\"http:\/\/kultur.az\/wp-content\/uploads\/2021\/10\/IMG-20211025-WA0046.jpg\"><img decoding=\"async\" loading=\"lazy\" class=\"aligncenter size-medium wp-image-17109\" src=\"http:\/\/kultur.az\/wp-content\/uploads\/2021\/10\/IMG-20211025-WA0046-300x225.jpg\" alt=\"IMG-20211025-WA0046\" width=\"300\" height=\"225\" \/><\/a><\/p>\n<p>&nbsp;<\/p>\n<p><a href=\"http:\/\/kultur.az\/wp-content\/uploads\/2021\/10\/IMG-20211025-WA0044.jpg\"><img decoding=\"async\" loading=\"lazy\" class=\"aligncenter size-medium wp-image-17107\" src=\"http:\/\/kultur.az\/wp-content\/uploads\/2021\/10\/IMG-20211025-WA0044-300x225.jpg\" alt=\"IMG-20211025-WA0044\" width=\"300\" height=\"225\" \/><\/a><\/p>\n<p>&nbsp;<\/p>\n<p><a href=\"http:\/\/kultur.az\/wp-content\/uploads\/2021\/10\/IMG-20211025-WA0045.jpg\"><img decoding=\"async\" loading=\"lazy\" class=\"aligncenter size-medium wp-image-17108\" src=\"http:\/\/kultur.az\/wp-content\/uploads\/2021\/10\/IMG-20211025-WA0045-300x225.jpg\" alt=\"IMG-20211025-WA0045\" width=\"300\" height=\"225\" \/><\/a><\/p>\n<p>&nbsp;<\/p>\n<p>&nbsp;<\/p>\n<p><a href=\"http:\/\/kultur.az\/wp-content\/uploads\/2021\/10\/IMG-20211025-WA0034.jpg\"><img decoding=\"async\" loading=\"lazy\" class=\"aligncenter size-medium wp-image-17120\" src=\"http:\/\/kultur.az\/wp-content\/uploads\/2021\/10\/IMG-20211025-WA0034-300x225.jpg\" alt=\"IMG-20211025-WA0034\" width=\"300\" height=\"225\" \/><\/a><\/p>\n<p><a href=\"http:\/\/kultur.az\/wp-content\/uploads\/2021\/10\/IMG-20211025-WA0046.jpg\"><img decoding=\"async\" loading=\"lazy\" class=\"aligncenter size-medium wp-image-17109\" src=\"http:\/\/kultur.az\/wp-content\/uploads\/2021\/10\/IMG-20211025-WA0046-300x225.jpg\" alt=\"IMG-20211025-WA0046\" width=\"300\" height=\"225\" \/><\/a><\/p>\n<p><a href=\"http:\/\/kultur.az\/wp-content\/uploads\/2021\/10\/IMG-20211025-WA0048.jpg\"><img decoding=\"async\" loading=\"lazy\" class=\"aligncenter size-medium wp-image-17111\" src=\"http:\/\/kultur.az\/wp-content\/uploads\/2021\/10\/IMG-20211025-WA0048-300x225.jpg\" alt=\"IMG-20211025-WA0048\" width=\"300\" height=\"225\" \/><\/a><\/p>\n<p>&nbsp;<\/p>\n<p>&nbsp;<\/p>\n<p>&nbsp;<\/p>\n<p>&nbsp;<\/p>\n<p>&nbsp;<\/p>\n<p>&nbsp;<\/p>\n<p><a href=\"http:\/\/kultur.az\/wp-content\/uploads\/2021\/10\/IMG-20211025-WA0051.jpg\">\u00a0<\/a><\/p>\n<p>&nbsp;<\/p>\n<p>&nbsp;<\/p>\n<p>&nbsp;<\/p>\n<p class=\"bawpvc-ajax-counter\" data-id=\"17106\">Yaz\u0131ya 320 d\u0259f\u0259 bax\u0131l\u0131b<\/p>\n","protected":false},"excerpt":{"rendered":"<p>Qaraba\u011f d\u00f6y\u00fc\u015fl\u0259rind\u0259 q\u0259hr\u0259mancas\u0131na i\u015ftirak etmi\u015f, d\u00f6y\u00fc\u015f yolda\u015flar\u0131 aras\u0131nda \u201cQorxmaz gizir\u201d el-obas\u0131nda yenilm\u0259z \u0259sg\u0259r, m\u00fcq\u0259dd\u0259s \u015e\u0259hid kimi dill\u0259r\u0259 dastan olan Elfaq Na\u011f\u0131yevin an\u0131m g\u00fcn\u00fc ke\u00e7irildi. 23 oktyabr 2021-ci il tarixind\u0259 d\u00fcz\u0259nl\u0259n\u0259n m\u0259rasim \u015e\u0259hidin do\u011fulub boya-ba\u015fa \u00e7atd\u0131\u011f\u0131 G\u0259d\u0259b\u0259y rayonunun Parak\u0259nd k\u0259ndind\u0259 ba\u015f tutdu. \u015e\u0259hidimiz ilk olaraq Parak\u0259nd orta m\u0259kt\u0259bind\u0259 an\u0131ld\u0131. Az\u0259rbaycan\u0131n D\u00f6vl\u0259t Himni il\u0259 a\u00e7\u0131lan t\u0259dbird\u0259 Elfaq [&hellip;]<\/p>\n","protected":false},"author":1,"featured_media":17114,"comment_status":"closed","ping_status":"closed","sticky":false,"template":"","format":"standard","meta":[],"categories":[4,30],"tags":[],"_links":{"self":[{"href":"https:\/\/kultur.az\/index.php?rest_route=\/wp\/v2\/posts\/17106"}],"collection":[{"href":"https:\/\/kultur.az\/index.php?rest_route=\/wp\/v2\/posts"}],"about":[{"href":"https:\/\/kultur.az\/index.php?rest_route=\/wp\/v2\/types\/post"}],"author":[{"embeddable":true,"href":"https:\/\/kultur.az\/index.php?rest_route=\/wp\/v2\/users\/1"}],"replies":[{"embeddable":true,"href":"https:\/\/kultur.az\/index.php?rest_route=%2Fwp%2Fv2%2Fcomments&post=17106"}],"version-history":[{"count":4,"href":"https:\/\/kultur.az\/index.php?rest_route=\/wp\/v2\/posts\/17106\/revisions"}],"predecessor-version":[{"id":17180,"href":"https:\/\/kultur.az\/index.php?rest_route=\/wp\/v2\/posts\/17106\/revisions\/17180"}],"wp:featuredmedia":[{"embeddable":true,"href":"https:\/\/kultur.az\/index.php?rest_route=\/wp\/v2\/media\/17114"}],"wp:attachment":[{"href":"https:\/\/kultur.az\/index.php?rest_route=%2Fwp%2Fv2%2Fmedia&parent=17106"}],"wp:term":[{"taxonomy":"category","embeddable":true,"href":"https:\/\/kultur.az\/index.php?rest_route=%2Fwp%2Fv2%2Fcategories&post=17106"},{"taxonomy":"post_tag","embeddable":true,"href":"https:\/\/kultur.az\/index.php?rest_route=%2Fwp%2Fv2%2Ftags&post=17106"}],"curies":[{"name":"wp","href":"https:\/\/api.w.org\/{rel}","templated":true}]}}