{"id":17762,"date":"2022-03-31T18:57:12","date_gmt":"2022-03-31T13:57:12","guid":{"rendered":"http:\/\/kultur.az\/?p=17762"},"modified":"2022-03-31T20:02:41","modified_gmt":"2022-03-31T15:02:41","slug":"m%c9%99suliyy%c9%99tli-pes%c9%99nin-davamcilari","status":"publish","type":"post","link":"https:\/\/kultur.az\/?p=17762","title":{"rendered":"M\u0259suliyy\u0259tli pe\u015f\u0259nin davam\u00e7\u0131lar\u0131"},"content":{"rendered":"<p><a href=\"http:\/\/kultur.az\/wp-content\/uploads\/2022\/03\/2635220.png\"><img decoding=\"async\" loading=\"lazy\" class=\"alignleft wp-image-17763 size-medium\" src=\"http:\/\/kultur.az\/wp-content\/uploads\/2022\/03\/2635220-300x200.png\" alt=\"2635220\" width=\"300\" height=\"200\" \/><\/a><\/p>\n<div class=\"kvgmc6g5 cxmmr5t8 oygrvhab hcukyx3x c1et5uql ii04i59q\">\n<div dir=\"auto\">Sabun\u00e7u rayonunda f\u0259aliyy\u0259t g\u00f6st\u0259r\u0259n 12 sayl\u0131 poliklinikan\u0131n tibbi personal\u0131 daim i\u015fl\u0259rini g\u00fcn\u00fcn t\u0259l\u0259bl\u0259ri s\u0259viyy\u0259sind\u0259 quran sa\u011flaml\u0131q ocaqlar\u0131ndand\u0131r.<\/div>\n<div dir=\"auto\">Poliklinikan\u0131n ba\u015f h\u0259kimi Abdulk\u0259rimova Samiy\u0259 xan\u0131m s\u0259ri\u015ft\u0259li r\u0259hb\u0259rl\u0259rd\u0259ndir. Daim i\u015find\u0259 nizam-intizama, insanlar\u0131n sa\u011flaml\u0131\u011f\u0131 \u00fc\u00e7\u00fcn \u0259lind\u0259n g\u0259l\u0259nl\u0259ri \u0259sirg\u0259mir.<\/div>\n<div dir=\"auto\">H\u0259kimin ba\u015f\u00e7\u0131l\u0131q etdiyi kollektivd\u0259 t\u0259cr\u00fcb\u0259li h\u0259kiml\u0259rd\u0259n olan \u018fhm\u0259dova Ceyran xan\u0131m 1994-c\u00fc ild\u0259 Az\u0259rbaycan Tibb Universitetini bitirib. O bir m\u00fcdd\u0259t y\u0259ni uzun ill\u0259r sah\u0259 h\u0259kimi kimi \u00e7al\u0131\u015f\u0131b. 2019-cu ild\u0259n is\u0259 12 sayl\u0131 poliklinikada u\u015faq \u015f\u00f6b\u0259sin\u0259 r\u0259hb\u0259rlik edir.<\/div>\n<div dir=\"auto\">Bu sa\u011flaml\u0131q oca\u011f\u0131n\u0131n kollektivi \u0259razid\u0259 ya\u015fayan 18-20 min n\u0259f\u0259r insan\u0131n sa\u011flaml\u0131\u011f\u0131n\u0131n ke\u015fiyind\u0259 f\u0259dakarl\u0131qla dayan\u0131r.<\/div>\n<div dir=\"auto\">Poliklinikan\u0131n dig\u0259r \u015f\u00f6b\u0259sinin m\u00fcdiri h\u0259kim Emin M\u0259mm\u0259dov da dig\u0259r h\u0259mkarlar\u0131 kimi tibb sah\u0259sind\u0259 bir \u00e7ox u\u011furlara imza atm\u0131\u015fd\u0131r. H\u0259kiml\u0259rd\u0259n \u00dclviyy\u0259 Hac\u0131yeva, Ayg\u00fcn \u018fliyeva 2019-u ilin iyul ay\u0131ndan burada pandemiya il\u0259 \u0259laq\u0259dar olaraq \u0259zml\u0259 \u00e7al\u0131\u015f\u0131r, insanlar\u0131n sa\u011flaml\u0131\u011f\u0131 \u00fc\u00e7\u00fcn \u0259ll\u0259rind\u0259n g\u0259l\u0259nl\u0259ri \u0259sirg\u0259mirl\u0259r.<\/div>\n<div dir=\"auto\">Onu da qeyd ed\u0259k ki, Covid-19 pandemiyas\u0131 il\u0259 \u0259laq\u0259dar 11,12 v\u0259 22 sayl\u0131 poliklinikalar\u0131n kollektivi birg\u0259 bu x\u0259st\u0259liy\u0259 qar\u015f\u0131 \u0259zmkarcas\u0131na m\u00fcbariz\u0259 apararaq 40 min\u0259 yax\u0131n sakin\u0259 tibbi yard\u0131m g\u00f6st\u0259rmi\u015fl\u0259r.<\/div>\n<div dir=\"auto\">\u00dclviyy\u0259 v\u0259 Ayg\u00fcn h\u0259kim pandemiya il\u0259 \u0259laq\u0259dar olaraq tibbi q\u0259rargahda da \u00f6z f\u0259dakar i\u015fl\u0259ri il\u0259 se\u00e7ilmi\u015fl\u0259r.<\/div>\n<div dir=\"auto\">Onu da qeyd ed\u0259k ki, \u00dclviyy\u0259 h\u0259kim t\u0259cr\u00fcb\u0259sini art\u0131rmaq m\u0259qs\u0259dil\u0259 qarda\u015f \u00f6lk\u0259 T\u00fcrkiy\u0259d\u0259 konfrans v\u0259 kurslarda i\u015ftirak etmi\u015fdir.<\/div>\n<div dir=\"auto\">Kollektivin f\u0259al \u00fczvl\u0259rind\u0259n olan Ceyran h\u0259kim \u018fhm\u0259dova yax\u015f\u0131 i\u015fin\u0259 g\u00f6r\u0259 S\u0259hiyy\u0259 Nazirliyinin 28 dekabr 2020-ci il tarixd\u0259 x\u00fcsusi xidm\u0259tin\u0259 g\u00f6r\u0259 \u00abS\u0259hiyy\u0259 \u0259la\u00e7\u0131s\u0131\u00bb d\u00f6\u015f ni\u015fan\u0131 il\u0259 t\u0259ltif olunub. H\u0259kiml\u0259r bundan sonra da insanlar\u0131n sa\u011flaml\u0131\u011f\u0131 \u00fc\u00e7\u00fcn var g\u00fcc\u00fc il\u0259 \u00e7al\u0131\u015facaqlar\u0131n\u0131 bildirdil\u0259r.<\/div>\n<div dir=\"auto\">Sonda biz d\u0259 \u00f6z n\u00f6vb\u0259mizd\u0259 \u015f\u0259r\u0259fli v\u0259 m\u0259suliyy\u0259tli i\u015fl\u0259rind\u0259 bu kollektiv\u0259 u\u011furlar dil\u0259yirik.<\/div>\n<\/div>\n<div class=\"cxmmr5t8 oygrvhab hcukyx3x c1et5uql o9v6fnle ii04i59q\">\n<div dir=\"auto\">Ceyhun<\/div>\n<\/div>\n<p>&nbsp;<\/p>\n<p>Ceyhun<\/p>\n<p class=\"bawpvc-ajax-counter\" data-id=\"17762\">Yaz\u0131ya 145 d\u0259f\u0259 bax\u0131l\u0131b<\/p>\n","protected":false},"excerpt":{"rendered":"<p>Sabun\u00e7u rayonunda f\u0259aliyy\u0259t g\u00f6st\u0259r\u0259n 12 sayl\u0131 poliklinikan\u0131n tibbi personal\u0131 daim i\u015fl\u0259rini g\u00fcn\u00fcn t\u0259l\u0259bl\u0259ri s\u0259viyy\u0259sind\u0259 quran sa\u011flaml\u0131q ocaqlar\u0131ndand\u0131r. Poliklinikan\u0131n ba\u015f h\u0259kimi Abdulk\u0259rimova Samiy\u0259 xan\u0131m s\u0259ri\u015ft\u0259li r\u0259hb\u0259rl\u0259rd\u0259ndir. Daim i\u015find\u0259 nizam-intizama, insanlar\u0131n sa\u011flaml\u0131\u011f\u0131 \u00fc\u00e7\u00fcn \u0259lind\u0259n g\u0259l\u0259nl\u0259ri \u0259sirg\u0259mir. H\u0259kimin ba\u015f\u00e7\u0131l\u0131q etdiyi kollektivd\u0259 t\u0259cr\u00fcb\u0259li h\u0259kiml\u0259rd\u0259n olan \u018fhm\u0259dova Ceyran xan\u0131m 1994-c\u00fc ild\u0259 Az\u0259rbaycan Tibb Universitetini bitirib. O bir m\u00fcdd\u0259t y\u0259ni uzun [&hellip;]<\/p>\n","protected":false},"author":1,"featured_media":0,"comment_status":"closed","ping_status":"closed","sticky":false,"template":"","format":"standard","meta":[],"categories":[5],"tags":[],"_links":{"self":[{"href":"https:\/\/kultur.az\/index.php?rest_route=\/wp\/v2\/posts\/17762"}],"collection":[{"href":"https:\/\/kultur.az\/index.php?rest_route=\/wp\/v2\/posts"}],"about":[{"href":"https:\/\/kultur.az\/index.php?rest_route=\/wp\/v2\/types\/post"}],"author":[{"embeddable":true,"href":"https:\/\/kultur.az\/index.php?rest_route=\/wp\/v2\/users\/1"}],"replies":[{"embeddable":true,"href":"https:\/\/kultur.az\/index.php?rest_route=%2Fwp%2Fv2%2Fcomments&post=17762"}],"version-history":[{"count":3,"href":"https:\/\/kultur.az\/index.php?rest_route=\/wp\/v2\/posts\/17762\/revisions"}],"predecessor-version":[{"id":17771,"href":"https:\/\/kultur.az\/index.php?rest_route=\/wp\/v2\/posts\/17762\/revisions\/17771"}],"wp:attachment":[{"href":"https:\/\/kultur.az\/index.php?rest_route=%2Fwp%2Fv2%2Fmedia&parent=17762"}],"wp:term":[{"taxonomy":"category","embeddable":true,"href":"https:\/\/kultur.az\/index.php?rest_route=%2Fwp%2Fv2%2Fcategories&post=17762"},{"taxonomy":"post_tag","embeddable":true,"href":"https:\/\/kultur.az\/index.php?rest_route=%2Fwp%2Fv2%2Ftags&post=17762"}],"curies":[{"name":"wp","href":"https:\/\/api.w.org\/{rel}","templated":true}]}}