{"id":17796,"date":"2022-04-04T17:13:00","date_gmt":"2022-04-04T12:13:00","guid":{"rendered":"http:\/\/kultur.az\/?p=17796"},"modified":"2022-04-04T17:13:00","modified_gmt":"2022-04-04T12:13:00","slug":"fazil-mustafa-minl%c9%99rl%c9%99-k%c9%99rb%c9%99layi-m%c9%99s%c9%99di-haci-xanim-var-ki-c%c9%99miyy%c9%99tin-%c9%99n-yaramaz-tor-tokuntul%c9%99ridir","status":"publish","type":"post","link":"https:\/\/kultur.az\/?p=17796","title":{"rendered":"Fazil Mustafa &#8211; \u201cMinl\u0259rl\u0259 k\u0259rb\u0259layi, m\u0259\u015f\u0259di, hac\u0131 xan\u0131m var ki, c\u0259miyy\u0259tin \u0259n yaramaz t\u00f6r-t\u00f6k\u00fcnt\u00fcl\u0259ridir\u201d"},"content":{"rendered":"<p style=\"color: #212529;\"><strong style=\"font-weight: bolder;\"><a href=\"http:\/\/kultur.az\/wp-content\/uploads\/2016\/04\/fazil.jpg\"><img decoding=\"async\" loading=\"lazy\" class=\"alignleft wp-image-10896 size-medium\" src=\"http:\/\/kultur.az\/wp-content\/uploads\/2016\/04\/fazil-214x300.jpg\" alt=\"fazil\" width=\"214\" height=\"300\" srcset=\"https:\/\/kultur.az\/wp-content\/uploads\/2016\/04\/fazil-214x300.jpg 214w, https:\/\/kultur.az\/wp-content\/uploads\/2016\/04\/fazil.jpg 540w\" sizes=\"(max-width: 214px) 100vw, 214px\" \/><\/a>\u201cS\u0259mimi m\u00fcs\u0259lmanlar ba\u015fqa insanlar\u0131n m\u00fc\u0259yy\u0259n faci\u0259sin\u0259 he\u00e7 vaxt sevinm\u0259zl\u0259r&#8230;\u201d<\/strong><\/p>\n<p>Bu s\u00f6zl\u0259ri\u00a0<a style=\"font-weight: bold; color: #af0000;\" href=\"https:\/\/yenisabah.az\/131437\/\">Yenisabah.az<\/a>-a B\u00f6y\u00fck Qurulu\u015f Partiyas\u0131n\u0131n s\u0259dri, Milli M\u0259clisin deputat\u0131 Fazil Mustafa deyib.<br \/>\nBak\u0131da gec\u0259 saatlar\u0131nda \u201cLocation\u201d klubda ba\u015f ver\u0259n partlay\u0131\u015f bar\u0259d\u0259 dan\u0131\u015fan deputat sosial \u015f\u0259b\u0259k\u0259l\u0259rd\u0259 bu hadis\u0259ni dinl\u0259 \u0259laq\u0259l\u0259ndir\u0259nl\u0259rin yana\u015fmas\u0131n\u0131n do\u011fru olmad\u0131\u011f\u0131n\u0131 bildirib:<\/p>\n<p>\u201cBunu hans\u0131sa bir ayla, ibad\u0259tl\u0259 \u0259laq\u0259l\u0259ndirm\u0259zl\u0259r, \u00e7\u00fcnki q\u0259za olanda m\u00fcs\u0259lman da \u00f6l\u00fcr. Partlay\u0131\u015f ba\u015f ver\u0259nd\u0259 b\u0259lk\u0259 onun yax\u0131n\u0131ndan ke\u00e7\u0259n bir m\u00fcs\u0259lman \u00f6l\u00fcb, b\u0259lk\u0259 bir yax\u0131n\u0131n x\u0259sar\u0259t al\u0131b, bunu nec\u0259 m\u00fc\u0259yy\u0259n ed\u0259 bil\u0259rs\u0259n?\u201d.<\/p>\n<p>Fazil Mustafa qeyd edib ki, bir qrup insan\u0131n bu faci\u0259ni dinl\u0259 \u0259laq\u0259l\u0259ndirm\u0259sini b\u00fct\u00fcn dindarlar\u0131n ad\u0131na yazmaq do\u011fru deyil:<\/p>\n<blockquote style=\"color: #555555;\"><p>\u00a0\u201c\u00dcmumiyy\u0259tl\u0259, Az\u0259rbaycanda beyni laz\u0131mi s\u0259viyy\u0259d\u0259 g\u0259li\u015fm\u0259mi\u015f din\u00e7il\u0259r kifay\u0259t q\u0259d\u0259r \u00e7oxdur. Bu hadis\u0259y\u0259 ancaq onlar sevin\u0259 bil\u0259rl\u0259r. \u00c7\u00fcnki onlar h\u0259r \u015feyi din\u0259 ba\u011flay\u0131b, bu formada izah etm\u0259y\u0259 \u00e7al\u0131\u015f\u0131rlar. Lakin \u00f6lk\u0259mizd\u0259 d\u00fcnyag\u00f6r\u00fc\u015f\u00fc, tolerantl\u0131\u011f\u0131 yerind\u0259 olan, ba\u015fqa insanlar\u0131n h\u0259yat\u0131na qar\u0131\u015fmayan, ba\u015fqalar\u0131n\u0131n faci\u0259sind\u0259n z\u00f6vq almayan m\u00fcs\u0259lmanlar kifay\u0259t q\u0259d\u0259r \u00e7oxdur.<\/p><\/blockquote>\n<p style=\"color: #212529;\">Ona g\u00f6r\u0259 d\u0259 10-15 n\u0259f\u0259r axma\u011f\u0131n h\u0259r\u0259k\u0259tini b\u00fct\u00f6vl\u00fckd\u0259 m\u00fcs\u0259lmanlar\u0131n ad\u0131na yozmaq do\u011fru deyil. Bunun dinl\u0259 \u0259laq\u0259l\u0259ndirilm\u0259si is\u0259 \u00fcmumiyy\u0259tl\u0259, do\u011fru deyil. Bu, bir faci\u0259dir. H\u0259r\u0259nin \u00f6z h\u0259yat t\u0259rzi var. Bunun ba\u015fqas\u0131na n\u0259 aidiyyat\u0131 var? El\u0259 yer var ki, orada m\u0259scid partlay\u0131r, orada \u00f6l\u0259nl\u0259rin d\u0259 ham\u0131s\u0131 m\u00fcs\u0259lman olur. B\u0259s onda nec\u0259?<\/p>\n<p style=\"color: #212529;\">\u0130st\u0259r m\u00fcs\u0259lman, ist\u0259r xristian, y\u0259hudi, ist\u0259rs\u0259 d\u0259 ateistin h\u0259m a\u011f\u0131ll\u0131s\u0131, h\u0259m d\u0259 s\u0259fehi var. Bu m\u0259s\u0259l\u0259d\u0259 10-15 n\u0259f\u0259rin d\u00fc\u015f\u00fcnc\u0259siz yana\u015fmalar\u0131 v\u0259 \u00e7a\u011f\u0131r\u0131\u015flar\u0131n\u0131 b\u00fct\u00f6vl\u00fckd\u0259 din\u0259 \u015famil etm\u0259k do\u011fru deyil. A\u011f\u0131ll\u0131 insanlar bu faci\u0259y\u0259 yaln\u0131z k\u0259d\u0259rl\u0259n\u0259 bil\u0259rl\u0259r\u201d.<\/p>\n<p>F.Mustafan\u0131n s\u00f6zl\u0259rin\u0259 g\u00f6r\u0259 partlay\u0131\u015f zaman\u0131 x\u0259sar\u0259t alanlar\u0131n ya\u015fay\u0131\u015f t\u0259rzi he\u00e7 k\u0259si maraqland\u0131rmamal\u0131d\u0131r:<\/p>\n<blockquote style=\"color: #555555;\"><p>\u201cH\u0259r k\u0259s \u00f6z\u00fc-\u00f6zl\u00fcy\u00fcnd\u0259 f\u0259rdi m\u0259suliyy\u0259t da\u015f\u0131y\u0131r. Minl\u0259rl\u0259 k\u0259rb\u0259layi, m\u0259\u015f\u0259di, hac\u0131 xan\u0131mlar var ki, c\u0259miyy\u0259tin \u0259n yaramaz t\u00f6r-t\u00f6k\u00fcnt\u00fcl\u0259ridir. Onlara g\u00f6r\u0259 din\u0259 qiym\u0259t verilmir ki&#8230;<\/p><\/blockquote>\n<p style=\"color: #212529;\">S\u00f6hb\u0259t \u0130slam dinind\u0259 olan s\u0259mimi, d\u00fcr\u00fcst, d\u00fcnyag\u00f6r\u00fc\u015fl\u00fc, pey\u011f\u0259mb\u0259r \u0259xlaq\u0131n\u0131n da\u015f\u0131y\u0131c\u0131s\u0131 olanlardan gedirs\u0259, onlar he\u00e7 vaxt ba\u015fqas\u0131n\u0131n faci\u0259sin\u0259 sevinm\u0259zl\u0259r v\u0259 bunu Ramazan ay\u0131 il\u0259 \u0259laq\u0259l\u0259ndirm\u0259zl\u0259r. Bu xurafat, cahillik h\u0259l\u0259 d\u0259 Az\u0259rbaycanda yer al\u0131b, bu c\u00fcr yana\u015fmalar q\u0131nanmal\u0131d\u0131r. Bu yana\u015fmalar h\u0259m c\u0259miyy\u0259t, h\u0259m d\u0259 dindarlar\u0131n \u00f6zl\u0259ri t\u0259r\u0259find\u0259n xo\u015f qar\u015f\u0131lanm\u0131r\u201d.<\/p>\n<p style=\"color: #212529;\">\u018fsm\u0259txan\u0131m RZAZAD\u018f<\/p>\n<p style=\"color: #212529;\">M\u0259nb\u0259: Yeni sabah<\/p>\n<p class=\"bawpvc-ajax-counter\" data-id=\"17796\">Yaz\u0131ya 153 d\u0259f\u0259 bax\u0131l\u0131b<\/p>\n","protected":false},"excerpt":{"rendered":"<p>\u201cS\u0259mimi m\u00fcs\u0259lmanlar ba\u015fqa insanlar\u0131n m\u00fc\u0259yy\u0259n faci\u0259sin\u0259 he\u00e7 vaxt sevinm\u0259zl\u0259r&#8230;\u201d Bu s\u00f6zl\u0259ri\u00a0Yenisabah.az-a B\u00f6y\u00fck Qurulu\u015f Partiyas\u0131n\u0131n s\u0259dri, Milli M\u0259clisin deputat\u0131 Fazil Mustafa deyib. Bak\u0131da gec\u0259 saatlar\u0131nda \u201cLocation\u201d klubda ba\u015f ver\u0259n partlay\u0131\u015f bar\u0259d\u0259 dan\u0131\u015fan deputat sosial \u015f\u0259b\u0259k\u0259l\u0259rd\u0259 bu hadis\u0259ni dinl\u0259 \u0259laq\u0259l\u0259ndir\u0259nl\u0259rin yana\u015fmas\u0131n\u0131n do\u011fru olmad\u0131\u011f\u0131n\u0131 bildirib: \u201cBunu hans\u0131sa bir ayla, ibad\u0259tl\u0259 \u0259laq\u0259l\u0259ndirm\u0259zl\u0259r, \u00e7\u00fcnki q\u0259za olanda m\u00fcs\u0259lman da \u00f6l\u00fcr. Partlay\u0131\u015f [&hellip;]<\/p>\n","protected":false},"author":1,"featured_media":10896,"comment_status":"closed","ping_status":"closed","sticky":false,"template":"","format":"standard","meta":[],"categories":[5,4],"tags":[],"_links":{"self":[{"href":"https:\/\/kultur.az\/index.php?rest_route=\/wp\/v2\/posts\/17796"}],"collection":[{"href":"https:\/\/kultur.az\/index.php?rest_route=\/wp\/v2\/posts"}],"about":[{"href":"https:\/\/kultur.az\/index.php?rest_route=\/wp\/v2\/types\/post"}],"author":[{"embeddable":true,"href":"https:\/\/kultur.az\/index.php?rest_route=\/wp\/v2\/users\/1"}],"replies":[{"embeddable":true,"href":"https:\/\/kultur.az\/index.php?rest_route=%2Fwp%2Fv2%2Fcomments&post=17796"}],"version-history":[{"count":1,"href":"https:\/\/kultur.az\/index.php?rest_route=\/wp\/v2\/posts\/17796\/revisions"}],"predecessor-version":[{"id":17797,"href":"https:\/\/kultur.az\/index.php?rest_route=\/wp\/v2\/posts\/17796\/revisions\/17797"}],"wp:featuredmedia":[{"embeddable":true,"href":"https:\/\/kultur.az\/index.php?rest_route=\/wp\/v2\/media\/10896"}],"wp:attachment":[{"href":"https:\/\/kultur.az\/index.php?rest_route=%2Fwp%2Fv2%2Fmedia&parent=17796"}],"wp:term":[{"taxonomy":"category","embeddable":true,"href":"https:\/\/kultur.az\/index.php?rest_route=%2Fwp%2Fv2%2Fcategories&post=17796"},{"taxonomy":"post_tag","embeddable":true,"href":"https:\/\/kultur.az\/index.php?rest_route=%2Fwp%2Fv2%2Ftags&post=17796"}],"curies":[{"name":"wp","href":"https:\/\/api.w.org\/{rel}","templated":true}]}}