{"id":17916,"date":"2022-05-14T16:16:03","date_gmt":"2022-05-14T11:16:03","guid":{"rendered":"http:\/\/kultur.az\/?p=17916"},"modified":"2022-05-14T16:16:03","modified_gmt":"2022-05-14T11:16:03","slug":"cagdas-%c9%99d%c9%99biyyatimizda-dil-v%c9%99-uslub-adli-seminar-keciril%c9%99c%c9%99k","status":"publish","type":"post","link":"https:\/\/kultur.az\/?p=17916","title":{"rendered":"\u201c\u00c7a\u011fda\u015f \u0259d\u0259biyyat\u0131m\u0131zda dil v\u0259 \u00fcslub\u201d adl\u0131 seminar ke\u00e7iril\u0259c\u0259k"},"content":{"rendered":"<p><a href=\"http:\/\/kultur.az\/wp-content\/uploads\/2022\/05\/seminar.jpg\"><img decoding=\"async\" loading=\"lazy\" class=\"alignleft wp-image-17917 size-medium\" src=\"http:\/\/kultur.az\/wp-content\/uploads\/2022\/05\/seminar-300x166.jpg\" alt=\"seminar\" width=\"300\" height=\"166\" \/><\/a>May\u0131n 19-u saat 11:00-da Az\u0259rbaycan N\u0259\u015friyyatlar\u0131 Assosiasiyas\u0131 \u0130ctimai Birliyi, AMEA Nizami ad\u0131na \u018fd\u0259biyyat \u0130nstitutu v\u0259 N\u0259simi ad\u0131na Dil\u00e7ilik \u0130nstitutunun birg\u0259 t\u0259\u015fkilat\u00e7\u0131l\u0131\u011f\u0131 il\u0259 \u201c\u00c7a\u011fda\u015f \u0259d\u0259biyyat\u0131m\u0131zda dil v\u0259 \u00fcslub\u201d adl\u0131 elmi-praktik seminar ke\u00e7iril\u0259c\u0259k.<\/p>\n<p>&#8230; x\u0259b\u0259r verir ki, elmi-praktik seminar\u0131n ke\u00e7irilm\u0259sind\u0259 m\u0259qs\u0259d m\u00fcasir \u0259d\u0259biyyat\u0131m\u0131z\u0131n redakt\u0259, korrekt\u0259, t\u0259rc\u00fcm\u0259 v\u0259 sair kimi probleml\u0259rinin m\u00fczakir\u0259si, h\u0259lli yollar\u0131n\u0131n ara\u015fd\u0131r\u0131lmas\u0131d\u0131r.<\/p>\n<p>Elmi-praktik seminar\u0131n m\u0259ruz\u0259\u00e7il\u0259ri v\u0259 ed\u0259ckl\u0259ri m\u0259ruz\u0259l\u0259r:<\/p>\n<p>&#8211; \u201cDil qaydalar\u0131 v\u0259 yaz\u0131 praktikas\u0131: ziddiyy\u0259tli m\u0259qamlar\u201d \u2013 Rafiq \u0130smay\u0131lov, \u201cAltun Kitab\u201d n\u0259\u015friyyat\u0131n\u0131n direktoru;<\/p>\n<p>&#8211; \u201cT\u0259rc\u00fcm\u0259nin \u0259b\u0259di dilemmas\u0131: orijinala sadiqlik, yoxsa m\u0259tnin oxunaql\u0131\u011f\u0131?\u201d \u2013 Etimad Ba\u015fke\u00e7id, \u015fair, Az\u0259rbaycan D\u00f6vl\u0259t T\u0259rc\u00fcm\u0259 M\u0259rk\u0259zinin \u0259m\u0259kda\u015f\u0131;<\/p>\n<p>&#8211; \u201c\u00c7a\u011fda\u015f kitab\u00e7\u0131l\u0131qda v\u0259 \u0259d\u0259bi n\u0259\u015frl\u0259rd\u0259 redakt\u0259 m\u0259s\u0259l\u0259l\u0259ri\u201d \u2013 Seyf\u0259ddin H\u00fcseynli, \u0259d\u0259biyyat\u015f\u00fcnas, \u201cD\u00fcnya \u0259d\u0259biyyat\u0131\u201d jurnal\u0131n\u0131n ba\u015f redaktoru.<\/p>\n<p><strong>\u00dcnvan<\/strong>: AMEA \u018fd\u0259biyyat \u0130nstitutu, 4-c\u00fc m\u0259rt\u0259b\u0259, elektron akt zal\u0131.<\/p>\n<p class=\"bawpvc-ajax-counter\" data-id=\"17916\">Yaz\u0131ya 98 d\u0259f\u0259 bax\u0131l\u0131b<\/p>\n","protected":false},"excerpt":{"rendered":"<p>May\u0131n 19-u saat 11:00-da Az\u0259rbaycan N\u0259\u015friyyatlar\u0131 Assosiasiyas\u0131 \u0130ctimai Birliyi, AMEA Nizami ad\u0131na \u018fd\u0259biyyat \u0130nstitutu v\u0259 N\u0259simi ad\u0131na Dil\u00e7ilik \u0130nstitutunun birg\u0259 t\u0259\u015fkilat\u00e7\u0131l\u0131\u011f\u0131 il\u0259 \u201c\u00c7a\u011fda\u015f \u0259d\u0259biyyat\u0131m\u0131zda dil v\u0259 \u00fcslub\u201d adl\u0131 elmi-praktik seminar ke\u00e7iril\u0259c\u0259k. &#8230; x\u0259b\u0259r verir ki, elmi-praktik seminar\u0131n ke\u00e7irilm\u0259sind\u0259 m\u0259qs\u0259d m\u00fcasir \u0259d\u0259biyyat\u0131m\u0131z\u0131n redakt\u0259, korrekt\u0259, t\u0259rc\u00fcm\u0259 v\u0259 sair kimi probleml\u0259rinin m\u00fczakir\u0259si, h\u0259lli yollar\u0131n\u0131n ara\u015fd\u0131r\u0131lmas\u0131d\u0131r. Elmi-praktik seminar\u0131n m\u0259ruz\u0259\u00e7il\u0259ri [&hellip;]<\/p>\n","protected":false},"author":1,"featured_media":0,"comment_status":"closed","ping_status":"closed","sticky":false,"template":"","format":"standard","meta":[],"categories":[4],"tags":[],"_links":{"self":[{"href":"https:\/\/kultur.az\/index.php?rest_route=\/wp\/v2\/posts\/17916"}],"collection":[{"href":"https:\/\/kultur.az\/index.php?rest_route=\/wp\/v2\/posts"}],"about":[{"href":"https:\/\/kultur.az\/index.php?rest_route=\/wp\/v2\/types\/post"}],"author":[{"embeddable":true,"href":"https:\/\/kultur.az\/index.php?rest_route=\/wp\/v2\/users\/1"}],"replies":[{"embeddable":true,"href":"https:\/\/kultur.az\/index.php?rest_route=%2Fwp%2Fv2%2Fcomments&post=17916"}],"version-history":[{"count":1,"href":"https:\/\/kultur.az\/index.php?rest_route=\/wp\/v2\/posts\/17916\/revisions"}],"predecessor-version":[{"id":17918,"href":"https:\/\/kultur.az\/index.php?rest_route=\/wp\/v2\/posts\/17916\/revisions\/17918"}],"wp:attachment":[{"href":"https:\/\/kultur.az\/index.php?rest_route=%2Fwp%2Fv2%2Fmedia&parent=17916"}],"wp:term":[{"taxonomy":"category","embeddable":true,"href":"https:\/\/kultur.az\/index.php?rest_route=%2Fwp%2Fv2%2Fcategories&post=17916"},{"taxonomy":"post_tag","embeddable":true,"href":"https:\/\/kultur.az\/index.php?rest_route=%2Fwp%2Fv2%2Ftags&post=17916"}],"curies":[{"name":"wp","href":"https:\/\/api.w.org\/{rel}","templated":true}]}}