{"id":17976,"date":"2022-05-23T14:20:42","date_gmt":"2022-05-23T09:20:42","guid":{"rendered":"http:\/\/kultur.az\/?p=17976"},"modified":"2022-05-24T17:44:40","modified_gmt":"2022-05-24T12:44:40","slug":"polis-polkovniki-rahib-qarayevin-qanli-hekay%c9%99tl%c9%99r-adli-kitabinin-t%c9%99qdimati-keciril%c9%99c%c9%99k","status":"publish","type":"post","link":"https:\/\/kultur.az\/?p=17976","title":{"rendered":"Polis polkovniki Rahib Qarayevin \u201cQanl\u0131 hekay\u0259tl\u0259r\u201d adl\u0131 kitab\u0131n\u0131n t\u0259qdimat\u0131 ke\u00e7iril\u0259c\u0259k"},"content":{"rendered":"<p><strong><a href=\"http:\/\/kultur.az\/wp-content\/uploads\/2022\/05\/WhatsApp-Image-2022-05-22-at-20.05.28.jpeg\"><img decoding=\"async\" loading=\"lazy\" class=\"alignleft wp-image-17977 size-medium\" src=\"http:\/\/kultur.az\/wp-content\/uploads\/2022\/05\/WhatsApp-Image-2022-05-22-at-20.05.28-300x300.jpeg\" alt=\"WhatsApp Image 2022-05-22 at 20.05.28\" width=\"300\" height=\"300\" \/><\/a>kultur.az x\u0259b\u0259r verir ki, 25<\/strong><strong>.05.2022-ci il, saat 11:00 da <\/strong><strong>Quba \u015f\u0259h\u0259rind\u0259 (\u018frd\u0259bil k\u00fc\u00e7\u0259si 36)<\/strong><strong>\u00a0D\u0130N-in veteran\u0131, istefada olan polis polkovniki Rahib Qarayevin \u201cQanl\u0131 hekay\u0259tl\u0259r\u201d adl\u0131 kitab\u0131n\u0131n t\u0259qdimat\u0131 ke\u00e7iril\u0259c\u0259k. <\/strong><\/p>\n<p><strong>\u201cQanl\u0131 hekay\u0259tl\u0259r\u201d Az\u0259rbaycan Polisinin t\u00f6r\u0259dilmi\u015f cinay\u0259tl\u0259rin a\u00e7\u0131lmas\u0131ndak\u0131 f\u0259aliyy\u0259tini i\u015f\u0131qland\u0131ran s\u0259n\u0259dli hekay\u0259l\u0259rd\u0259n ibar\u0259tdir.\u00a0\u00a0<\/strong><\/p>\n<p><strong>Bundan \u0259vv\u0259l m\u00fc\u0259llifin \u201cXidm\u0259ti v\u0259zif\u0259sini yerin\u0259 yetir\u0259rk\u0259n\u201d v\u0259 \u201c\u00d6t\u0259n ilin son gec\u0259si \u2013 9 fevral\u201d adl\u0131 kitablar\u0131 i\u015f\u0131q \u00fcz\u00fc g\u00f6r\u00fcb. <\/strong><\/p>\n<p class=\"bawpvc-ajax-counter\" data-id=\"17976\">Yaz\u0131ya 271 d\u0259f\u0259 bax\u0131l\u0131b<\/p>\n","protected":false},"excerpt":{"rendered":"<p>kultur.az x\u0259b\u0259r verir ki, 25.05.2022-ci il, saat 11:00 da Quba \u015f\u0259h\u0259rind\u0259 (\u018frd\u0259bil k\u00fc\u00e7\u0259si 36)\u00a0D\u0130N-in veteran\u0131, istefada olan polis polkovniki Rahib Qarayevin \u201cQanl\u0131 hekay\u0259tl\u0259r\u201d adl\u0131 kitab\u0131n\u0131n t\u0259qdimat\u0131 ke\u00e7iril\u0259c\u0259k. \u201cQanl\u0131 hekay\u0259tl\u0259r\u201d Az\u0259rbaycan Polisinin t\u00f6r\u0259dilmi\u015f cinay\u0259tl\u0259rin a\u00e7\u0131lmas\u0131ndak\u0131 f\u0259aliyy\u0259tini i\u015f\u0131qland\u0131ran s\u0259n\u0259dli hekay\u0259l\u0259rd\u0259n ibar\u0259tdir.\u00a0\u00a0 Bundan \u0259vv\u0259l m\u00fc\u0259llifin \u201cXidm\u0259ti v\u0259zif\u0259sini yerin\u0259 yetir\u0259rk\u0259n\u201d v\u0259 \u201c\u00d6t\u0259n ilin son gec\u0259si \u2013 9 fevral\u201d adl\u0131 [&hellip;]<\/p>\n","protected":false},"author":1,"featured_media":0,"comment_status":"closed","ping_status":"closed","sticky":false,"template":"","format":"standard","meta":[],"categories":[20,3,21],"tags":[],"_links":{"self":[{"href":"https:\/\/kultur.az\/index.php?rest_route=\/wp\/v2\/posts\/17976"}],"collection":[{"href":"https:\/\/kultur.az\/index.php?rest_route=\/wp\/v2\/posts"}],"about":[{"href":"https:\/\/kultur.az\/index.php?rest_route=\/wp\/v2\/types\/post"}],"author":[{"embeddable":true,"href":"https:\/\/kultur.az\/index.php?rest_route=\/wp\/v2\/users\/1"}],"replies":[{"embeddable":true,"href":"https:\/\/kultur.az\/index.php?rest_route=%2Fwp%2Fv2%2Fcomments&post=17976"}],"version-history":[{"count":5,"href":"https:\/\/kultur.az\/index.php?rest_route=\/wp\/v2\/posts\/17976\/revisions"}],"predecessor-version":[{"id":17982,"href":"https:\/\/kultur.az\/index.php?rest_route=\/wp\/v2\/posts\/17976\/revisions\/17982"}],"wp:attachment":[{"href":"https:\/\/kultur.az\/index.php?rest_route=%2Fwp%2Fv2%2Fmedia&parent=17976"}],"wp:term":[{"taxonomy":"category","embeddable":true,"href":"https:\/\/kultur.az\/index.php?rest_route=%2Fwp%2Fv2%2Fcategories&post=17976"},{"taxonomy":"post_tag","embeddable":true,"href":"https:\/\/kultur.az\/index.php?rest_route=%2Fwp%2Fv2%2Ftags&post=17976"}],"curies":[{"name":"wp","href":"https:\/\/api.w.org\/{rel}","templated":true}]}}