{"id":17984,"date":"2022-05-23T15:21:50","date_gmt":"2022-05-23T10:21:50","guid":{"rendered":"http:\/\/kultur.az\/?p=17984"},"modified":"2022-05-23T15:21:50","modified_gmt":"2022-05-23T10:21:50","slug":"cagdas-%c9%99d%c9%99biyyatimizda-dil-v%c9%99-uslub-adli-seminar-kecirilib","status":"publish","type":"post","link":"https:\/\/kultur.az\/?p=17984","title":{"rendered":"\u201c\u00c7a\u011fda\u015f \u0259d\u0259biyyat\u0131m\u0131zda dil v\u0259 \u00fcslub\u201d adl\u0131 seminar ke\u00e7irilib"},"content":{"rendered":"<p><a href=\"http:\/\/kultur.az\/wp-content\/uploads\/2022\/05\/7.jpg\"><img decoding=\"async\" loading=\"lazy\" class=\"alignleft wp-image-17990 size-medium\" src=\"http:\/\/kultur.az\/wp-content\/uploads\/2022\/05\/7-300x200.jpg\" alt=\"7\" width=\"300\" height=\"200\" \/><\/a>May\u0131n 19-u Az\u0259rbaycan N\u0259\u015friyyatlar\u0131 Assosiasiyas\u0131 \u0130ctimai Birliyi (ANA\u0130B), AMEA Nizami ad\u0131na \u018fd\u0259biyyat \u0130nstitutu v\u0259 N\u0259simi ad\u0131na Dil\u00e7ilik \u0130nstitutunun birg\u0259 t\u0259\u015fkilat\u00e7\u0131l\u0131\u011f\u0131 il\u0259 \u201c\u00c7a\u011fda\u015f \u0259d\u0259biyyat\u0131m\u0131zda dil v\u0259 \u00fcslub\u201d adl\u0131 elmi-praktik seminar ke\u00e7irilib.<\/p>\n<p>kultur.az x\u0259b\u0259r verir ki, seminar\u0131 \u018fd\u0259biyyat \u0130nstitunun direktoru, akademik \u0130sa H\u0259bibb\u0259yli a\u00e7\u0131b. Akademik \u00e7\u0131x\u0131\u015f\u0131nda \u00e7a\u011fda\u015f \u0259d\u0259biyyat\u0131n, el\u0259c\u0259 d\u0259 n\u0259\u015friyyatlar\u0131n qar\u015f\u0131la\u015fd\u0131qlar\u0131 \u0259sas probleml\u0259rd\u0259n, kitab\u00e7\u0131l\u0131qdak\u0131 \u00e7at\u0131\u015fmazl\u0131qlardan, eyni zamanda m\u00fcsb\u0259t tendensiyalardan s\u00f6z a\u00e7\u0131b.<\/p>\n<p>ANA\u0130B idar\u0259 hey\u0259tinin s\u0259dri, filologiya \u00fczr\u0259 f\u0259ls\u0259f\u0259 doktoru \u015e\u0259mil Sadiq \u00e7\u0131x\u0131\u015f\u0131nda seminarda toxunulacaq m\u00f6vzular bar\u0259d\u0259 m\u0259lumat verib, \u0259d\u0259biyyat\u015f\u00fcnasl\u0131\u011f\u0131n, dil\u00e7iliyin qar\u015f\u0131s\u0131nda dayanan vacib probleml\u0259rd\u0259n v\u0259 onlar\u0131n h\u0259lli yollar\u0131ndan dan\u0131\u015f\u0131b.<\/p>\n<p>Daha sonra \u201cAltun Kitab\u201d n\u0259\u015friyyat\u0131n\u0131n direktoru Rafiq \u0130smay\u0131lov \u201cDil qaydalar\u0131 v\u0259 yaz\u0131 praktikas\u0131: ziddiyy\u0259tli m\u0259qamlar\u201d, \u015fair, Az\u0259rbaycan D\u00f6vl\u0259t T\u0259rc\u00fcm\u0259 M\u0259rk\u0259zinin \u0259m\u0259kda\u015f\u0131 Etimad Ba\u015fke\u00e7id \u201cT\u0259rc\u00fcm\u0259nin \u0259b\u0259di dilemmas\u0131: orijinala sadiqlik, yoxsa m\u0259tnin oxunaql\u0131\u011f\u0131?\u201d, \u0259d\u0259biyyat\u015f\u00fcnas, \u201cD\u00fcnya \u0259d\u0259biyyat\u0131\u201d jurnal\u0131n\u0131n ba\u015f redaktoru Seyf\u0259ddin H\u00fcseynli \u201c\u00c7a\u011fda\u015f kitab\u00e7\u0131l\u0131qda v\u0259 \u0259d\u0259bi n\u0259\u015frl\u0259rd\u0259 redakt\u0259 m\u0259s\u0259l\u0259l\u0259ri\u201d adl\u0131 m\u0259ruz\u0259l\u0259rini t\u0259qdim edib, qoyduqlar\u0131 probleml\u0259rd\u0259n \u00e7\u0131x\u0131\u015f yollar\u0131n\u0131 g\u00f6st\u0259ribl\u0259r.<\/p>\n<p>T\u0259dbir sual-cavab v\u0259 m\u00fczakir\u0259 format\u0131nda davam edib.<\/p>\n<p><a href=\"http:\/\/kultur.az\/wp-content\/uploads\/2022\/05\/2.jpg\"><img decoding=\"async\" loading=\"lazy\" class=\"aligncenter size-medium wp-image-17985\" src=\"http:\/\/kultur.az\/wp-content\/uploads\/2022\/05\/2-300x200.jpg\" alt=\"2\" width=\"300\" height=\"200\" \/><\/a> <a href=\"http:\/\/kultur.az\/wp-content\/uploads\/2022\/05\/3.jpg\"><img decoding=\"async\" loading=\"lazy\" class=\"aligncenter size-medium wp-image-17986\" src=\"http:\/\/kultur.az\/wp-content\/uploads\/2022\/05\/3-300x200.jpg\" alt=\"3\" width=\"300\" height=\"200\" \/><\/a> <a href=\"http:\/\/kultur.az\/wp-content\/uploads\/2022\/05\/4.jpg\"><img decoding=\"async\" loading=\"lazy\" class=\"aligncenter size-medium wp-image-17987\" src=\"http:\/\/kultur.az\/wp-content\/uploads\/2022\/05\/4-300x208.jpg\" alt=\"4\" width=\"300\" height=\"208\" \/><\/a> <a href=\"http:\/\/kultur.az\/wp-content\/uploads\/2022\/05\/5.jpg\"><img decoding=\"async\" loading=\"lazy\" class=\"aligncenter size-medium wp-image-17988\" src=\"http:\/\/kultur.az\/wp-content\/uploads\/2022\/05\/5-300x200.jpg\" alt=\"5\" width=\"300\" height=\"200\" \/><\/a> <a href=\"http:\/\/kultur.az\/wp-content\/uploads\/2022\/05\/6.jpg\"><img decoding=\"async\" loading=\"lazy\" class=\"aligncenter size-medium wp-image-17989\" src=\"http:\/\/kultur.az\/wp-content\/uploads\/2022\/05\/6-300x200.jpg\" alt=\"6\" width=\"300\" height=\"200\" \/><\/a> <a href=\"http:\/\/kultur.az\/wp-content\/uploads\/2022\/05\/7.jpg\"><img decoding=\"async\" loading=\"lazy\" class=\"aligncenter size-medium wp-image-17990\" src=\"http:\/\/kultur.az\/wp-content\/uploads\/2022\/05\/7-300x200.jpg\" alt=\"7\" width=\"300\" height=\"200\" \/><\/a><\/p>\n<p class=\"bawpvc-ajax-counter\" data-id=\"17984\">Yaz\u0131ya 87 d\u0259f\u0259 bax\u0131l\u0131b<\/p>\n","protected":false},"excerpt":{"rendered":"<p>May\u0131n 19-u Az\u0259rbaycan N\u0259\u015friyyatlar\u0131 Assosiasiyas\u0131 \u0130ctimai Birliyi (ANA\u0130B), AMEA Nizami ad\u0131na \u018fd\u0259biyyat \u0130nstitutu v\u0259 N\u0259simi ad\u0131na Dil\u00e7ilik \u0130nstitutunun birg\u0259 t\u0259\u015fkilat\u00e7\u0131l\u0131\u011f\u0131 il\u0259 \u201c\u00c7a\u011fda\u015f \u0259d\u0259biyyat\u0131m\u0131zda dil v\u0259 \u00fcslub\u201d adl\u0131 elmi-praktik seminar ke\u00e7irilib. kultur.az x\u0259b\u0259r verir ki, seminar\u0131 \u018fd\u0259biyyat \u0130nstitunun direktoru, akademik \u0130sa H\u0259bibb\u0259yli a\u00e7\u0131b. Akademik \u00e7\u0131x\u0131\u015f\u0131nda \u00e7a\u011fda\u015f \u0259d\u0259biyyat\u0131n, el\u0259c\u0259 d\u0259 n\u0259\u015friyyatlar\u0131n qar\u015f\u0131la\u015fd\u0131qlar\u0131 \u0259sas probleml\u0259rd\u0259n, kitab\u00e7\u0131l\u0131qdak\u0131 \u00e7at\u0131\u015fmazl\u0131qlardan, eyni [&hellip;]<\/p>\n","protected":false},"author":1,"featured_media":0,"comment_status":"closed","ping_status":"closed","sticky":false,"template":"","format":"standard","meta":[],"categories":[3,21],"tags":[],"_links":{"self":[{"href":"https:\/\/kultur.az\/index.php?rest_route=\/wp\/v2\/posts\/17984"}],"collection":[{"href":"https:\/\/kultur.az\/index.php?rest_route=\/wp\/v2\/posts"}],"about":[{"href":"https:\/\/kultur.az\/index.php?rest_route=\/wp\/v2\/types\/post"}],"author":[{"embeddable":true,"href":"https:\/\/kultur.az\/index.php?rest_route=\/wp\/v2\/users\/1"}],"replies":[{"embeddable":true,"href":"https:\/\/kultur.az\/index.php?rest_route=%2Fwp%2Fv2%2Fcomments&post=17984"}],"version-history":[{"count":1,"href":"https:\/\/kultur.az\/index.php?rest_route=\/wp\/v2\/posts\/17984\/revisions"}],"predecessor-version":[{"id":17991,"href":"https:\/\/kultur.az\/index.php?rest_route=\/wp\/v2\/posts\/17984\/revisions\/17991"}],"wp:attachment":[{"href":"https:\/\/kultur.az\/index.php?rest_route=%2Fwp%2Fv2%2Fmedia&parent=17984"}],"wp:term":[{"taxonomy":"category","embeddable":true,"href":"https:\/\/kultur.az\/index.php?rest_route=%2Fwp%2Fv2%2Fcategories&post=17984"},{"taxonomy":"post_tag","embeddable":true,"href":"https:\/\/kultur.az\/index.php?rest_route=%2Fwp%2Fv2%2Ftags&post=17984"}],"curies":[{"name":"wp","href":"https:\/\/api.w.org\/{rel}","templated":true}]}}