{"id":18174,"date":"2022-07-16T11:09:44","date_gmt":"2022-07-16T07:09:44","guid":{"rendered":"https:\/\/kultur.az\/?p=18174"},"modified":"2022-07-16T11:09:44","modified_gmt":"2022-07-16T07:09:44","slug":"v%c9%99t%c9%99nizimizi-g%c9%99z%c9%99r%c9%99k-tanimaga-davam-edirik","status":"publish","type":"post","link":"https:\/\/kultur.az\/?p=18174","title":{"rendered":"V\u0259t\u0259nizimizi g\u0259z\u0259r\u0259k tan\u0131ma\u011fa davam edirik"},"content":{"rendered":"<div style=\"color: #2c2d2e;\"><a href=\"https:\/\/kultur.az\/wp-content\/uploads\/2022\/07\/IMG_20220715_221241.jpg\"><img decoding=\"async\" loading=\"lazy\" class=\"alignleft wp-image-18180 size-medium\" src=\"https:\/\/kultur.az\/wp-content\/uploads\/2022\/07\/IMG_20220715_221241-300x200.jpg\" alt=\"IMG_20220715_221241\" width=\"300\" height=\"200\" \/><\/a>V\u0259t\u0259nizimizi g\u0259z\u0259r\u0259k tan\u0131ma\u011fa davam edirik!<\/div>\n<div style=\"color: #2c2d2e;\">G\u0259ncl\u0259rin \u0130nki\u015faf v\u0259 Karyera M\u0259rk\u0259zinin Da\u015fk\u0259s\u0259n n\u00fcmay\u0259nd\u0259liyi &#8220;V\u0259t\u0259ni tan\u0131!&#8221; silsil\u0259 t\u0259dbirl\u0259ri \u00e7\u0259r\u00e7iv\u0259sind\u0259 Da\u015fk\u0259s\u0259n rayonunun Bayan k\u0259ndind\u0259 yerl\u0259\u015f\u0259n q\u0259dim Alban monast\u0131r\u0131 v\u0259 \u00c7i\u00e7ir\u0259v\u0259ng m\u0259b\u0259dini ziyar\u0259t edibl\u0259r.<\/div>\n<div style=\"color: #2c2d2e;\">S\u0259f\u0259r zaman\u0131 g\u0259ncl\u0259r\u0259 Alban monast\u0131r\u0131n\u0131n in\u015fa tarixi haqq\u0131nda m\u0259lumat verilib.<\/div>\n<div style=\"color: #2c2d2e;\">Qeyd ed\u0259k ki, monastr \u0259razi bax\u0131m\u0131ndan rayonda olan dig\u0259r monast\u0131rlardan b\u00f6y\u00fckl\u00fcy\u00fc il\u0259 se\u00e7ilir. Da\u015flar\u0131n \u00fcz\u0259rind\u0259 alban \u0259lifbas\u0131 il\u0259 yaz\u0131lm\u0131\u015f ki\u00e7ik kitab\u0259l\u0259rin m\u00f6vcud oldu\u011fu qeyd edilir.<\/div>\n<div style=\"color: #2c2d2e;\">\u00c7i\u00e7ir\u0259v\u0259ng m\u0259b\u0259dinin sah\u0259si is\u0259 500 kv.metrdir. M\u0259b\u0259d albanlara m\u0259xsus olub v\u0259 tikilm\u0259 tarixi VII &#8211; IX \u0259srl\u0259r\u0259 aid edilir.<\/div>\n<div style=\"color: #2c2d2e;\"><\/div>\n<div style=\"color: #2c2d2e;\"><a href=\"https:\/\/kultur.az\/wp-content\/uploads\/2022\/07\/IMG_6162.jpg\"><img decoding=\"async\" loading=\"lazy\" class=\"aligncenter size-medium wp-image-18175\" src=\"https:\/\/kultur.az\/wp-content\/uploads\/2022\/07\/IMG_6162-300x200.jpg\" alt=\"IMG_6162\" width=\"300\" height=\"200\" \/><\/a> <a href=\"https:\/\/kultur.az\/wp-content\/uploads\/2022\/07\/IMG_6174.jpg\"><img decoding=\"async\" loading=\"lazy\" class=\"aligncenter size-medium wp-image-18176\" src=\"https:\/\/kultur.az\/wp-content\/uploads\/2022\/07\/IMG_6174-300x200.jpg\" alt=\"IMG_6174\" width=\"300\" height=\"200\" \/><\/a> <a href=\"https:\/\/kultur.az\/wp-content\/uploads\/2022\/07\/IMG_6260.jpg\"><img decoding=\"async\" loading=\"lazy\" class=\"aligncenter size-medium wp-image-18177\" src=\"https:\/\/kultur.az\/wp-content\/uploads\/2022\/07\/IMG_6260-300x200.jpg\" alt=\"IMG_6260\" width=\"300\" height=\"200\" \/><\/a> <a href=\"https:\/\/kultur.az\/wp-content\/uploads\/2022\/07\/IMG_20220715_133856.jpg\"><img decoding=\"async\" loading=\"lazy\" class=\"aligncenter size-medium wp-image-18178\" src=\"https:\/\/kultur.az\/wp-content\/uploads\/2022\/07\/IMG_20220715_133856-300x200.jpg\" alt=\"IMG_20220715_133856\" width=\"300\" height=\"200\" \/><\/a> <a href=\"https:\/\/kultur.az\/wp-content\/uploads\/2022\/07\/IMG_20220715_221230.jpg\"><img decoding=\"async\" loading=\"lazy\" class=\"aligncenter size-medium wp-image-18179\" src=\"https:\/\/kultur.az\/wp-content\/uploads\/2022\/07\/IMG_20220715_221230-300x200.jpg\" alt=\"IMG_20220715_221230\" width=\"300\" height=\"200\" \/><\/a> <a href=\"https:\/\/kultur.az\/wp-content\/uploads\/2022\/07\/IMG_20220715_221241.jpg\"><img decoding=\"async\" loading=\"lazy\" class=\"aligncenter size-medium wp-image-18180\" src=\"https:\/\/kultur.az\/wp-content\/uploads\/2022\/07\/IMG_20220715_221241-300x200.jpg\" alt=\"IMG_20220715_221241\" width=\"300\" height=\"200\" \/><\/a> <a href=\"https:\/\/kultur.az\/wp-content\/uploads\/2022\/07\/IMG_20220715_221313.jpg\"><img decoding=\"async\" loading=\"lazy\" class=\"aligncenter size-medium wp-image-18181\" src=\"https:\/\/kultur.az\/wp-content\/uploads\/2022\/07\/IMG_20220715_221313-300x200.jpg\" alt=\"IMG_20220715_221313\" width=\"300\" height=\"200\" \/><\/a> <a href=\"https:\/\/kultur.az\/wp-content\/uploads\/2022\/07\/IMG_20220715_221331.jpg\"><img decoding=\"async\" loading=\"lazy\" class=\"aligncenter size-medium wp-image-18182\" src=\"https:\/\/kultur.az\/wp-content\/uploads\/2022\/07\/IMG_20220715_221331-300x200.jpg\" alt=\"IMG_20220715_221331\" width=\"300\" height=\"200\" \/><\/a><\/div>\n<p class=\"bawpvc-ajax-counter\" data-id=\"18174\">Yaz\u0131ya 14 d\u0259f\u0259 bax\u0131l\u0131b<\/p>\n","protected":false},"excerpt":{"rendered":"<p>V\u0259t\u0259nizimizi g\u0259z\u0259r\u0259k tan\u0131ma\u011fa davam edirik! G\u0259ncl\u0259rin \u0130nki\u015faf v\u0259 Karyera M\u0259rk\u0259zinin Da\u015fk\u0259s\u0259n n\u00fcmay\u0259nd\u0259liyi &#8220;V\u0259t\u0259ni tan\u0131!&#8221; silsil\u0259 t\u0259dbirl\u0259ri \u00e7\u0259r\u00e7iv\u0259sind\u0259 Da\u015fk\u0259s\u0259n rayonunun Bayan k\u0259ndind\u0259 yerl\u0259\u015f\u0259n q\u0259dim Alban monast\u0131r\u0131 v\u0259 \u00c7i\u00e7ir\u0259v\u0259ng m\u0259b\u0259dini ziyar\u0259t edibl\u0259r. S\u0259f\u0259r zaman\u0131 g\u0259ncl\u0259r\u0259 Alban monast\u0131r\u0131n\u0131n in\u015fa tarixi haqq\u0131nda m\u0259lumat verilib. Qeyd ed\u0259k ki, monastr \u0259razi bax\u0131m\u0131ndan rayonda olan dig\u0259r monast\u0131rlardan b\u00f6y\u00fckl\u00fcy\u00fc il\u0259 se\u00e7ilir. Da\u015flar\u0131n \u00fcz\u0259rind\u0259 [&hellip;]<\/p>\n","protected":false},"author":1,"featured_media":0,"comment_status":"closed","ping_status":"closed","sticky":false,"template":"","format":"standard","meta":[],"categories":[4],"tags":[],"_links":{"self":[{"href":"https:\/\/kultur.az\/index.php?rest_route=\/wp\/v2\/posts\/18174"}],"collection":[{"href":"https:\/\/kultur.az\/index.php?rest_route=\/wp\/v2\/posts"}],"about":[{"href":"https:\/\/kultur.az\/index.php?rest_route=\/wp\/v2\/types\/post"}],"author":[{"embeddable":true,"href":"https:\/\/kultur.az\/index.php?rest_route=\/wp\/v2\/users\/1"}],"replies":[{"embeddable":true,"href":"https:\/\/kultur.az\/index.php?rest_route=%2Fwp%2Fv2%2Fcomments&post=18174"}],"version-history":[{"count":1,"href":"https:\/\/kultur.az\/index.php?rest_route=\/wp\/v2\/posts\/18174\/revisions"}],"predecessor-version":[{"id":18183,"href":"https:\/\/kultur.az\/index.php?rest_route=\/wp\/v2\/posts\/18174\/revisions\/18183"}],"wp:attachment":[{"href":"https:\/\/kultur.az\/index.php?rest_route=%2Fwp%2Fv2%2Fmedia&parent=18174"}],"wp:term":[{"taxonomy":"category","embeddable":true,"href":"https:\/\/kultur.az\/index.php?rest_route=%2Fwp%2Fv2%2Fcategories&post=18174"},{"taxonomy":"post_tag","embeddable":true,"href":"https:\/\/kultur.az\/index.php?rest_route=%2Fwp%2Fv2%2Ftags&post=18174"}],"curies":[{"name":"wp","href":"https:\/\/api.w.org\/{rel}","templated":true}]}}