{"id":18227,"date":"2022-07-26T13:18:35","date_gmt":"2022-07-26T09:18:35","guid":{"rendered":"https:\/\/kultur.az\/?p=18227"},"modified":"2022-07-26T13:19:50","modified_gmt":"2022-07-26T09:19:50","slug":"agstafa-rayon-g%c9%99ncl%c9%99r-v%c9%99-idman-idar%c9%99sinin-birg%c9%99-t%c9%99skilatciligi-il%c9%99-sahmat-turniri-t%c9%99skil-olunub","status":"publish","type":"post","link":"https:\/\/kultur.az\/?p=18227","title":{"rendered":"A\u011fstafa Rayon G\u0259ncl\u0259r v\u0259 \u0130dman \u0130dar\u0259sinin birg\u0259 t\u0259\u015fkilat\u00e7\u0131l\u0131\u011f\u0131 il\u0259 \u015fahmat turniri t\u0259\u015fkil olunub"},"content":{"rendered":"<div style=\"color: #2c2d2e;\">\n<div><span style=\"color: #444444;\"><a href=\"https:\/\/kultur.az\/wp-content\/uploads\/2022\/07\/IMG_0206.jpg\"><img decoding=\"async\" loading=\"lazy\" class=\"alignleft wp-image-18231 size-medium\" src=\"https:\/\/kultur.az\/wp-content\/uploads\/2022\/07\/IMG_0206-300x200.jpg\" alt=\"IMG_0206\" width=\"300\" height=\"200\" \/><\/a>A\u011fstafada G\u0259ncl\u0259rin \u0130nki\u015faf v\u0259 Karyera M\u0259rk\u0259zinin A\u011fstafa n\u00fcmay\u0259nd\u0259liyi v\u0259 A\u011fstafa Rayon G\u0259ncl\u0259r v\u0259 \u0130dman \u0130dar\u0259sinin birg\u0259 t\u0259\u015fkilat\u00e7\u0131l\u0131\u011f\u0131 il\u0259 \u015fahmat turniri t\u0259\u015fkil olunub.<\/span><\/div>\n<div><\/div>\n<div><span style=\"color: #444444;\">A\u011fstafa \u015eahmat M\u0259kt\u0259bind\u0259 realla\u015fan turnirin ilk g\u00fcn\u00fcnd\u0259 \u00fc\u00e7 turun g\u00f6r\u00fc\u015fl\u0259ri ba\u015f tutub. N\u00f6vb\u0259ti g\u00fcn is\u0259 yar\u0131\u015f\u0131n qalibl\u0259ri m\u00fc\u0259yy\u0259nl\u0259\u015fdiril\u0259r\u0259k, f\u0259rql\u0259n\u0259n \u015fahmat\u00e7\u0131lar diplom v\u0259 h\u0259diyy\u0259l\u0259rl\u0259 t\u0259ltif olunub<\/span><\/div>\n<\/div>\n<div style=\"color: #2c2d2e;\"><\/div>\n<div style=\"color: #2c2d2e;\"><a href=\"https:\/\/kultur.az\/wp-content\/uploads\/2022\/07\/15.jpg\"><img decoding=\"async\" loading=\"lazy\" class=\"aligncenter size-medium wp-image-18228\" src=\"https:\/\/kultur.az\/wp-content\/uploads\/2022\/07\/15-300x200.jpg\" alt=\"1\" width=\"300\" height=\"200\" \/><\/a> <a href=\"https:\/\/kultur.az\/wp-content\/uploads\/2022\/07\/294925043_354725893492849_4402598722683170207_n.jpg\"><img decoding=\"async\" loading=\"lazy\" class=\"aligncenter size-medium wp-image-18229\" src=\"https:\/\/kultur.az\/wp-content\/uploads\/2022\/07\/294925043_354725893492849_4402598722683170207_n-300x135.jpg\" alt=\"294925043_354725893492849_4402598722683170207_n\" width=\"300\" height=\"135\" \/><\/a> <a href=\"https:\/\/kultur.az\/wp-content\/uploads\/2022\/07\/IMG_0193.jpg\"><img decoding=\"async\" loading=\"lazy\" class=\"aligncenter size-medium wp-image-18230\" src=\"https:\/\/kultur.az\/wp-content\/uploads\/2022\/07\/IMG_0193-300x200.jpg\" alt=\"IMG_0193\" width=\"300\" height=\"200\" \/><\/a> <a href=\"https:\/\/kultur.az\/wp-content\/uploads\/2022\/07\/IMG_0206.jpg\"><img decoding=\"async\" loading=\"lazy\" class=\"aligncenter size-medium wp-image-18231\" src=\"https:\/\/kultur.az\/wp-content\/uploads\/2022\/07\/IMG_0206-300x200.jpg\" alt=\"IMG_0206\" width=\"300\" height=\"200\" \/><\/a><\/div>\n<div style=\"color: #000000;\"><\/div>\n<div style=\"color: #000000;\"><strong>Lal\u0259 Qarayeva,<\/strong><\/div>\n<div style=\"color: #222222;\"><\/div>\n<div style=\"color: #000000;\">A\u011fstafa n\u00fcmay\u0259nd\u0259liyinin ictimaiyy\u0259tl\u0259 \u0259laq\u0259l\u0259r \u00fczr\u0259 m\u00fct\u0259x\u0259ssisi<\/div>\n<div style=\"color: #000000;\"><\/div>\n<p class=\"bawpvc-ajax-counter\" data-id=\"18227\">Yaz\u0131ya 18 d\u0259f\u0259 bax\u0131l\u0131b<\/p>\n","protected":false},"excerpt":{"rendered":"<p>A\u011fstafada G\u0259ncl\u0259rin \u0130nki\u015faf v\u0259 Karyera M\u0259rk\u0259zinin A\u011fstafa n\u00fcmay\u0259nd\u0259liyi v\u0259 A\u011fstafa Rayon G\u0259ncl\u0259r v\u0259 \u0130dman \u0130dar\u0259sinin birg\u0259 t\u0259\u015fkilat\u00e7\u0131l\u0131\u011f\u0131 il\u0259 \u015fahmat turniri t\u0259\u015fkil olunub. A\u011fstafa \u015eahmat M\u0259kt\u0259bind\u0259 realla\u015fan turnirin ilk g\u00fcn\u00fcnd\u0259 \u00fc\u00e7 turun g\u00f6r\u00fc\u015fl\u0259ri ba\u015f tutub. N\u00f6vb\u0259ti g\u00fcn is\u0259 yar\u0131\u015f\u0131n qalibl\u0259ri m\u00fc\u0259yy\u0259nl\u0259\u015fdiril\u0259r\u0259k, f\u0259rql\u0259n\u0259n \u015fahmat\u00e7\u0131lar diplom v\u0259 h\u0259diyy\u0259l\u0259rl\u0259 t\u0259ltif olunub Lal\u0259 Qarayeva, A\u011fstafa n\u00fcmay\u0259nd\u0259liyinin ictimaiyy\u0259tl\u0259 \u0259laq\u0259l\u0259r \u00fczr\u0259 m\u00fct\u0259x\u0259ssisi [&hellip;]<\/p>\n","protected":false},"author":1,"featured_media":0,"comment_status":"closed","ping_status":"closed","sticky":false,"template":"","format":"standard","meta":[],"categories":[4],"tags":[],"_links":{"self":[{"href":"https:\/\/kultur.az\/index.php?rest_route=\/wp\/v2\/posts\/18227"}],"collection":[{"href":"https:\/\/kultur.az\/index.php?rest_route=\/wp\/v2\/posts"}],"about":[{"href":"https:\/\/kultur.az\/index.php?rest_route=\/wp\/v2\/types\/post"}],"author":[{"embeddable":true,"href":"https:\/\/kultur.az\/index.php?rest_route=\/wp\/v2\/users\/1"}],"replies":[{"embeddable":true,"href":"https:\/\/kultur.az\/index.php?rest_route=%2Fwp%2Fv2%2Fcomments&post=18227"}],"version-history":[{"count":2,"href":"https:\/\/kultur.az\/index.php?rest_route=\/wp\/v2\/posts\/18227\/revisions"}],"predecessor-version":[{"id":18233,"href":"https:\/\/kultur.az\/index.php?rest_route=\/wp\/v2\/posts\/18227\/revisions\/18233"}],"wp:attachment":[{"href":"https:\/\/kultur.az\/index.php?rest_route=%2Fwp%2Fv2%2Fmedia&parent=18227"}],"wp:term":[{"taxonomy":"category","embeddable":true,"href":"https:\/\/kultur.az\/index.php?rest_route=%2Fwp%2Fv2%2Fcategories&post=18227"},{"taxonomy":"post_tag","embeddable":true,"href":"https:\/\/kultur.az\/index.php?rest_route=%2Fwp%2Fv2%2Ftags&post=18227"}],"curies":[{"name":"wp","href":"https:\/\/api.w.org\/{rel}","templated":true}]}}