{"id":18246,"date":"2022-07-29T15:48:10","date_gmt":"2022-07-29T11:48:10","guid":{"rendered":"https:\/\/kultur.az\/?p=18246"},"modified":"2022-07-29T15:53:01","modified_gmt":"2022-07-29T11:53:01","slug":"g%c9%99ncl%c9%99rin-inkisaf-v%c9%99-karyera-m%c9%99rk%c9%99zinin-agcab%c9%99di-numay%c9%99nd%c9%99liyi-agcab%c9%99did%c9%99-yasayan-istedadli-g%c9%99ncl%c9%99r-ucun-istedadli-g%c9%99nclik","status":"publish","type":"post","link":"https:\/\/kultur.az\/?p=18246","title":{"rendered":"G\u0259ncl\u0259rin \u0130nki\u015faf v\u0259 Karyera M\u0259rk\u0259zinin A\u011fcab\u0259di n\u00fcmay\u0259nd\u0259liyi A\u011fcab\u0259did\u0259 ya\u015fayan istedadl\u0131 g\u0259ncl\u0259r \u00fc\u00e7\u00fcn \u201c\u0130stedadl\u0131 g\u0259nclik\u201d rubrikas\u0131na start verdi"},"content":{"rendered":"<p><a href=\"https:\/\/kultur.az\/wp-content\/uploads\/2022\/07\/123.jpg\"><img decoding=\"async\" loading=\"lazy\" class=\"alignleft wp-image-18249 size-medium\" src=\"https:\/\/kultur.az\/wp-content\/uploads\/2022\/07\/123-225x300.jpg\" alt=\"123\" width=\"225\" height=\"300\" \/><\/a>Rubrikan\u0131n bu ay ki, qonaqlar\u0131 Mirh\u0259s\u0259n H\u0259s\u0259nov v\u0259 Xumar M\u0259mm\u0259dova olublar.<\/p>\n<p>Mirh\u0259s\u0259n H\u0259s\u0259nov Az\u0259rbaycan D\u00f6vl\u0259t Milli Musiqi Konservatoriya n\u0259zdind\u0259 As\u0259f Zeynall\u0131 ad\u0131n musiqi kollecinin 3-c\u00fc kurs t\u0259l\u0259b\u0259sidir. O, vokal s\u0259n\u0259ti ixtisas\u0131nda t\u0259hsil al\u0131r. Bundan \u0259lav\u0259 Mirh\u0259s\u0259n A\u011fdamda h\u0259yata ke\u00e7iril\u0259n \u201cRegionlararas\u0131 m\u00fcsabiq\u0259\u201d d\u0259 v\u0259 2022-ci il tarixind\u0259 \u201cS\u0259nin ulduzun 9\u201d televiziya yar\u0131\u015fmalar\u0131n\u0131n qalibi olmu\u015f, As\u0259f Zeynall\u0131 ad\u0131na Musiqi Kollecind\u0259 m\u00fcxt\u0259lif yar\u0131\u015f v\u0259 m\u00fcsabiq\u0259l\u0259rd\u0259 t\u0259rifnam\u0259l\u0259r, diplomlar, f\u0259xri f\u0259rmanlar v\u0259 kuboklar il\u0259 t\u0259ltif olunmu\u015fdur.<\/p>\n<p>Xumar M\u0259mm\u0259dova A\u011fcab\u0259di \u015f\u0259h\u0259r 1 sayl\u0131 tam orta m\u0259kt\u0259binin 11-ci sinif m\u0259zunudur. D\u00f6vl\u0259t \u0130mtahan M\u0259rk\u0259zinin ali v\u0259 orta ixtisas t\u0259hsil m\u00fc\u0259ssis\u0259l\u0259rin\u0259 t\u0259l\u0259b\u0259 q\u0259bulu imtahanlar\u0131nda rayon \u00fczr\u0259 \u0259n y\u00fcks\u0259k bal y\u0131\u011fan g\u0259ncl\u0259r siyahas\u0131ndad\u0131r. O, u\u015faq ya\u015flar\u0131ndan r\u0259sm il\u0259 m\u0259\u015f\u011ful olmu\u015f, m\u00fcxt\u0259lif kurs v\u0259 d\u0259rn\u0259kl\u0259rd\u0259 t\u0259hsil alm\u0131\u015fd\u0131r. Xumar r\u0259sm\u0259 olan mara\u011f\u0131n\u0131 h\u0259v\u0259skar olaraq davam etdirm\u0259k ist\u0259diyini v\u0259 m\u0259qs\u0259dinin \u0130nformasiya Texnologiyalar\u0131 m\u00fch\u0259ndisi olmaq oldu\u011funu qeyd etmi\u015fdir.<\/p>\n<p>G\u00f6r\u00fc\u015f\u00fcm\u00fcz\u00fcn qona\u011flar\u0131 Mirh\u0259s\u0259n H\u0259s\u0259nov \u201c\u0130stedadl\u0131 g\u0259nclik\u201d rubrikas\u0131 \u00e7\u0259r\u00e7iv\u0259sind\u0259 \u015e\u00f6vk\u0259t \u018fl\u0259kb\u0259rovan\u0131n \u201cS\u00f6z olmasayd\u0131\u201d \u0259s\u0259rini ifa edib.Xumar M\u0259mm\u0259dova is\u0259 \u201cK\u0259p\u0259n\u0259k\u201d r\u0259smini \u00e7\u0259kmi\u015fdir. G\u0259nc h\u0259min r\u0259smi G\u0259ncl\u0259rin \u0130nki\u015faf v\u0259 Karyera M\u0259rk\u0259zinin A\u011fcab\u0259di n\u00fcmay\u0259nd\u0259liyin\u0259 xatir\u0259 olaraq ba\u011f\u0131\u015flam\u0131\u015fd\u0131r.<\/p>\n<p>\u201c\u0130stedadl\u0131 g\u0259nclik\u201d rubrikas\u0131 \u00e7\u0259r\u00e7iv\u0259sind\u0259 h\u0259yata ke\u00e7iril\u0259n f\u0259aliyy\u0259td\u0259n video\u00e7arxlar\u0131 A\u011fcab\u0259di g\u0259ncl\u0259rinin sosial media hesablar\u0131ndan izl\u0259y\u0259 bil\u0259rsiniz.<\/p>\n<p>\u0130nstagram: agcabedi.gencleri<\/p>\n<p>Facebook: A\u011fcab\u0259di g\u0259ncl\u0259ri<\/p>\n<p><a href=\"https:\/\/kultur.az\/wp-content\/uploads\/2022\/07\/IMG_69531.jpg\"><img decoding=\"async\" loading=\"lazy\" class=\"aligncenter size-medium wp-image-18248\" src=\"https:\/\/kultur.az\/wp-content\/uploads\/2022\/07\/IMG_69531-300x169.jpg\" alt=\"IMG_6953\" width=\"300\" height=\"169\" \/><\/a><\/p>\n<p>&nbsp;<\/p>\n<p>&nbsp;<\/p>\n<p class=\"bawpvc-ajax-counter\" data-id=\"18246\">Yaz\u0131ya 14 d\u0259f\u0259 bax\u0131l\u0131b<\/p>\n","protected":false},"excerpt":{"rendered":"<p>Rubrikan\u0131n bu ay ki, qonaqlar\u0131 Mirh\u0259s\u0259n H\u0259s\u0259nov v\u0259 Xumar M\u0259mm\u0259dova olublar. Mirh\u0259s\u0259n H\u0259s\u0259nov Az\u0259rbaycan D\u00f6vl\u0259t Milli Musiqi Konservatoriya n\u0259zdind\u0259 As\u0259f Zeynall\u0131 ad\u0131n musiqi kollecinin 3-c\u00fc kurs t\u0259l\u0259b\u0259sidir. O, vokal s\u0259n\u0259ti ixtisas\u0131nda t\u0259hsil al\u0131r. Bundan \u0259lav\u0259 Mirh\u0259s\u0259n A\u011fdamda h\u0259yata ke\u00e7iril\u0259n \u201cRegionlararas\u0131 m\u00fcsabiq\u0259\u201d d\u0259 v\u0259 2022-ci il tarixind\u0259 \u201cS\u0259nin ulduzun 9\u201d televiziya yar\u0131\u015fmalar\u0131n\u0131n qalibi olmu\u015f, As\u0259f Zeynall\u0131 [&hellip;]<\/p>\n","protected":false},"author":1,"featured_media":0,"comment_status":"closed","ping_status":"closed","sticky":false,"template":"","format":"standard","meta":[],"categories":[4],"tags":[],"_links":{"self":[{"href":"https:\/\/kultur.az\/index.php?rest_route=\/wp\/v2\/posts\/18246"}],"collection":[{"href":"https:\/\/kultur.az\/index.php?rest_route=\/wp\/v2\/posts"}],"about":[{"href":"https:\/\/kultur.az\/index.php?rest_route=\/wp\/v2\/types\/post"}],"author":[{"embeddable":true,"href":"https:\/\/kultur.az\/index.php?rest_route=\/wp\/v2\/users\/1"}],"replies":[{"embeddable":true,"href":"https:\/\/kultur.az\/index.php?rest_route=%2Fwp%2Fv2%2Fcomments&post=18246"}],"version-history":[{"count":3,"href":"https:\/\/kultur.az\/index.php?rest_route=\/wp\/v2\/posts\/18246\/revisions"}],"predecessor-version":[{"id":18252,"href":"https:\/\/kultur.az\/index.php?rest_route=\/wp\/v2\/posts\/18246\/revisions\/18252"}],"wp:attachment":[{"href":"https:\/\/kultur.az\/index.php?rest_route=%2Fwp%2Fv2%2Fmedia&parent=18246"}],"wp:term":[{"taxonomy":"category","embeddable":true,"href":"https:\/\/kultur.az\/index.php?rest_route=%2Fwp%2Fv2%2Fcategories&post=18246"},{"taxonomy":"post_tag","embeddable":true,"href":"https:\/\/kultur.az\/index.php?rest_route=%2Fwp%2Fv2%2Ftags&post=18246"}],"curies":[{"name":"wp","href":"https:\/\/api.w.org\/{rel}","templated":true}]}}