{"id":18275,"date":"2022-08-02T11:55:08","date_gmt":"2022-08-02T07:55:08","guid":{"rendered":"https:\/\/kultur.az\/?p=18275"},"modified":"2022-08-02T12:25:25","modified_gmt":"2022-08-02T08:25:25","slug":"az%c9%99rbaycan-v%c9%99t%c9%99n-muharib%c9%99si-s%c9%99hidi-taleh-namazovun-dogum-gunu-qeyd-olunub","status":"publish","type":"post","link":"https:\/\/kultur.az\/?p=18275","title":{"rendered":"Az\u0259rbaycan V\u0259t\u0259n m\u00fcharib\u0259si \u015f\u0259hidi Taleh Namazovun do\u011fum g\u00fcn\u00fc qeyd olunub"},"content":{"rendered":"<p><span style=\"color: #2c2d2e;\"><a href=\"https:\/\/kultur.az\/wp-content\/uploads\/2022\/08\/FB_IMG_1659248861488.jpg\"><img decoding=\"async\" loading=\"lazy\" class=\"alignleft wp-image-18276 size-full\" src=\"https:\/\/kultur.az\/wp-content\/uploads\/2022\/08\/FB_IMG_1659248861488.jpg\" alt=\"FB_IMG_1659248861488\" width=\"240\" height=\"160\" \/><\/a>\u0130kinci Qaraba\u011f m\u00fcharib\u0259si \u015f\u0259hidi Taleh Namazovun do\u011fum g\u00fcn\u00fc qeyd olunub<\/span><\/p>\n<div style=\"color: #2c2d2e;\">\u0130lk \u00f6nc\u0259 A\u011fstafa \u015f\u0259h\u0259rind\u0259 \u015f\u0259hidimizin xatir\u0259sin\u0259 ucald\u0131lm\u0131\u015f abid\u0259nin a\u00e7\u0131l\u0131\u015f m\u0259rasimi ke\u00e7irilib.<\/div>\n<div style=\"color: #2c2d2e;\"><\/div>\n<div style=\"color: #2c2d2e;\">Daha sonra \u015f\u0259hidin D\u00fczq\u0131\u015flaq k\u0259nd q\u0259birstanl\u0131\u011f\u0131nda m\u0259zar\u0131 ziyar\u0259t olunub, m\u0259zar\u0131 \u00f6n\u00fcn\u0259 g\u00fcl d\u0259st\u0259l\u0259ri d\u00fcz\u00fcl\u00fcb.<\/div>\n<div style=\"color: #2c2d2e;\"><\/div>\n<div style=\"color: #2c2d2e;\">T\u0259dbird\u0259 \u015f\u0259hid ail\u0259l\u0259ri, G\u0259ncl\u0259rin \u0130nki\u015faf v\u0259 Karyera M\u0259rk\u0259zinin A\u011fstafa n\u00fcmay\u0259nd\u0259liyinin \u0259m\u0259kda\u015flar\u0131, A\u011fstafa rayon ictimaiyy\u0259tinin n\u00fcmay\u0259nd\u0259l\u0259ri v\u0259 A\u011fstafa g\u0259ncl\u0259ri i\u015ftirak edibl\u0259r.<\/div>\n<div style=\"color: #2c2d2e;\"><\/div>\n<div style=\"color: #2c2d2e;\">Allahdan \u015f\u0259hidl\u0259rimiz\u0259 r\u0259hm\u0259t, do\u011fmalar\u0131na s\u0259bir dil\u0259yirik. <a href=\"https:\/\/kultur.az\/wp-content\/uploads\/2022\/08\/IMG_0469.jpg\"><img decoding=\"async\" loading=\"lazy\" class=\"aligncenter size-medium wp-image-18277\" src=\"https:\/\/kultur.az\/wp-content\/uploads\/2022\/08\/IMG_0469-300x200.jpg\" alt=\"IMG_0469\" width=\"300\" height=\"200\" \/><\/a> <a href=\"https:\/\/kultur.az\/wp-content\/uploads\/2022\/08\/IMG_20220729_195244_248.png\"><img decoding=\"async\" loading=\"lazy\" class=\"aligncenter size-medium wp-image-18278\" src=\"https:\/\/kultur.az\/wp-content\/uploads\/2022\/08\/IMG_20220729_195244_248.png\" alt=\"IMG_20220729_195244_248\" width=\"270\" height=\"180\" \/><\/a> <a href=\"https:\/\/kultur.az\/wp-content\/uploads\/2022\/08\/IMG-20220729-WA0016.jpg\"><img decoding=\"async\" loading=\"lazy\" class=\"aligncenter size-medium wp-image-18279\" src=\"https:\/\/kultur.az\/wp-content\/uploads\/2022\/08\/IMG-20220729-WA0016-300x200.jpg\" alt=\"IMG-20220729-WA0016\" width=\"300\" height=\"200\" \/><\/a> <a href=\"https:\/\/kultur.az\/wp-content\/uploads\/2022\/08\/IMG-20220729-WA0017.jpg\"><img decoding=\"async\" loading=\"lazy\" class=\"aligncenter size-medium wp-image-18280\" src=\"https:\/\/kultur.az\/wp-content\/uploads\/2022\/08\/IMG-20220729-WA0017-300x200.jpg\" alt=\"IMG-20220729-WA0017\" width=\"300\" height=\"200\" \/><\/a> <a href=\"https:\/\/kultur.az\/wp-content\/uploads\/2022\/08\/IMG-20220729-WA0024.jpg\"><img decoding=\"async\" loading=\"lazy\" class=\"aligncenter size-medium wp-image-18281\" src=\"https:\/\/kultur.az\/wp-content\/uploads\/2022\/08\/IMG-20220729-WA0024-300x200.jpg\" alt=\"IMG-20220729-WA0024\" width=\"300\" height=\"200\" \/><\/a>Lal\u0259 Qarayeva<\/p>\n<p>A\u011fstafa n\u00fcmay\u0259nd\u0259liyinin ictimaiyy\u0259tl\u0259 \u0259laq\u0259l\u0259r \u00fczr\u0259 m\u00fct\u0259x\u0259ssisi<\/p>\n<\/div>\n<p class=\"bawpvc-ajax-counter\" data-id=\"18275\">Yaz\u0131ya 13 d\u0259f\u0259 bax\u0131l\u0131b<\/p>\n","protected":false},"excerpt":{"rendered":"<p>\u0130kinci Qaraba\u011f m\u00fcharib\u0259si \u015f\u0259hidi Taleh Namazovun do\u011fum g\u00fcn\u00fc qeyd olunub \u0130lk \u00f6nc\u0259 A\u011fstafa \u015f\u0259h\u0259rind\u0259 \u015f\u0259hidimizin xatir\u0259sin\u0259 ucald\u0131lm\u0131\u015f abid\u0259nin a\u00e7\u0131l\u0131\u015f m\u0259rasimi ke\u00e7irilib. Daha sonra \u015f\u0259hidin D\u00fczq\u0131\u015flaq k\u0259nd q\u0259birstanl\u0131\u011f\u0131nda m\u0259zar\u0131 ziyar\u0259t olunub, m\u0259zar\u0131 \u00f6n\u00fcn\u0259 g\u00fcl d\u0259st\u0259l\u0259ri d\u00fcz\u00fcl\u00fcb. T\u0259dbird\u0259 \u015f\u0259hid ail\u0259l\u0259ri, G\u0259ncl\u0259rin \u0130nki\u015faf v\u0259 Karyera M\u0259rk\u0259zinin A\u011fstafa n\u00fcmay\u0259nd\u0259liyinin \u0259m\u0259kda\u015flar\u0131, A\u011fstafa rayon ictimaiyy\u0259tinin n\u00fcmay\u0259nd\u0259l\u0259ri v\u0259 A\u011fstafa g\u0259ncl\u0259ri i\u015ftirak edibl\u0259r. [&hellip;]<\/p>\n","protected":false},"author":1,"featured_media":0,"comment_status":"closed","ping_status":"closed","sticky":false,"template":"","format":"standard","meta":[],"categories":[1,4,30],"tags":[],"_links":{"self":[{"href":"https:\/\/kultur.az\/index.php?rest_route=\/wp\/v2\/posts\/18275"}],"collection":[{"href":"https:\/\/kultur.az\/index.php?rest_route=\/wp\/v2\/posts"}],"about":[{"href":"https:\/\/kultur.az\/index.php?rest_route=\/wp\/v2\/types\/post"}],"author":[{"embeddable":true,"href":"https:\/\/kultur.az\/index.php?rest_route=\/wp\/v2\/users\/1"}],"replies":[{"embeddable":true,"href":"https:\/\/kultur.az\/index.php?rest_route=%2Fwp%2Fv2%2Fcomments&post=18275"}],"version-history":[{"count":2,"href":"https:\/\/kultur.az\/index.php?rest_route=\/wp\/v2\/posts\/18275\/revisions"}],"predecessor-version":[{"id":18293,"href":"https:\/\/kultur.az\/index.php?rest_route=\/wp\/v2\/posts\/18275\/revisions\/18293"}],"wp:attachment":[{"href":"https:\/\/kultur.az\/index.php?rest_route=%2Fwp%2Fv2%2Fmedia&parent=18275"}],"wp:term":[{"taxonomy":"category","embeddable":true,"href":"https:\/\/kultur.az\/index.php?rest_route=%2Fwp%2Fv2%2Fcategories&post=18275"},{"taxonomy":"post_tag","embeddable":true,"href":"https:\/\/kultur.az\/index.php?rest_route=%2Fwp%2Fv2%2Ftags&post=18275"}],"curies":[{"name":"wp","href":"https:\/\/api.w.org\/{rel}","templated":true}]}}