{"id":18352,"date":"2022-09-27T20:35:10","date_gmt":"2022-09-27T15:35:10","guid":{"rendered":"https:\/\/kultur.az\/?p=18352"},"modified":"2022-09-27T20:35:11","modified_gmt":"2022-09-27T15:35:11","slug":"s%c9%99hidl%c9%99rimizin-%c9%99ziz-xatir%c9%99si-anilib-x%c9%99z%c9%99r-d%c9%99nizind%c9%99","status":"publish","type":"post","link":"https:\/\/kultur.az\/?p=18352","title":{"rendered":"\u015e\u0259hidl\u0259rimizin \u0259ziz xatir\u0259si an\u0131l\u0131b \u2013 X\u018fZ\u018fR D\u018fN\u0130Z\u0130ND\u018f"},"content":{"rendered":"<h2><a href=\"https:\/\/kultur.az\/wp-content\/uploads\/2022\/09\/g\u0259mi-esas-716x331.jpg\"><img decoding=\"async\" loading=\"lazy\" class=\"aligncenter size-medium wp-image-18353\" alt=\"g\u0259mi-esas-716x331\" src=\"https:\/\/kultur.az\/wp-content\/uploads\/2022\/09\/g\u0259mi-esas-716x331-300x138.jpg\" width=\"300\" height=\"138\" \/><\/a>Sentyabr\u0131n 27-si Az\u0259rbaycanda V\u0259t\u0259n m\u00fcharib\u0259si \u015f\u0259hidl\u0259rinin An\u0131m G\u00fcn\u00fcd\u00fcr.<\/h2>\n<p><em>Bu m\u00fcnasib\u0259tl\u0259 saat 12:00-da \u201cAz\u0259rbaycan X\u0259z\u0259r D\u0259niz G\u0259mi\u00e7iliyi\u201d QSC-nin (ASCO) b\u00fct\u00fcn idar\u0259 v\u0259 strukturlar\u0131nda v\u0259 g\u0259mil\u0259rind\u0259 oldu\u011fu kimi,\u00a0 XDND idar\u0259sinin \u201c\u015eamax\u0131\u201d g\u0259misind\u0259 d\u0259\u00a0 \u00a0\u015f\u0259hidl\u0259rin \u0259ziz xatir\u0259si bir d\u0259qiq\u0259lik s\u00fckutla yad edilib. G\u0259mi 1 d\u0259qiq\u0259lik fasil\u0259siz fit verib, \u00a0heyy\u0259t\u00a0 \u00fczvl\u0259ri say\u011f\u0131 duru\u015fu il\u0259 \u00a0V\u0259t\u0259n m\u00fcharib\u0259si \u015f\u0259hidl\u0259rinin \u0259ziz xatir\u0259sini an\u0131blar.\u00a0<\/em><\/p>\n<p><img decoding=\"async\" loading=\"lazy\" alt=\"\" src=\"https:\/\/www.mustaqil.az\/wp-content\/uploads\/2022\/09\/g%C9%99mi-2-600x277.jpg\" srcset=\"https:\/\/www.mustaqil.az\/wp-content\/uploads\/2022\/09\/g\u0259mi-2-600x277.jpg 600w, https:\/\/www.mustaqil.az\/wp-content\/uploads\/2022\/09\/g\u0259mi-2-1024x473.jpg 1024w, https:\/\/www.mustaqil.az\/wp-content\/uploads\/2022\/09\/g\u0259mi-2-768x355.jpg 768w, https:\/\/www.mustaqil.az\/wp-content\/uploads\/2022\/09\/g\u0259mi-2-1064x492.jpg 1064w, https:\/\/www.mustaqil.az\/wp-content\/uploads\/2022\/09\/g\u0259mi-2-716x331.jpg 716w, https:\/\/www.mustaqil.az\/wp-content\/uploads\/2022\/09\/g\u0259mi-2-480x222.jpg 480w, https:\/\/www.mustaqil.az\/wp-content\/uploads\/2022\/09\/g\u0259mi-2.jpg 1156w\" width=\"600\" height=\"277\" \/><\/p>\n<p>G\u0259minin kapitan\u0131, \u201cDSD\u201d \u0130B-nin s\u0259dri, \u015fair Faiq Balab\u0259yli \u00e7\u0131x\u0131\u015f ed\u0259r\u0259k V\u0259t\u0259n m\u00fcharib\u0259sind\u0259 \u015f\u0259hid ail\u0259l\u0259rinin v\u0259 qazil\u0259rin h\u0259mi\u015f\u0259 diqq\u0259t m\u0259rk\u0259zind\u0259 olmas\u0131ndan b\u0259hs edib. \u00c7oxlu sayda d\u0259niz\u00e7i v\u0259 d\u0259niz\u00e7i ail\u0259sind\u0259n olan g\u0259ncl\u0259rimizin torpaqlar\u0131m\u0131z\u0131n azadl\u0131\u011f\u0131 u\u011frunda vuru\u015fmas\u0131ndan v\u0259 g\u00f6st\u0259rdikl\u0259ri misilsiz q\u0259hr\u0259manl\u0131qdan s\u00f6z a\u00e7\u0131b. AXDG QSC-nin r\u0259hb\u0259rliyinin V\u0259t\u0259n m\u00fcharib\u0259si zaman\u0131 v\u0259 m\u00fcharib\u0259d\u0259n sonrak\u0131 d\u00f6vrd\u0259 d\u0259 \u015f\u0259hid olan d\u0259ni\u00e7il\u0259rimizin ail\u0259l\u0259rinin, qazi d\u0259niz\u00e7i d\u00f6y\u00fc\u015f\u00e7\u00fcl\u0259rimizin daima diqq\u0259td\u0259 saxlamas\u0131n\u0131 x\u00fcsusi olaraq qeyd edib.<\/p>\n<p><img decoding=\"async\" loading=\"lazy\" alt=\"\" src=\"https:\/\/www.mustaqil.az\/wp-content\/uploads\/2022\/09\/gemi-3-600x277.jpg\" srcset=\"https:\/\/www.mustaqil.az\/wp-content\/uploads\/2022\/09\/gemi-3-600x277.jpg 600w, https:\/\/www.mustaqil.az\/wp-content\/uploads\/2022\/09\/gemi-3-1024x473.jpg 1024w, https:\/\/www.mustaqil.az\/wp-content\/uploads\/2022\/09\/gemi-3-768x355.jpg 768w, https:\/\/www.mustaqil.az\/wp-content\/uploads\/2022\/09\/gemi-3-1064x492.jpg 1064w, https:\/\/www.mustaqil.az\/wp-content\/uploads\/2022\/09\/gemi-3-716x331.jpg 716w, https:\/\/www.mustaqil.az\/wp-content\/uploads\/2022\/09\/gemi-3-480x222.jpg 480w, https:\/\/www.mustaqil.az\/wp-content\/uploads\/2022\/09\/gemi-3.jpg 1156w\" width=\"600\" height=\"277\" \/><br \/>\nEyni zamanda da \u201cD\u0259niz\u00e7il\u0259r\u0259 Sosial D\u0259st\u0259k\u201d\u00a0\u0130ctimai Birliyinin\u00a0d\u0259 q\u0259hr\u0259man d\u0259niz\u00e7il\u0259rimizl\u0259 ba\u011fl\u0131 h\u0259yata ke\u00e7irdikl\u0259ri layih\u0259l\u0259rd\u0259n b\u0259hs edib, g\u00f6r\u00fcl\u0259n v\u0259 bu istiqam\u0259td\u0259\u00a0 g\u0259l\u0259c\u0259kd\u0259 g\u00f6r\u00fcl\u0259c\u0259k i\u015fl\u0259ri g\u0259mi heyy\u0259tinin n\u0259z\u0259rin\u0259 \u00e7atd\u0131r\u0131b.<\/p>\n<p>\u201cDSD\u201d \u0130B-nin haz\u0131rlayaraq n\u0259\u015fr etdirdiyi \u201cD\u0259niz\u00e7il\u0259rimiz V\u0259t\u0259n m\u00fcharib\u0259sind\u0259\u201d, \u201cBak\u0131 buxtas\u0131-20 yanvar\u201d v\u0259 \u201cOnlar q\u0259hr\u0259mand\u0131r\u201d kitablar\u0131n\u0131n m\u0259hz igid d\u0259niz\u00e7il\u0259rimizd\u0259n, onlar\u0131n br\u0259\u015fad\u0259tli d\u00f6y\u00fc\u015f yolundan b\u0259hs etdiyini qeyd edib v\u0259 g\u0259minin kitabxanas\u0131na h\u0259r \u00fc\u00e7 kitabdan h\u0259diyy\u0259 edib.<br \/>\nM\u00fcst\u0259qil.Az<\/p>\n<p class=\"bawpvc-ajax-counter\" data-id=\"18352\">Yaz\u0131ya 23 d\u0259f\u0259 bax\u0131l\u0131b<\/p>\n","protected":false},"excerpt":{"rendered":"<p>Sentyabr\u0131n 27-si Az\u0259rbaycanda V\u0259t\u0259n m\u00fcharib\u0259si \u015f\u0259hidl\u0259rinin An\u0131m G\u00fcn\u00fcd\u00fcr. Bu m\u00fcnasib\u0259tl\u0259 saat 12:00-da \u201cAz\u0259rbaycan X\u0259z\u0259r D\u0259niz G\u0259mi\u00e7iliyi\u201d QSC-nin (ASCO) b\u00fct\u00fcn idar\u0259 v\u0259 strukturlar\u0131nda v\u0259 g\u0259mil\u0259rind\u0259 oldu\u011fu kimi,\u00a0 XDND idar\u0259sinin \u201c\u015eamax\u0131\u201d g\u0259misind\u0259 d\u0259\u00a0 \u00a0\u015f\u0259hidl\u0259rin \u0259ziz xatir\u0259si bir d\u0259qiq\u0259lik s\u00fckutla yad edilib. G\u0259mi 1 d\u0259qiq\u0259lik fasil\u0259siz fit verib, \u00a0heyy\u0259t\u00a0 \u00fczvl\u0259ri say\u011f\u0131 duru\u015fu il\u0259 \u00a0V\u0259t\u0259n m\u00fcharib\u0259si \u015f\u0259hidl\u0259rinin \u0259ziz xatir\u0259sini [&hellip;]<\/p>\n","protected":false},"author":1,"featured_media":0,"comment_status":"closed","ping_status":"closed","sticky":false,"template":"","format":"standard","meta":[],"categories":[5,30],"tags":[],"_links":{"self":[{"href":"https:\/\/kultur.az\/index.php?rest_route=\/wp\/v2\/posts\/18352"}],"collection":[{"href":"https:\/\/kultur.az\/index.php?rest_route=\/wp\/v2\/posts"}],"about":[{"href":"https:\/\/kultur.az\/index.php?rest_route=\/wp\/v2\/types\/post"}],"author":[{"embeddable":true,"href":"https:\/\/kultur.az\/index.php?rest_route=\/wp\/v2\/users\/1"}],"replies":[{"embeddable":true,"href":"https:\/\/kultur.az\/index.php?rest_route=%2Fwp%2Fv2%2Fcomments&post=18352"}],"version-history":[{"count":1,"href":"https:\/\/kultur.az\/index.php?rest_route=\/wp\/v2\/posts\/18352\/revisions"}],"predecessor-version":[{"id":18354,"href":"https:\/\/kultur.az\/index.php?rest_route=\/wp\/v2\/posts\/18352\/revisions\/18354"}],"wp:attachment":[{"href":"https:\/\/kultur.az\/index.php?rest_route=%2Fwp%2Fv2%2Fmedia&parent=18352"}],"wp:term":[{"taxonomy":"category","embeddable":true,"href":"https:\/\/kultur.az\/index.php?rest_route=%2Fwp%2Fv2%2Fcategories&post=18352"},{"taxonomy":"post_tag","embeddable":true,"href":"https:\/\/kultur.az\/index.php?rest_route=%2Fwp%2Fv2%2Ftags&post=18352"}],"curies":[{"name":"wp","href":"https:\/\/api.w.org\/{rel}","templated":true}]}}