{"id":18362,"date":"2022-09-27T21:28:45","date_gmt":"2022-09-27T16:28:45","guid":{"rendered":"https:\/\/kultur.az\/?p=18362"},"modified":"2022-09-27T21:28:45","modified_gmt":"2022-09-27T16:28:45","slug":"susa-%c9%99silli-b%c9%99st%c9%99karlarin-yad-edil%c9%99n-%c9%99s%c9%99rl%c9%99ri","status":"publish","type":"post","link":"https:\/\/kultur.az\/?p=18362","title":{"rendered":"\u015eu\u015fa \u0259silli b\u0259st\u0259karlar\u0131n yad edil\u0259n \u0259s\u0259rl\u0259ri"},"content":{"rendered":"<p align=\"left\"><a href=\"https:\/\/kultur.az\/wp-content\/uploads\/2022\/09\/imgpreview-1.jpg\"><img decoding=\"async\" loading=\"lazy\" class=\"aligncenter size-full wp-image-18364\" alt=\"imgpreview (1)\" src=\"https:\/\/kultur.az\/wp-content\/uploads\/2022\/09\/imgpreview-1.jpg\" width=\"225\" height=\"225\" \/><\/a>Az\u0259rbaycan B\u0259st\u0259karlar \u0130ttifaq\u0131 \u2013 yarand\u0131\u011f\u0131 g\u00fcnd\u0259n musiqi m\u0259d\u0259niyy\u0259timizin inki\u015faf\u0131nda \u00e7ox \u0259h\u0259miyy\u0259tli rol oynay\u0131r. Bu t\u0259\u015fkilat\u0131n ba\u015f\u0131nda h\u0259mi\u015f\u0259 b\u00f6y\u00fck s\u0259n\u0259tkarlar v\u0259 \u015f\u0259xsiyy\u0259tl\u0259r olmu\u015fdur.<br \/>\nAz\u0259rbaycan B\u0259st\u0259karlar \u0130ttifaq\u0131n\u0131n f\u0259aliyy\u0259tinin t\u0259nziml\u0259nm\u0259si, musiqi s\u0259n\u0259timizin inki\u015faf etdirilib d\u00fcnya miqyas\u0131nda tan\u0131d\u0131lmas\u0131 \u00f6lk\u0259mizin musiqi m\u0259d\u0259niyy\u0259tin\u0259 x\u00fcsusi qatq\u0131s\u0131 olmu\u015fdur.<br \/>\n\u0130ttifaq n\u00fcfuzlu yarad\u0131c\u0131l\u0131q birliyi kimi \u00f6lk\u0259mizin m\u0259d\u0259ni h\u0259yat\u0131nda f\u0259al i\u015ftirak edir, y\u00fcks\u0259k s\u0259viyy\u0259li musiqi \u0259s\u0259rl\u0259rinin yaranmas\u0131na h\u0259rt\u0259r\u0259fli d\u0259st\u0259k verir v\u0259 eyni zamanda \u0259h\u0259miyy\u0259tli t\u0259dbirl\u0259ri il\u0259 \u00f6lk\u0259mizin musiqi h\u0259yat\u0131nda daim canlanma yarad\u0131r.<\/p>\n<p align=\"left\">Bel\u0259 konsertl\u0259rd\u0259n biri d\u0259 23 sentyabr, 2022-ci ild\u0259 \u00dczeyir Hac\u0131b\u0259yli XIV Beyn\u0259lxalq Musiqi Festival\u0131 \u00e7\u0259r\u00e7iv\u0259sind\u0259 \u015eu\u015fa \u0259silli b\u0259st\u0259karlar\u0131n kamera \u0259s\u0259rl\u0259rind\u0259n ibar\u0259t ke\u00e7iril\u0259n konsertdir. Konsertin \u0259sas m\u0259qs\u0259di \u015eu\u015fada yeti\u015fmi\u015f b\u0259st\u0259karlar\u0131n \u0259s\u0259rl\u0259rini ifa etm\u0259k onlara yenid\u0259n n\u0259f\u0259s verm\u0259k v\u0259 eyni zamanda d\u00fcnyaya Qaraba\u011f\u0131n m\u0259hz Az\u0259rbaycan torpa\u011f\u0131 oldu\u011funu bir daha s\u00fcbut etm\u0259kdir.<\/p>\n<p align=\"left\">Ke\u00e7iril\u0259n konsertd\u0259 \u00f6n s\u00f6z\u00fc Az\u0259rbaycan B\u0259st\u0259karlar \u0130ttifaq\u0131n\u0131n S\u0259dri, AMEA-n\u0131n m\u00fcxbir \u00fczv\u00fc, Xalq artisti v\u0259 professor Fir\u0259ngiz \u018flizad\u0259 s\u00f6yl\u0259di. Bel\u0259 ki Fir\u0259ngiz xan\u0131m \u00e7\u0131x\u0131\u015f\u0131 zaman\u0131 m\u0259hz bu konsertin b\u00f6y\u00fck bir m\u0259na da\u015f\u0131d\u0131\u011f\u0131n\u0131 vur\u011fulad\u0131. Ona g\u00f6r\u0259 ki, bu konsert yen\u0259 d\u0259 h\u0259r k\u0259s\u0259 g\u00f6st\u0259rir ki, \u015eu\u015fadan ba\u015flanan musiqimiz, bizim b\u00f6y\u00fck b\u0259st\u0259karl\u0131q m\u0259kt\u0259bimiz bu g\u00fcn d\u0259 yaz\u0131r, yarad\u0131r v\u0259 f\u0259aliyy\u0259td\u0259dir.<\/p>\n<p align=\"left\">Fir\u0259ngiz \u018flizad\u0259 \u00e7\u0131x\u0131\u015f\u0131 zaman\u0131 daha bir \u0259h\u0259miyy\u0259tli aspekt\u0259 d\u0259 toxunmu\u015fdur.<\/p>\n<p align=\"left\">Bel\u0259 ki, biz d\u00fcnyaya \u00f6z musiqi m\u0259d\u0259niyy\u0259timizi yet\u0259rinc\u0259 tan\u0131da bilm\u0259m\u0259yimiz bizim musiqi m\u0259d\u0259niyy\u0259timiz\u0259 ciddi z\u0259r\u0259r vurmu\u015fdur.<\/p>\n<p align=\"left\">Fir\u0259ngiz xan\u0131m \u00f6lk\u0259mizd\u0259n k\u0259nar ke\u00e7iril\u0259n bir t\u0259dbird\u0259 olarkan Moskvadan g\u0259l\u0259n b\u0259st\u0259kar M\u0259h\u0259mm\u0259d H\u00fcseynovun s\u00f6yl\u0259dikl\u0259rini bu konsert vasit\u0259sil\u0259 d\u00fcnyaya \u00e7atd\u0131r\u0131r ki, m\u00fcs\u0259lman d\u00fcnyas\u0131n\u0131n yegan\u0259 b\u0259st\u0259karl\u0131q m\u0259kt\u0259bi m\u0259hz Az\u0259rbaycan b\u0259st\u0259karl\u0131q m\u0259kt\u0259bidir. Bu sad\u0259, amma \u00e7oxm\u0259nal\u0131 tezisi biz laz\u0131m\u0131 q\u0259d\u0259r d\u00fcnyaya \u00e7atd\u0131rmal\u0131y\u0131q. Fir\u0259ngiz \u018flizad\u0259nin \u00e7\u0131x\u0131\u015f\u0131ndan sonra \u015f\u0259hidl\u0259rimizin \u0259ziz xatir\u0259sin\u0259 ithaf\u0259n bir d\u0259qiq\u0259l\u0259lik s\u00fck\u00fct da elan olundu.<\/p>\n<p align=\"left\">Konsertin apar\u0131c\u0131s\u0131 Az\u0259rbaycan B\u0259st\u0259karl\u0131q \u0130ttifaq\u0131n\u0131n ba\u015f m\u0259sl\u0259h\u0259t\u00e7isi Sevda H\u00fcseynova idi.<\/p>\n<p align=\"left\">Bel\u0259 ki konsertin proqram\u0131 olduqca geni\u015f v\u0259 maraql\u0131 idi. Konsert zaman\u0131 ilk \u00e7\u0131x\u0131\u015f Az\u0259rbaycan B\u0259st\u0259karl\u0131q m\u0259kt\u0259binin t\u0259m\u0259lini qoymu\u015f \u00dczeyir Hac\u0131b\u0259yl\u0259nin \u201cAr\u015f\u0131n mal alan\u201d operettas\u0131ndan olan G\u00fcl\u00e7\u00f6hr\u0259nin ariyas\u0131 idi. \u0130fac\u0131 qismind\u0259 Xalq artisti G\u00fclnaz \u0130smay\u0131lova m\u00fc\u015fayi\u0259t\u00e7i is\u0259 Xalq artisti \u00dclviyy\u0259 Hac\u0131b\u0259yova idi.<\/p>\n<p align=\"left\">Konsert \u00e7\u0259rciv\u0259sind\u0259 b\u0259zi \u0259s\u0259rl\u0259r ilk d\u0259f\u0259 ifa olunurdu ki, bu da \u00e7ox q\u00fcrur verici bir hald\u0131r. Bel\u0259 \u0259s\u0259rl\u0259rd\u0259n biri b\u0259st\u0259kar V\u00fcqar Camalzad\u0259nin \u015eah \u0130smay\u0131l X\u0259tainin s\u00f6zl\u0259rin\u0259 yazm\u0131\u015f oldu\u011fu \u201cS\u0259rdar bir\u201d vokal v\u0259 instrumental ansambl \u00fc\u00e7\u00fcn olan \u0259s\u0259ridir. \u018fs\u0259rin vokal ifa\u00e7\u0131s\u0131 da \u00e7ox qiym\u0259tli Aysel \u0130brahimova bu \u0259s\u0259ri m\u0259har\u0259tl\u0259 ifa etdi.<\/p>\n<p align=\"left\">Dig\u0259r ilk d\u0259f\u0259 s\u0259sl\u0259n\u0259n \u0259s\u0259r is\u0259 b\u0259st\u0259kar R\u0259na Q\u0259dimovan\u0131n \u201cMusical offering\u201d \u0259s\u0259ri idi. B\u0259st\u0259kar bir nec\u0259 \u0259s\u0259rin sintezind\u0259n qiym\u0259tli bir \u0259s\u0259r yaratm\u0131\u015fd\u0131r.<\/p>\n<p align=\"left\">Son ilk ifa is\u0259 b\u0259st\u0259kar C\u0259lal Abbasovun Seyran Qafarovan\u0131n \u0259ziz xatir\u0259sin\u0259 ithaf\u0259n yazd\u0131\u011f\u0131 \u201cOnsuz\u201d \u0259s\u0259ri idi. H\u0259r \u00fc\u00e7 \u0259s\u0259rd\u0259 ilk d\u0259f\u0259 ifa edilm\u0259l\u0259rin\u0259 baxmayaraq tama\u015fa\u00e7\u0131lar t\u0259r\u0259find\u0259n b\u00f6y\u00fck r\u0259\u011fb\u0259tl\u0259 qar\u015f\u0131land\u0131.<\/p>\n<p align=\"left\">Bel\u0259lik\u0259, biz musiqi\u015funas olaraq \u00e7ox sevinirik, q\u00fcrur duyuruq ki, bel\u0259 t\u0259dbirl\u0259r v\u0259 konsertl\u0259r t\u0259\u015fkil olunur v\u0259 biz d\u0259 s\u0259simizi, musiqimizi d\u00fcnyaya \u00e7atd\u0131ra bilirik. \u00dcmid edirik ki, \u0259n q\u0131sa zamanda \u015eu\u015fam\u0131zda v\u0259 Qaraba\u011f\u0131m\u0131zda bel\u0259 konsertl\u0259r t\u0259\u015fkil ed\u0259c\u0259yik. Biz g\u0259ncl\u0259r s\u00f6yl\u0259m\u0259k ist\u0259yirik ki, n\u0259f\u0259s ald\u0131\u011f\u0131m\u0131z h\u0259r bir an Az\u0259rbaycan musiqisini d\u00fcnyaya \u00e7atd\u0131raca\u011f\u0131q.<\/p>\n<p align=\"left\">\n<p align=\"left\">\u00a0\u00a0\u00a0\u00a0\u00a0\u00a0\u00a0\u00a0\u00a0\u00a0\u00a0\u00a0\u00a0\u00a0\u00a0\u00a0\u00a0\u00a0\u00a0\u00a0\u00a0\u00a0\u00a0\u00a0\u00a0\u00a0\u00a0\u00a0\u00a0\u00a0\u00a0\u00a0\u00a0\u00a0\u00a0\u00a0\u00a0\u00a0\u00a0\u00a0\u00a0\u00a0\u00a0\u00a0\u00a0\u00a0\u00a0\u00a0\u00a0\u00a0\u00a0\u00a0\u00a0\u00a0\u00a0\u00a0\u00a0\u00a0\u00a0\u00a0\u00a0\u00a0\u00a0\u00a0\u00a0\u00a0\u00a0\u00a0\u00a0\u00a0\u00a0\u00a0\u00a0\u00a0\u00a0\u00a0\u00a0\u00a0\u00a0\u00a0\u00a0\u00a0\u00a0\u00a0\u00a0\u00a0\u00a0\u00a0\u00a0\u00a0\u00a0\u00a0\u00a0\u00a0\u00a0\u00a0\u00a0\u00a0\u00a0 <b><i>\u00d6zl\u0259m \u018fliyeva<\/i><\/b><\/p>\n<p class=\"bawpvc-ajax-counter\" data-id=\"18362\">Yaz\u0131ya 54 d\u0259f\u0259 bax\u0131l\u0131b<\/p>\n","protected":false},"excerpt":{"rendered":"<p>Az\u0259rbaycan B\u0259st\u0259karlar \u0130ttifaq\u0131 \u2013 yarand\u0131\u011f\u0131 g\u00fcnd\u0259n musiqi m\u0259d\u0259niyy\u0259timizin inki\u015faf\u0131nda \u00e7ox \u0259h\u0259miyy\u0259tli rol oynay\u0131r. Bu t\u0259\u015fkilat\u0131n ba\u015f\u0131nda h\u0259mi\u015f\u0259 b\u00f6y\u00fck s\u0259n\u0259tkarlar v\u0259 \u015f\u0259xsiyy\u0259tl\u0259r olmu\u015fdur. Az\u0259rbaycan B\u0259st\u0259karlar \u0130ttifaq\u0131n\u0131n f\u0259aliyy\u0259tinin t\u0259nziml\u0259nm\u0259si, musiqi s\u0259n\u0259timizin inki\u015faf etdirilib d\u00fcnya miqyas\u0131nda tan\u0131d\u0131lmas\u0131 \u00f6lk\u0259mizin musiqi m\u0259d\u0259niyy\u0259tin\u0259 x\u00fcsusi qatq\u0131s\u0131 olmu\u015fdur. \u0130ttifaq n\u00fcfuzlu yarad\u0131c\u0131l\u0131q birliyi kimi \u00f6lk\u0259mizin m\u0259d\u0259ni h\u0259yat\u0131nda f\u0259al i\u015ftirak edir, y\u00fcks\u0259k s\u0259viyy\u0259li musiqi \u0259s\u0259rl\u0259rinin [&hellip;]<\/p>\n","protected":false},"author":1,"featured_media":0,"comment_status":"closed","ping_status":"closed","sticky":false,"template":"","format":"standard","meta":[],"categories":[4],"tags":[],"_links":{"self":[{"href":"https:\/\/kultur.az\/index.php?rest_route=\/wp\/v2\/posts\/18362"}],"collection":[{"href":"https:\/\/kultur.az\/index.php?rest_route=\/wp\/v2\/posts"}],"about":[{"href":"https:\/\/kultur.az\/index.php?rest_route=\/wp\/v2\/types\/post"}],"author":[{"embeddable":true,"href":"https:\/\/kultur.az\/index.php?rest_route=\/wp\/v2\/users\/1"}],"replies":[{"embeddable":true,"href":"https:\/\/kultur.az\/index.php?rest_route=%2Fwp%2Fv2%2Fcomments&post=18362"}],"version-history":[{"count":1,"href":"https:\/\/kultur.az\/index.php?rest_route=\/wp\/v2\/posts\/18362\/revisions"}],"predecessor-version":[{"id":18365,"href":"https:\/\/kultur.az\/index.php?rest_route=\/wp\/v2\/posts\/18362\/revisions\/18365"}],"wp:attachment":[{"href":"https:\/\/kultur.az\/index.php?rest_route=%2Fwp%2Fv2%2Fmedia&parent=18362"}],"wp:term":[{"taxonomy":"category","embeddable":true,"href":"https:\/\/kultur.az\/index.php?rest_route=%2Fwp%2Fv2%2Fcategories&post=18362"},{"taxonomy":"post_tag","embeddable":true,"href":"https:\/\/kultur.az\/index.php?rest_route=%2Fwp%2Fv2%2Ftags&post=18362"}],"curies":[{"name":"wp","href":"https:\/\/api.w.org\/{rel}","templated":true}]}}