{"id":18400,"date":"2022-10-30T17:47:00","date_gmt":"2022-10-30T13:47:00","guid":{"rendered":"https:\/\/kultur.az\/?p=18400"},"modified":"2022-10-30T17:47:00","modified_gmt":"2022-10-30T13:47:00","slug":"dsd-ib-nin-hazirladigi-s%c9%99n-v%c9%99t%c9%99n%c9%99-b%c9%99nz%c9%99yirs%c9%99n-kitabi-yenid%c9%99n-heyd%c9%99r-%c9%99liyev-adina-ali-h%c9%99rbi-institutda-t%c9%99qdim-o","status":"publish","type":"post","link":"https:\/\/kultur.az\/?p=18400","title":{"rendered":"&#8220;DSD\u201d \u0130B-nin haz\u0131rlad\u0131\u011f\u0131  \u201cS\u0259n v\u0259t\u0259n\u0259 b\u0259nz\u0259yirs\u0259n\u201d kitab\u0131 yenid\u0259n Heyd\u0259r \u018fliyev ad\u0131na Ali H\u0259rbi \u0130nstitutda t\u0259qdim olundu"},"content":{"rendered":"<p><em style=\"font-size: 1.5em;\"><a href=\"https:\/\/kultur.az\/wp-content\/uploads\/2022\/10\/inbound6282727875139859002.jpg\"><img decoding=\"async\" loading=\"lazy\" class=\"aligncenter size-medium wp-image-18401\" alt=\"inbound6282727875139859002\" src=\"https:\/\/kultur.az\/wp-content\/uploads\/2022\/10\/inbound6282727875139859002-300x225.jpg\" width=\"300\" height=\"225\" \/><\/a><br \/>\n<\/em><\/p>\n<div id=\"clean-grid-wrapper\">\n<div id=\"clean-grid-content-wrapper\">\n<div id=\"clean-grid-main-wrapper\" itemscope=\"itemscope\" itemtype=\"http:\/\/schema.org\/Blog\" role=\"main\">\n<div id=\"clean-grid-posts-wrapper\">\n<article id=\"post-108200\">\n<div>\n<p>Oktyabr\u0131n 28-d\u0259 Heyd\u0259r \u018fliyev ad\u0131na Ali H\u0259rbi \u0130nstitutda \u201cD\u0259niz\u00e7il\u0259r\u0259 Sosial D\u0259st\u0259k\u201d \u0130ctimai Birliyinin \u00a0Az\u0259rbaycan Respublikas\u0131n\u0131n Qeyri-H\u00f6kum\u0259t T\u0259\u015fkilatlar\u0131na D\u00f6vl\u0259t D\u0259st\u0259yi Agentliyinin\u00a0maliyy\u0259 d\u0259st\u0259yi il\u0259 h\u0259yata ke\u00e7irdiyi \u201cAz\u0259rbaycan Silahl\u0131 Q\u00fcvv\u0259l\u0259rin\u0259 v\u0259t\u0259nda\u015f d\u0259st\u0259yinin art\u0131r\u0131lmas\u0131na dair t\u0259\u015f\u0259bb\u00fcsl\u0259r\u201d layih\u0259si \u00e7\u0259r\u00e7iv\u0259sind\u0259 haz\u0131rlad\u0131\u011f\u0131 \u201cS\u0259n V\u0259t\u0259n\u0259 b\u0259nz\u0259yirs\u0259n\u201d kitab\u0131 h\u0259rbiy\u0259l\u0259rl\u0259, zabit v\u0259 m\u00fc\u0259llim hey\u0259ti il\u0259 ikinci d\u0259f\u0259 \u00a0t\u0259qdimat m\u0259rasimi ke\u00e7irilib.<\/p>\n<p><img decoding=\"async\" loading=\"lazy\" alt=\"\" src=\"https:\/\/www.mustaqil.az\/wp-content\/uploads\/2022\/10\/faiq-h%C9%99rb-600x400.jpg\" srcset=\"https:\/\/www.mustaqil.az\/wp-content\/uploads\/2022\/10\/faiq-h\u0259rb-600x400.jpg 600w, https:\/\/www.mustaqil.az\/wp-content\/uploads\/2022\/10\/faiq-h\u0259rb-1024x683.jpg 1024w, https:\/\/www.mustaqil.az\/wp-content\/uploads\/2022\/10\/faiq-h\u0259rb-768x512.jpg 768w, https:\/\/www.mustaqil.az\/wp-content\/uploads\/2022\/10\/faiq-h\u0259rb-1536x1024.jpg 1536w, https:\/\/www.mustaqil.az\/wp-content\/uploads\/2022\/10\/faiq-h\u0259rb-2048x1365.jpg 2048w, https:\/\/www.mustaqil.az\/wp-content\/uploads\/2022\/10\/faiq-h\u0259rb-1200x800.jpg 1200w, https:\/\/www.mustaqil.az\/wp-content\/uploads\/2022\/10\/faiq-h\u0259rb-1064x709.jpg 1064w, https:\/\/www.mustaqil.az\/wp-content\/uploads\/2022\/10\/faiq-h\u0259rb-716x477.jpg 716w, https:\/\/www.mustaqil.az\/wp-content\/uploads\/2022\/10\/faiq-h\u0259rb-480x320.jpg 480w\" width=\"600\" height=\"400\" \/><\/p>\n<p><img decoding=\"async\" loading=\"lazy\" alt=\"\" src=\"https:\/\/www.mustaqil.az\/wp-content\/uploads\/2022\/10\/h%C9%99rb-nizami-600x400.jpg\" srcset=\"https:\/\/www.mustaqil.az\/wp-content\/uploads\/2022\/10\/h\u0259rb-nizami-600x400.jpg 600w, https:\/\/www.mustaqil.az\/wp-content\/uploads\/2022\/10\/h\u0259rb-nizami-1024x683.jpg 1024w, https:\/\/www.mustaqil.az\/wp-content\/uploads\/2022\/10\/h\u0259rb-nizami-768x512.jpg 768w, https:\/\/www.mustaqil.az\/wp-content\/uploads\/2022\/10\/h\u0259rb-nizami-1536x1024.jpg 1536w, https:\/\/www.mustaqil.az\/wp-content\/uploads\/2022\/10\/h\u0259rb-nizami-2048x1365.jpg 2048w, https:\/\/www.mustaqil.az\/wp-content\/uploads\/2022\/10\/h\u0259rb-nizami-1200x800.jpg 1200w, https:\/\/www.mustaqil.az\/wp-content\/uploads\/2022\/10\/h\u0259rb-nizami-1064x709.jpg 1064w, https:\/\/www.mustaqil.az\/wp-content\/uploads\/2022\/10\/h\u0259rb-nizami-716x477.jpg 716w, https:\/\/www.mustaqil.az\/wp-content\/uploads\/2022\/10\/h\u0259rb-nizami-480x320.jpg 480w\" width=\"600\" height=\"400\" \/><\/p>\n<p>\u018fn\u0259n\u0259vi olarq \u0259vv\u0259lc\u0259 44 g\u00fcnl\u00fck Z\u0259f\u0259r Sava\u015f\u0131nda tarix yazaraq \u015f\u0259had\u0259t\u0259 y\u00fcks\u0259lmi\u015f igidl\u0259rimizin, c\u0259mi-\u015f\u0259hidl\u0259rin xatir\u0259si bir d\u0259qiq\u0131\u0259lik s\u00fckutla yad edilib.<\/p>\n<p><img decoding=\"async\" loading=\"lazy\" alt=\"\" src=\"https:\/\/www.mustaqil.az\/wp-content\/uploads\/2022\/10\/h%C9%99rb-d%C9%99yan%C9%99t-600x400.jpg\" srcset=\"https:\/\/www.mustaqil.az\/wp-content\/uploads\/2022\/10\/h\u0259rb-d\u0259yan\u0259t-600x400.jpg 600w, https:\/\/www.mustaqil.az\/wp-content\/uploads\/2022\/10\/h\u0259rb-d\u0259yan\u0259t-1024x683.jpg 1024w, https:\/\/www.mustaqil.az\/wp-content\/uploads\/2022\/10\/h\u0259rb-d\u0259yan\u0259t-768x512.jpg 768w, https:\/\/www.mustaqil.az\/wp-content\/uploads\/2022\/10\/h\u0259rb-d\u0259yan\u0259t-1536x1024.jpg 1536w, https:\/\/www.mustaqil.az\/wp-content\/uploads\/2022\/10\/h\u0259rb-d\u0259yan\u0259t-2048x1365.jpg 2048w, https:\/\/www.mustaqil.az\/wp-content\/uploads\/2022\/10\/h\u0259rb-d\u0259yan\u0259t-1200x800.jpg 1200w, https:\/\/www.mustaqil.az\/wp-content\/uploads\/2022\/10\/h\u0259rb-d\u0259yan\u0259t-1064x709.jpg 1064w, https:\/\/www.mustaqil.az\/wp-content\/uploads\/2022\/10\/h\u0259rb-d\u0259yan\u0259t-716x477.jpg 716w, https:\/\/www.mustaqil.az\/wp-content\/uploads\/2022\/10\/h\u0259rb-d\u0259yan\u0259t-480x320.jpg 480w\" width=\"600\" height=\"400\" \/><\/p>\n<p><img decoding=\"async\" loading=\"lazy\" alt=\"\" src=\"https:\/\/www.mustaqil.az\/wp-content\/uploads\/2022\/10\/h%C9%99r...-600x450.jpg\" srcset=\"https:\/\/www.mustaqil.az\/wp-content\/uploads\/2022\/10\/h\u0259r...-600x450.jpg 600w, https:\/\/www.mustaqil.az\/wp-content\/uploads\/2022\/10\/h\u0259r...-768x576.jpg 768w, https:\/\/www.mustaqil.az\/wp-content\/uploads\/2022\/10\/h\u0259r...-716x537.jpg 716w, https:\/\/www.mustaqil.az\/wp-content\/uploads\/2022\/10\/h\u0259r...-480x360.jpg 480w, https:\/\/www.mustaqil.az\/wp-content\/uploads\/2022\/10\/h\u0259r....jpg 1008w\" width=\"600\" height=\"450\" \/><\/p>\n<p>T\u0259dbirin apar\u0131c\u0131, \u201cDSD\u201d \u0130B-nin s\u0259dri, tan\u0131nm\u0131\u015f \u015fair, president t\u0259q\u00fcd\u00e7\u00fcs\u00fc, AXDG QSC XDND-nin g\u0259mi kapitan\u0131 Faiq Balab\u0259yli giri\u015f s\u00f6z\u00fc il\u0259 \u00e7\u0131x\u0131\u015f ed\u0259r\u0259k bildirib ki, 2020-ci ilin sentyabr ay\u0131n\u0131n 27-d\u0259 ba\u015flayan v\u0259 v\u0259 44 g\u00fcn davam ed\u0259n Z\u0259f\u0259r Sava\u015f\u0131nda\u00a0 Az\u0259rbaycan \u0259sg\u0259ri \u015f\u0259r\u0259fli bir tarix yazd\u0131. 30 il d\u00fc\u015fm\u0259nin tapda\u011f\u0131 alt\u0131nda s\u0131x\u0131lan torpaqlar\u0131m\u0131z sahibin\u0259 qay\u0131td\u0131, Az\u0259rbaycan\u0131n \u0259razi b\u00fct\u00f6vl\u00fcy\u00fc t\u0259min edildi. H\u0259min g\u00fcnl\u0259r b\u00fct\u00fcn Az\u0259rbaycan Ali Ba\u015f Komandan\u0131n bir \u00e7a\u011f\u0131r\u0131\u015f\u0131 il\u0259 s\u0259f\u0259rb\u0259r olmu\u015fdu.<\/p>\n<p><img decoding=\"async\" loading=\"lazy\" alt=\"\" src=\"https:\/\/www.mustaqil.az\/wp-content\/uploads\/2022\/10\/h%C9%99rbiyy-3-600x450.jpg\" srcset=\"https:\/\/www.mustaqil.az\/wp-content\/uploads\/2022\/10\/h\u0259rbiyy-3-600x450.jpg 600w, https:\/\/www.mustaqil.az\/wp-content\/uploads\/2022\/10\/h\u0259rbiyy-3-1024x768.jpg 1024w, https:\/\/www.mustaqil.az\/wp-content\/uploads\/2022\/10\/h\u0259rbiyy-3-768x576.jpg 768w, https:\/\/www.mustaqil.az\/wp-content\/uploads\/2022\/10\/h\u0259rbiyy-3-1200x900.jpg 1200w, https:\/\/www.mustaqil.az\/wp-content\/uploads\/2022\/10\/h\u0259rbiyy-3-1064x798.jpg 1064w, https:\/\/www.mustaqil.az\/wp-content\/uploads\/2022\/10\/h\u0259rbiyy-3-716x537.jpg 716w, https:\/\/www.mustaqil.az\/wp-content\/uploads\/2022\/10\/h\u0259rbiyy-3-480x360.jpg 480w, https:\/\/www.mustaqil.az\/wp-content\/uploads\/2022\/10\/h\u0259rbiyy-3.jpg 1280w\" width=\"600\" height=\"450\" \/><\/p>\n<p><img decoding=\"async\" loading=\"lazy\" alt=\"\" src=\"https:\/\/www.mustaqil.az\/wp-content\/uploads\/2022\/10\/h.-kitab-600x400.jpg\" srcset=\"https:\/\/www.mustaqil.az\/wp-content\/uploads\/2022\/10\/h.-kitab-600x400.jpg 600w, https:\/\/www.mustaqil.az\/wp-content\/uploads\/2022\/10\/h.-kitab-1024x683.jpg 1024w, https:\/\/www.mustaqil.az\/wp-content\/uploads\/2022\/10\/h.-kitab-768x512.jpg 768w, https:\/\/www.mustaqil.az\/wp-content\/uploads\/2022\/10\/h.-kitab-1536x1024.jpg 1536w, https:\/\/www.mustaqil.az\/wp-content\/uploads\/2022\/10\/h.-kitab-2048x1365.jpg 2048w, https:\/\/www.mustaqil.az\/wp-content\/uploads\/2022\/10\/h.-kitab-1200x800.jpg 1200w, https:\/\/www.mustaqil.az\/wp-content\/uploads\/2022\/10\/h.-kitab-1064x709.jpg 1064w, https:\/\/www.mustaqil.az\/wp-content\/uploads\/2022\/10\/h.-kitab-716x477.jpg 716w, https:\/\/www.mustaqil.az\/wp-content\/uploads\/2022\/10\/h.-kitab-480x320.jpg 480w\" width=\"600\" height=\"400\" \/><\/p>\n<p>O, \u00e7\u0131x\u0131\u015f\u0131 zaman\u0131 bildirdi ki, \u201cDSD\u201d \u0130B bundan \u0259vv\u0259l, bu t\u0259may\u00fcld\u0259 bir ne\u00e7\u0259 kitab haz\u0131rlay\u0131b.\u00a0 N\u00f6vb\u0259ti kitab\u00a0 Az\u0259rbaycan Respublikas\u0131n\u0131n Qeyri-H\u00f6kum\u0259t T\u0259\u015fkilatlar\u0131na D\u00f6vl\u0259t D\u0259st\u0259yi Agentliyinin maliyy\u0259 d\u0259st\u0259yi\u00a0 n\u0259\u015fr olunan \u201cS\u0259n V\u0259t\u0259n\u0259 b\u0259nz\u0259yirs\u0259n\u201d kitab\u0131d\u0131r ki, \u201cAz\u0259rbaycan Silahl\u0131 Q\u00fcvv\u0259l\u0259rin\u0259 v\u0259t\u0259nda\u015f d\u0259st\u0259yinin art\u0131r\u0131lmas\u0131na dair t\u0259\u015f\u0259bb\u00fcsl\u0259r\u201d layih\u0259si \u00e7\u0259r\u00e7iv\u0259sind\u0259 t\u0259qdim olunur. Kitab\u0131n t\u0259rtib\u00e7il\u0259ri Faiq Balab\u0259yli, K\u0259mal\u0259 S\u0259f\u0259rli, Vasif S\u00fcleyman, redaktoru H\u00fcseyn S\u00f6zl\u00fc, korrektorlar\u0131 Sayal\u0131 Vasifq\u0131z\u0131 v\u0259 Ayt\u0259kin H\u0259midlidir.<\/p>\n<p>\u201cS\u0259n V\u0259t\u0259n\u0259 b\u0259nz\u0259yirs\u0259n\u201d kitab\u0131nda Az\u0259rbaycan\u0131n tan\u0131nm\u0131\u015f q\u0259l\u0259m adamlar\u0131n\u0131n v\u0259t\u0259np\u0259rv\u0259rlik ruhunda yaz\u0131lan \u015feirl\u0259ri toplan\u0131b. \u015eeirl\u0259rin m\u0259zmununun, ideyas\u0131n\u0131n g\u0259nc v\u0259 yeniyetm\u0259 n\u0259slin v\u0259t\u0259np\u0259rv\u0259rlik ruhunda t\u0259rbiy\u0259 olunmas\u0131nda, bu ruhda ya\u015famas\u0131nda, b\u00f6y\u00fcm\u0259sind\u0259 m\u00fcst\u0259sna rolu var.<\/p>\n<p>Sonra t\u0259dbird\u0259 i\u015ftirak ed\u0259n \u015fairl\u0259r H\u00fcseyn S\u00f6zl\u00fc, H\u0259yat \u015e\u0259mi, \u00dclk\u0259r Nicatl\u0131, \u018fziz\u0259 A\u011fah\u00fcseynq\u0131z\u0131, \u015eahnaz \u015eahin, Q\u0259z\u0259nf\u0259r M\u0259simo\u011flu \u00e7\u0131x\u0131\u015f ed\u0259r\u0259k v\u0259t\u0259np\u0259rv\u0259r ruhlu \u015feirl\u0259rini oxudular<\/p>\n<p><img decoding=\"async\" loading=\"lazy\" alt=\"\" src=\"https:\/\/www.mustaqil.az\/wp-content\/uploads\/2022\/10\/h%C9%99rb2-600x400.jpg\" srcset=\"https:\/\/www.mustaqil.az\/wp-content\/uploads\/2022\/10\/h\u0259rb2-600x400.jpg 600w, https:\/\/www.mustaqil.az\/wp-content\/uploads\/2022\/10\/h\u0259rb2-1024x683.jpg 1024w, https:\/\/www.mustaqil.az\/wp-content\/uploads\/2022\/10\/h\u0259rb2-768x512.jpg 768w, https:\/\/www.mustaqil.az\/wp-content\/uploads\/2022\/10\/h\u0259rb2-1536x1024.jpg 1536w, https:\/\/www.mustaqil.az\/wp-content\/uploads\/2022\/10\/h\u0259rb2-2048x1365.jpg 2048w, https:\/\/www.mustaqil.az\/wp-content\/uploads\/2022\/10\/h\u0259rb2-1200x800.jpg 1200w, https:\/\/www.mustaqil.az\/wp-content\/uploads\/2022\/10\/h\u0259rb2-1064x709.jpg 1064w, https:\/\/www.mustaqil.az\/wp-content\/uploads\/2022\/10\/h\u0259rb2-716x477.jpg 716w, https:\/\/www.mustaqil.az\/wp-content\/uploads\/2022\/10\/h\u0259rb2-480x320.jpg 480w\" width=\"600\" height=\"400\" \/><\/p>\n<p>.<\/p>\n<p>T\u0259qdinatda i\u015ftirak ed\u0259n xalq artisti, Az\u0259rbaycan Televiziyas\u0131n\u0131n diktoru Eldost Bayram m\u00fc\u0259llifl\u0259rin \u015feirl\u0259rind\u0259n n\u00fcmun\u0259l\u0259r s\u0259sl\u0259ndirdi.<\/p>\n<p>T\u0259dbirin sonunda Heyd\u0259r \u018fliyev ad\u0131na Az\u0259rbaycan Ali H\u0259rbi \u0130nstitutun rektor m\u00fcavini, V\u0259t\u0259n m\u00fcharib\u0259sinin q\u0259hr\u0259man\u0131, polkovnik Nizami M\u00f6vlamov \u00e7\u0131x\u0131\u015f ed\u0259r\u0259k bel\u0259 kitablar\u0131 haz\u0131rlan\u0131b g\u0259l\u0259c\u0259yin zabitl\u0259ri il\u0259\u00a0 t\u0259qdimat m\u0259rasimi ke\u00e7irm\u0259k olduqca \u0259h\u0259miyy\u0259tlidir. Bel\u0259 t\u0259dbirl\u0259r g\u0259ncl\u0259rin v\u0259t\u0259np\u0259rv\u0259rlik ruhunun art\u0131r\u0131lmas\u0131nda b\u00f6y\u00fck rol oynay\u0131r.<\/p>\n<p>Tural Balab\u0259yli<\/p>\n<p><em>\u201cDSD\u201d \u0130B-nin s\u0259dr m\u00fcavini v\u0259\u00a0 layih\u0259 \u00fczr\u0259 Analitik-\u0130nformasiya B\u00f6l\u00fcm\u00fcn\u00fcn r\u0259hb\u0259ri<br \/>\n<\/em><\/p>\n<\/div>\n<\/article>\n<\/div>\n<\/div>\n<\/div>\n<\/div>\n<p class=\"bawpvc-ajax-counter\" data-id=\"18400\">Yaz\u0131ya 23 d\u0259f\u0259 bax\u0131l\u0131b<\/p>\n","protected":false},"excerpt":{"rendered":"<p>Oktyabr\u0131n 28-d\u0259 Heyd\u0259r \u018fliyev ad\u0131na Ali H\u0259rbi \u0130nstitutda \u201cD\u0259niz\u00e7il\u0259r\u0259 Sosial D\u0259st\u0259k\u201d \u0130ctimai Birliyinin \u00a0Az\u0259rbaycan Respublikas\u0131n\u0131n Qeyri-H\u00f6kum\u0259t T\u0259\u015fkilatlar\u0131na D\u00f6vl\u0259t D\u0259st\u0259yi Agentliyinin\u00a0maliyy\u0259 d\u0259st\u0259yi il\u0259 h\u0259yata ke\u00e7irdiyi \u201cAz\u0259rbaycan Silahl\u0131 Q\u00fcvv\u0259l\u0259rin\u0259 v\u0259t\u0259nda\u015f d\u0259st\u0259yinin art\u0131r\u0131lmas\u0131na dair t\u0259\u015f\u0259bb\u00fcsl\u0259r\u201d layih\u0259si \u00e7\u0259r\u00e7iv\u0259sind\u0259 haz\u0131rlad\u0131\u011f\u0131 \u201cS\u0259n V\u0259t\u0259n\u0259 b\u0259nz\u0259yirs\u0259n\u201d kitab\u0131 h\u0259rbiy\u0259l\u0259rl\u0259, zabit v\u0259 m\u00fc\u0259llim hey\u0259ti il\u0259 ikinci d\u0259f\u0259 \u00a0t\u0259qdimat m\u0259rasimi ke\u00e7irilib. \u018fn\u0259n\u0259vi olarq \u0259vv\u0259lc\u0259 44 g\u00fcnl\u00fck [&hellip;]<\/p>\n","protected":false},"author":1,"featured_media":0,"comment_status":"closed","ping_status":"closed","sticky":false,"template":"","format":"standard","meta":[],"categories":[5,4],"tags":[],"_links":{"self":[{"href":"https:\/\/kultur.az\/index.php?rest_route=\/wp\/v2\/posts\/18400"}],"collection":[{"href":"https:\/\/kultur.az\/index.php?rest_route=\/wp\/v2\/posts"}],"about":[{"href":"https:\/\/kultur.az\/index.php?rest_route=\/wp\/v2\/types\/post"}],"author":[{"embeddable":true,"href":"https:\/\/kultur.az\/index.php?rest_route=\/wp\/v2\/users\/1"}],"replies":[{"embeddable":true,"href":"https:\/\/kultur.az\/index.php?rest_route=%2Fwp%2Fv2%2Fcomments&post=18400"}],"version-history":[{"count":1,"href":"https:\/\/kultur.az\/index.php?rest_route=\/wp\/v2\/posts\/18400\/revisions"}],"predecessor-version":[{"id":18402,"href":"https:\/\/kultur.az\/index.php?rest_route=\/wp\/v2\/posts\/18400\/revisions\/18402"}],"wp:attachment":[{"href":"https:\/\/kultur.az\/index.php?rest_route=%2Fwp%2Fv2%2Fmedia&parent=18400"}],"wp:term":[{"taxonomy":"category","embeddable":true,"href":"https:\/\/kultur.az\/index.php?rest_route=%2Fwp%2Fv2%2Fcategories&post=18400"},{"taxonomy":"post_tag","embeddable":true,"href":"https:\/\/kultur.az\/index.php?rest_route=%2Fwp%2Fv2%2Ftags&post=18400"}],"curies":[{"name":"wp","href":"https:\/\/api.w.org\/{rel}","templated":true}]}}