{"id":18467,"date":"2022-11-29T00:30:05","date_gmt":"2022-11-28T20:30:05","guid":{"rendered":"https:\/\/kultur.az\/?p=18467"},"modified":"2022-11-29T00:30:05","modified_gmt":"2022-11-28T20:30:05","slug":"ii-sumqayit-kitab-s%c9%99rgisi-h%c9%99yata-keciril%c9%99c%c9%99k","status":"publish","type":"post","link":"https:\/\/kultur.az\/?p=18467","title":{"rendered":"\u201cII Sumqay\u0131t Kitab S\u0259rgisi\u201d h\u0259yata ke\u00e7iril\u0259c\u0259k"},"content":{"rendered":"<p><a href=\"https:\/\/kultur.az\/wp-content\/uploads\/2022\/11\/sumqayit-sergi.jpg\"><img decoding=\"async\" loading=\"lazy\" class=\"aligncenter size-medium wp-image-18468\" alt=\"devtname\" src=\"https:\/\/kultur.az\/wp-content\/uploads\/2022\/11\/sumqayit-sergi-300x235.jpg\" width=\"300\" height=\"235\" \/><\/a>23, 24, 25 dekabr tarixl\u0259rind\u0259 Az\u0259rbaycan N\u0259\u015friyyatlar\u0131 Assosiasiyas\u0131 (ANA\u0130B), Az\u0259rbaycan Respublikas\u0131 M\u0259d\u0259niyy\u0259t Nazirliyi v\u0259 Sumqay\u0131t \u015f\u0259h\u0259r \u0130cra Hakimiyy\u0259tinin birg\u0259 t\u0259\u015fkilat\u00e7\u0131l\u0131\u011f\u0131, Sumqay\u0131t Regional M\u0259d\u0259niyy\u0259t \u0130dar\u0259sinin d\u0259st\u0259yil\u0259 \u201cII Sumqay\u0131t Kitab S\u0259rgisi\u201d h\u0259yata ke\u00e7iril\u0259c\u0259k.<\/p>\n<p>kultur.az ANA\u0130B-\u0259 istinad\u0259n x\u0259b\u0259r verir ki, \u00f6t\u0259n il birincisi ke\u00e7iril\u0259n s\u0259rgi oxucular t\u0259r\u0259find\u0259n r\u0259\u011fb\u0259tl\u0259 qar\u015f\u0131lan\u0131b. \u0130kinci s\u0259rgi is\u0259 daha m\u00f6ht\u0259\u015f\u0259m proqram v\u0259 \u00e7ox\u00e7e\u015fidli kitablarla qar\u015f\u0131n\u0131zda olacaq.<\/p>\n<p>S\u0259rgi \u00f6lk\u0259nin 30-dan art\u0131q tan\u0131nm\u0131\u015f n\u0259\u015friyyat\u0131 v\u0259 10-dan \u00e7ox kitab evinin i\u015ftirak\u0131 il\u0259 ba\u015f tutacaq, 90 %-d\u0259k endiriml\u0259r t\u0259tbiq olunacaq.<\/p>\n<p>Kitab bayram\u0131nda tan\u0131nm\u0131\u015f \u0259dibl\u0259rin i\u015ftirak\u0131 il\u0259 t\u0259qdimatlar, imza m\u0259rasiml\u0259ri, konsert proqramlar\u0131, \u015feir gec\u0259l\u0259ri, u\u015faqlar \u00fc\u00e7\u00fcn na\u011f\u0131l saatlar\u0131 v\u0259 master-klasslar ke\u00e7iril\u0259c\u0259k.<\/p>\n<p>M\u00fcxt\u0259lif personajlarla \u015f\u0259kil \u00e7\u0259kdirm\u0259k imkan\u0131, fotozonalar, sad\u0259c\u0259 u\u015faqlar \u00fc\u00e7\u00fcn n\u0259z\u0259rd\u0259 tutulmu\u015f &#8220;kids zone&#8221;da m\u00fct\u0259madi v\u0259 \u0259yl\u0259nc\u0259li f\u0259aliyy\u0259tl\u0259rl\u0259 bu s\u0259rgi daha m\u00f6ht\u0259\u015f\u0259m olacaq!<\/p>\n<p class=\"bawpvc-ajax-counter\" data-id=\"18467\">Yaz\u0131ya 14 d\u0259f\u0259 bax\u0131l\u0131b<\/p>\n","protected":false},"excerpt":{"rendered":"<p>23, 24, 25 dekabr tarixl\u0259rind\u0259 Az\u0259rbaycan N\u0259\u015friyyatlar\u0131 Assosiasiyas\u0131 (ANA\u0130B), Az\u0259rbaycan Respublikas\u0131 M\u0259d\u0259niyy\u0259t Nazirliyi v\u0259 Sumqay\u0131t \u015f\u0259h\u0259r \u0130cra Hakimiyy\u0259tinin birg\u0259 t\u0259\u015fkilat\u00e7\u0131l\u0131\u011f\u0131, Sumqay\u0131t Regional M\u0259d\u0259niyy\u0259t \u0130dar\u0259sinin d\u0259st\u0259yil\u0259 \u201cII Sumqay\u0131t Kitab S\u0259rgisi\u201d h\u0259yata ke\u00e7iril\u0259c\u0259k. kultur.az ANA\u0130B-\u0259 istinad\u0259n x\u0259b\u0259r verir ki, \u00f6t\u0259n il birincisi ke\u00e7iril\u0259n s\u0259rgi oxucular t\u0259r\u0259find\u0259n r\u0259\u011fb\u0259tl\u0259 qar\u015f\u0131lan\u0131b. \u0130kinci s\u0259rgi is\u0259 daha m\u00f6ht\u0259\u015f\u0259m proqram v\u0259 \u00e7ox\u00e7e\u015fidli kitablarla [&hellip;]<\/p>\n","protected":false},"author":1,"featured_media":0,"comment_status":"closed","ping_status":"closed","sticky":false,"template":"","format":"standard","meta":[],"categories":[5,4],"tags":[],"_links":{"self":[{"href":"https:\/\/kultur.az\/index.php?rest_route=\/wp\/v2\/posts\/18467"}],"collection":[{"href":"https:\/\/kultur.az\/index.php?rest_route=\/wp\/v2\/posts"}],"about":[{"href":"https:\/\/kultur.az\/index.php?rest_route=\/wp\/v2\/types\/post"}],"author":[{"embeddable":true,"href":"https:\/\/kultur.az\/index.php?rest_route=\/wp\/v2\/users\/1"}],"replies":[{"embeddable":true,"href":"https:\/\/kultur.az\/index.php?rest_route=%2Fwp%2Fv2%2Fcomments&post=18467"}],"version-history":[{"count":1,"href":"https:\/\/kultur.az\/index.php?rest_route=\/wp\/v2\/posts\/18467\/revisions"}],"predecessor-version":[{"id":18469,"href":"https:\/\/kultur.az\/index.php?rest_route=\/wp\/v2\/posts\/18467\/revisions\/18469"}],"wp:attachment":[{"href":"https:\/\/kultur.az\/index.php?rest_route=%2Fwp%2Fv2%2Fmedia&parent=18467"}],"wp:term":[{"taxonomy":"category","embeddable":true,"href":"https:\/\/kultur.az\/index.php?rest_route=%2Fwp%2Fv2%2Fcategories&post=18467"},{"taxonomy":"post_tag","embeddable":true,"href":"https:\/\/kultur.az\/index.php?rest_route=%2Fwp%2Fv2%2Ftags&post=18467"}],"curies":[{"name":"wp","href":"https:\/\/api.w.org\/{rel}","templated":true}]}}