{"id":18500,"date":"2022-12-15T12:54:22","date_gmt":"2022-12-15T08:54:22","guid":{"rendered":"https:\/\/kultur.az\/?p=18500"},"modified":"2022-12-15T12:56:03","modified_gmt":"2022-12-15T08:56:03","slug":"s%c9%99mkird%c9%99-bir-qrup-dindar-iranin-siyas%c9%99tin%c9%99-etiraz-olaraq-m%c9%99tbuata-aciq-m%c9%99ktub-unvanlayib","status":"publish","type":"post","link":"https:\/\/kultur.az\/?p=18500","title":{"rendered":"\u015e\u018fMK\u0130RD\u018f B\u0130R QRUP D\u0130NDAR \u0130RANIN SIYAS\u018fT\u0130N\u018f ET\u0130RAZ OLARAQ M\u018fTBUATA A\u00c7IQ M\u018fKTUB \u00dcNVANLAYIB"},"content":{"rendered":"<p><a href=\"https:\/\/kultur.az\/wp-content\/uploads\/2022\/12\/WhatsApp-Image-2022-12-15-at-12.51.39.jpeg\"><img decoding=\"async\" loading=\"lazy\" class=\"aligncenter size-medium wp-image-18503\" alt=\"WhatsApp Image 2022-12-15 at 12.51.39\" src=\"https:\/\/kultur.az\/wp-content\/uploads\/2022\/12\/WhatsApp-Image-2022-12-15-at-12.51.39-243x300.jpeg\" width=\"243\" height=\"300\" \/><\/a>kultur.az x\u0259b\u0259r verir ki, son zamanlar \u0130ran\u0131n Az\u0259rbaycan\u0131n s\u0259rh\u0259d \u0259razil\u0259rind\u0259 ke\u00e7irdiyi h\u0259rbi t\u0259liml\u0259r v\u0259 Erm\u0259nistana verdikl\u0259ri d\u0259st\u0259y\u0259 etiraz olaraq \u015e\u0259mkir v\u0259 onun k\u0259ndl\u0259rind\u0259 f\u0259aliyy\u0259t g\u00f6st\u0259r\u0259n \u015e\u0259mkir rayon \u201cC\u00fcm\u0259\u201d m\u0259scidinin imam\u0131 v\u0259 dini icmas\u0131n\u0131n s\u0259dri Natiq \u015e\u0131xaliyev, Qafqaz Mu\u0308s\u0259lmanlar\u0131 I\u0307dar\u0259sinin \u201c\u015e\u0259mkir rayon v\u0259 \u0259traf k\u0259ndl\u0259r \u00fczr\u0259 s\u0259lahiyy\u0259tli n\u00fcmay\u0259nd\u0259si Elmar Rzayevl\u0259 yana\u015f\u0131 dig\u0259r dini inancl\u0131lar m\u0259tbuata a\u00e7\u0131q m\u0259ktub \u00fcnvanlay\u0131blar.<\/p>\n<p>M\u0259ktubda bildirilir ki, \u00e7ox\u0259srlik tolerantl\u0131q \u0259n\u0259n\u0259l\u0259rin\u0259 malik Az\u0259rbaycanda tarix boyu m\u00fcxt\u0259lif xalqlar\u0131n v\u0259 dinl\u0259rin n\u00fcmay\u0259nd\u0259l\u0259ri s\u00fclh, \u0259min-amanl\u0131q, qar\u015f\u0131l\u0131ql\u0131 h\u00f6rm\u0259t v\u0259 etimad \u015f\u0259raitind\u0259 ya\u015fay\u0131b.<\/p>\n<p>&#8220;Az\u0259rbaycan v\u0259t\u0259nda\u015flar\u0131 v\u0259 b\u00f6lg\u0259nin din xadiml\u0259ri olaraq v\u0259t\u0259np\u0259rv\u0259rlik ruhunda t\u0259rbiy\u0259 alm\u0131\u015f, sadiqlik n\u00fcmayi\u015f etdir\u0259r\u0259k daim d\u00f6vl\u0259timizin v\u0259 Ali Ba\u015f Komandan\u0131m\u0131z\u0131n siyas\u0131 kursunu d\u0259st\u0259kl\u0259mi\u015fik. D\u00f6vl\u0259timiz\u0259 qar\u015f\u0131 y\u00f6n\u0259lmi\u015f h\u0259r bir t\u0259hl\u00fck\u0259d\u0259 v\u0259 \u015f\u00fcbh\u0259li m\u0259qamlarda irad\u0259mizi ortaya qoyaraq c\u0259nab Prezidentin \u0259traf\u0131nda d\u0259mir yumruq kimi birl\u0259\u015fmi\u015fik&#8221;, &#8211; m\u0259ktubda deyilir.<\/p>\n<p>M\u0259ktubda qeyd edilir ki, Az\u0259rbaycan d\u00f6vl\u0259ti demokratik, h\u00fcquqi prinsipl\u0259r\u0259 \u0259saslanan birg\u0259ya\u015fay\u0131\u015fa, y\u00fcks\u0259k d\u00f6z\u00fcml\u00fcl\u00fck m\u00fchitinin, multikultural d\u0259y\u0259rl\u0259rin t\u0259\u015fviqin\u0259 x\u00fcsusi \u0259h\u0259miyy\u0259t verir:<\/p>\n<p>&#8220;Bu h\u0259yat t\u0259rzinin d\u00fczg\u00fcn qiym\u0259tl\u0259ndiril\u0259r\u0259k, h\u00fcquqi v\u0259 siyasi m\u00fcst\u0259vid\u0259 \u00f6z yerini tapmas\u0131 is\u0259 m\u0259hz \u00dcmummilli Lider Heyd\u0259r \u018fliyevin ad\u0131 il\u0259 ba\u011fl\u0131d\u0131r. Ulu \u00f6nd\u0259rin r\u0259hb\u0259rliyi v\u0259 m\u00fcst\u0259sna s\u0259yl\u0259ri il\u0259 Az\u0259rbaycan xalq\u0131n\u0131n multikultural \u0259n\u0259n\u0259l\u0259rinin qorunmas\u0131 sah\u0259sind\u0259 h\u0259yata ke\u00e7iril\u0259n siyasi x\u0259tti bu g\u00fcn d\u0259 b\u00f6y\u00fck r\u0259hb\u0259rin layiqli davam\u00e7\u0131s\u0131 Prezident \u0130lham \u018fliyev inamla davam v\u0259 inki\u015faf etdirir&#8221;.<\/p>\n<p>&#8220;\u0130ran il\u0259 Az\u0259rbaycan\u0131 bir-birin\u0259 ba\u011flayan dini v\u0259 milli d\u0259y\u0259rl\u0259r \u0259srl\u0259r \u0259rzind\u0259 formala\u015fm\u0131\u015fd\u0131r. Bu amil xalqlar\u0131n bir-birin\u0259 yax\u0131nla\u015fmas\u0131na xidm\u0259t etm\u0259lidir. T\u0259\u0259ss\u00fcf hissi il\u0259 bildiririk ki, Az\u0259rbaycan\u0131n \u0259sas d\u0259rdi olan Qaraba\u011f m\u0259s\u0259l\u0259si h\u0259llini tapana q\u0259d\u0259r v\u0259 ondan sonra da \u0130ran\u0131n m\u00fcnaqi\u015f\u0259 v\u0259 m\u00fcharib\u0259nin s\u0259b\u0259bkar\u0131 olan t\u0259cav\u00fczkar Erm\u0259nistana m\u00fcnasib\u0259ti birm\u0259nal\u0131 \u015f\u0259kild\u0259 himay\u0259darl\u0131q olmu\u015fdur. Erm\u0259nil\u0259rin d\u00fcnyada h\u0259r zaman xristian t\u0259\u0259ss\u00fcbke\u015fliyind\u0259n yararland\u0131\u011f\u0131 m\u0259lumdur, ancaq m\u00fcs\u0259lman \u0130ran\u0131n Az\u0259rbaycana qar\u015f\u0131 i\u015f\u011fal\u00e7\u0131l\u0131q siyas\u0259ti h\u0259yata ke\u00e7ir\u0259n Erm\u0259nistana h\u0259rt\u0259r\u0259fli d\u0259st\u0259yi biz b\u00f6lg\u0259 dindarlar\u0131 t\u0259r\u0259find\u0259n q\u0131nan\u0131l\u0131r. Uzun ill\u0259r \u0259rzind\u0259 \u0259sl qarda\u015fl\u0131q v\u0259 dostluq kimi \u0130slam h\u0259mr\u0259yliyi m\u00f6vqeyind\u0259n \u00e7\u0131x\u0131\u015f ed\u0259r\u0259k t\u0259cav\u00fczkar Erm\u0259nistanla siyasi, diplomatik \u0259laq\u0259l\u0259r qurmayan, s\u0259firliyini a\u00e7mayan, beyn\u0259lxalq t\u0259\u015fkilatlarda i\u015f\u011fal\u0131 pisl\u0259y\u0259n b\u0259yanatlarla \u00e7\u0131x\u0131\u015f ed\u0259n dig\u0259r m\u00fcs\u0259lman \u00f6lk\u0259l\u0259rind\u0259n f\u0259rqli olaraq, \u0130ran 67 m\u00fcs\u0259lman m\u0259scidinin 65-ni da\u011f\u0131dan, t\u0259hqir ed\u0259n \u00f6lk\u0259 il\u0259 b\u00fct\u00fcn sah\u0259l\u0259rd\u0259 \u0259m\u0259kda\u015fl\u0131\u011f\u0131 daha da d\u0259rinl\u0259\u015fdirmi\u015fdir&#8221;, &#8211; m\u0259ktubda vur\u011fulan\u0131r.<\/p>\n<p>M\u0259ktubda daha sonra qeyd edilir: &#8220;Bu, islami birlik v\u0259 m\u0259zh\u0259bi yax\u0131nl\u0131q amallar\u0131 il\u0259 bir araya s\u0131\u011fmayan m\u00fcnasib\u0259t biz \u2013 b\u00f6lg\u0259nin din xadiml\u0259ri t\u0259r\u0259find\u0259n q\u0259bul olunmur, heysiyy\u0259timiz\u0259 toxunur. Biz \u2013 din xadiml\u0259ri \u00f6z\u00fcn\u00fc \u0130slam Respublikas\u0131 adland\u0131ran \u0130ran\u0131n b\u00f6lg\u0259d\u0259 dini d\u0259y\u0259rl\u0259rl\u0259 bir araya s\u0131\u011fmayan haqs\u0131z siyas\u0259tin\u0259 v\u0259 Az\u0259rbaycana qar\u015f\u0131 s\u0259sl\u0259ndirdiyi t\u0259hdidedici yersiz b\u0259yanatlar\u0131na, x\u00fcsusil\u0259 d\u0259 s\u0259rh\u0259d boyunca h\u0259yata ke\u00e7irdiyi h\u0259rbi t\u0259liml\u0259r\u0259 g\u00f6r\u0259 \u00f6z narahatl\u0131\u011f\u0131m\u0131z\u0131 bildiririk v\u0259 \u0130ran\u0131n bu h\u0259r\u0259k\u0259tl\u0259rinin m\u00fcq\u0259dd\u0259s \u0130slam dininin qarda\u015fl\u0131q ruhuna uy\u011fun olmad\u0131\u011f\u0131n\u0131 b\u0259yan edirik&#8221;.<\/p>\n<p>&nbsp;<\/p>\n<p class=\"bawpvc-ajax-counter\" data-id=\"18500\">Yaz\u0131ya 67 d\u0259f\u0259 bax\u0131l\u0131b<\/p>\n","protected":false},"excerpt":{"rendered":"<p>kultur.az x\u0259b\u0259r verir ki, son zamanlar \u0130ran\u0131n Az\u0259rbaycan\u0131n s\u0259rh\u0259d \u0259razil\u0259rind\u0259 ke\u00e7irdiyi h\u0259rbi t\u0259liml\u0259r v\u0259 Erm\u0259nistana verdikl\u0259ri d\u0259st\u0259y\u0259 etiraz olaraq \u015e\u0259mkir v\u0259 onun k\u0259ndl\u0259rind\u0259 f\u0259aliyy\u0259t g\u00f6st\u0259r\u0259n \u015e\u0259mkir rayon \u201cC\u00fcm\u0259\u201d m\u0259scidinin imam\u0131 v\u0259 dini icmas\u0131n\u0131n s\u0259dri Natiq \u015e\u0131xaliyev, Qafqaz Mu\u0308s\u0259lmanlar\u0131 I\u0307dar\u0259sinin \u201c\u015e\u0259mkir rayon v\u0259 \u0259traf k\u0259ndl\u0259r \u00fczr\u0259 s\u0259lahiyy\u0259tli n\u00fcmay\u0259nd\u0259si Elmar Rzayevl\u0259 yana\u015f\u0131 dig\u0259r dini inancl\u0131lar m\u0259tbuata a\u00e7\u0131q [&hellip;]<\/p>\n","protected":false},"author":1,"featured_media":0,"comment_status":"closed","ping_status":"closed","sticky":false,"template":"","format":"standard","meta":[],"categories":[1,5,4],"tags":[],"_links":{"self":[{"href":"https:\/\/kultur.az\/index.php?rest_route=\/wp\/v2\/posts\/18500"}],"collection":[{"href":"https:\/\/kultur.az\/index.php?rest_route=\/wp\/v2\/posts"}],"about":[{"href":"https:\/\/kultur.az\/index.php?rest_route=\/wp\/v2\/types\/post"}],"author":[{"embeddable":true,"href":"https:\/\/kultur.az\/index.php?rest_route=\/wp\/v2\/users\/1"}],"replies":[{"embeddable":true,"href":"https:\/\/kultur.az\/index.php?rest_route=%2Fwp%2Fv2%2Fcomments&post=18500"}],"version-history":[{"count":4,"href":"https:\/\/kultur.az\/index.php?rest_route=\/wp\/v2\/posts\/18500\/revisions"}],"predecessor-version":[{"id":18505,"href":"https:\/\/kultur.az\/index.php?rest_route=\/wp\/v2\/posts\/18500\/revisions\/18505"}],"wp:attachment":[{"href":"https:\/\/kultur.az\/index.php?rest_route=%2Fwp%2Fv2%2Fmedia&parent=18500"}],"wp:term":[{"taxonomy":"category","embeddable":true,"href":"https:\/\/kultur.az\/index.php?rest_route=%2Fwp%2Fv2%2Fcategories&post=18500"},{"taxonomy":"post_tag","embeddable":true,"href":"https:\/\/kultur.az\/index.php?rest_route=%2Fwp%2Fv2%2Ftags&post=18500"}],"curies":[{"name":"wp","href":"https:\/\/api.w.org\/{rel}","templated":true}]}}