{"id":18540,"date":"2022-12-20T10:54:03","date_gmt":"2022-12-20T06:54:03","guid":{"rendered":"https:\/\/kultur.az\/?p=18540"},"modified":"2022-12-20T10:56:24","modified_gmt":"2022-12-20T06:56:24","slug":"sabir-rust%c9%99mxanlinin-v%c9%99t%c9%99ndasligin-%c9%99lifbasi-adli-kitabinin-t%c9%99qdimati-olacaqdir","status":"publish","type":"post","link":"https:\/\/kultur.az\/?p=18540","title":{"rendered":"Sabir R\u00fcst\u0259mxanl\u0131n\u0131n &#8220;V\u0259t\u0259nda\u015fl\u0131\u011f\u0131n \u0259lifbas\u0131&#8221; adl\u0131 kitab\u0131n\u0131n t\u0259qdimat\u0131 olacaq"},"content":{"rendered":"<p><a href=\"https:\/\/kultur.az\/wp-content\/uploads\/2022\/12\/1656422903_982.jpg\"><img decoding=\"async\" loading=\"lazy\" class=\"aligncenter size-medium wp-image-18541\" alt=\"1656422903_982\" src=\"https:\/\/kultur.az\/wp-content\/uploads\/2022\/12\/1656422903_982-300x168.jpg\" width=\"300\" height=\"168\" srcset=\"https:\/\/kultur.az\/wp-content\/uploads\/2022\/12\/1656422903_982-300x168.jpg 300w, https:\/\/kultur.az\/wp-content\/uploads\/2022\/12\/1656422903_982.jpg 768w\" sizes=\"(max-width: 300px) 100vw, 300px\" \/><\/a>www.kultur.az x\u0259b\u0259r verir, 21 dekabr 2022-ci il saat 14:00-da Az\u0259rbaycan Yaz\u0131\u00e7\u0131lar Birliyi \u201cNat\u0259van\u201d ad\u0131na klubda \u00a0Xalq \u015fairi Sabir R\u00fcst\u0259mxanl\u0131n\u0131n &#8220;V\u0259t\u0259nda\u015fl\u0131\u011f\u0131n \u0259lifbas\u0131&#8221; adl\u0131 kitab\u0131n\u0131n t\u0259qdimat\u0131 olacaq.<\/p>\n<p>Xat\u0131rladaq ki, bundan \u0259vv\u0259l yaz\u0131\u00e7\u0131, \u015fair, publisist, ssenarist Sabir R\u00fcst\u0259mxanl\u0131n\u0131n \u00a0&#8220;Tan\u0131maq ist\u0259s\u0259n&#8221;, &#8220;X\u0259b\u0259r g\u00f6zl\u0259yir\u0259m&#8221;, \u201cSevgim,sevincim\u201d, &#8220;G\u0259nc\u0259 qap\u0131s\u0131&#8221;, &#8220;Sa\u011f ol, ana dilim!&#8221;, &#8220;Qan yadda\u015f\u0131&#8221;, &#8220;\u00d6m\u00fcr kitab\u0131&#8221;, &#8220;Atam\u0131n ruhu&#8221;, &#8220;Bu s\u0259nin xalq\u0131nd\u0131r&#8221;, &#8220;Zaman m\u0259nd\u0259n ke\u00e7ir&#8221;, &#8220;X\u0259tai yurdu&#8221;, &#8220;G\u00f6y Tanr\u0131&#8221;, &#8220;B\u00fct\u00f6vl\u00fck h\u0259sr\u0259ti&#8221;, &#8220;Atam\u0131n ruhu&#8221; (t\u0259krar), &#8220;\u00d6l\u00fcm zirv\u0259si&#8221;, &#8220;Difai f\u0259dail\u0259ri&#8221;, &#8220;Sunami&#8221;, &#8220;\u018fb\u0259di Sevda&#8221;, \u201cD\u0259rd\u0259 \u0259yilm\u0259\u201d, \u201c\u015eair v\u0259 \u015e\u0259r\u201d, \u201cAkademikin son \u0259s\u0259ri\u201d (2017), \u201cAstar\u201d (2018) kitablar\u0131 i\u015f\u0131q \u00fcz\u00fc g\u00f6r\u00fcb.<\/p>\n<p><a href=\"https:\/\/kultur.az\/wp-content\/uploads\/2022\/12\/\u0411\u0435\u0437-\u043d\u0430\u0437\u0432\u0430\u043d\u0438\u044f1.jpg\"><img decoding=\"async\" loading=\"lazy\" class=\"aligncenter size-full wp-image-18542\" alt=\"\u0411\u0435\u0437 \u043d\u0430\u0437\u0432\u0430\u043d\u0438\u044f\" src=\"https:\/\/kultur.az\/wp-content\/uploads\/2022\/12\/\u0411\u0435\u0437-\u043d\u0430\u0437\u0432\u0430\u043d\u0438\u044f1.jpg\" width=\"259\" height=\"194\" \/><\/a><\/p>\n<p class=\"bawpvc-ajax-counter\" data-id=\"18540\">Yaz\u0131ya 55 d\u0259f\u0259 bax\u0131l\u0131b<\/p>\n","protected":false},"excerpt":{"rendered":"<p>www.kultur.az x\u0259b\u0259r verir, 21 dekabr 2022-ci il saat 14:00-da Az\u0259rbaycan Yaz\u0131\u00e7\u0131lar Birliyi \u201cNat\u0259van\u201d ad\u0131na klubda \u00a0Xalq \u015fairi Sabir R\u00fcst\u0259mxanl\u0131n\u0131n &#8220;V\u0259t\u0259nda\u015fl\u0131\u011f\u0131n \u0259lifbas\u0131&#8221; adl\u0131 kitab\u0131n\u0131n t\u0259qdimat\u0131 olacaq. Xat\u0131rladaq ki, bundan \u0259vv\u0259l yaz\u0131\u00e7\u0131, \u015fair, publisist, ssenarist Sabir R\u00fcst\u0259mxanl\u0131n\u0131n \u00a0&#8220;Tan\u0131maq ist\u0259s\u0259n&#8221;, &#8220;X\u0259b\u0259r g\u00f6zl\u0259yir\u0259m&#8221;, \u201cSevgim,sevincim\u201d, &#8220;G\u0259nc\u0259 qap\u0131s\u0131&#8221;, &#8220;Sa\u011f ol, ana dilim!&#8221;, &#8220;Qan yadda\u015f\u0131&#8221;, &#8220;\u00d6m\u00fcr kitab\u0131&#8221;, &#8220;Atam\u0131n ruhu&#8221;, &#8220;Bu s\u0259nin xalq\u0131nd\u0131r&#8221;, [&hellip;]<\/p>\n","protected":false},"author":1,"featured_media":18541,"comment_status":"closed","ping_status":"closed","sticky":false,"template":"","format":"standard","meta":[],"categories":[20,3,21],"tags":[],"_links":{"self":[{"href":"https:\/\/kultur.az\/index.php?rest_route=\/wp\/v2\/posts\/18540"}],"collection":[{"href":"https:\/\/kultur.az\/index.php?rest_route=\/wp\/v2\/posts"}],"about":[{"href":"https:\/\/kultur.az\/index.php?rest_route=\/wp\/v2\/types\/post"}],"author":[{"embeddable":true,"href":"https:\/\/kultur.az\/index.php?rest_route=\/wp\/v2\/users\/1"}],"replies":[{"embeddable":true,"href":"https:\/\/kultur.az\/index.php?rest_route=%2Fwp%2Fv2%2Fcomments&post=18540"}],"version-history":[{"count":2,"href":"https:\/\/kultur.az\/index.php?rest_route=\/wp\/v2\/posts\/18540\/revisions"}],"predecessor-version":[{"id":18544,"href":"https:\/\/kultur.az\/index.php?rest_route=\/wp\/v2\/posts\/18540\/revisions\/18544"}],"wp:featuredmedia":[{"embeddable":true,"href":"https:\/\/kultur.az\/index.php?rest_route=\/wp\/v2\/media\/18541"}],"wp:attachment":[{"href":"https:\/\/kultur.az\/index.php?rest_route=%2Fwp%2Fv2%2Fmedia&parent=18540"}],"wp:term":[{"taxonomy":"category","embeddable":true,"href":"https:\/\/kultur.az\/index.php?rest_route=%2Fwp%2Fv2%2Fcategories&post=18540"},{"taxonomy":"post_tag","embeddable":true,"href":"https:\/\/kultur.az\/index.php?rest_route=%2Fwp%2Fv2%2Ftags&post=18540"}],"curies":[{"name":"wp","href":"https:\/\/api.w.org\/{rel}","templated":true}]}}