{"id":18641,"date":"2023-03-04T21:02:24","date_gmt":"2023-03-04T17:02:24","guid":{"rendered":"https:\/\/kultur.az\/?p=18641"},"modified":"2023-03-04T21:02:24","modified_gmt":"2023-03-04T17:02:24","slug":"i-l%c9%99nk%c9%99ran-kitab-s%c9%99rgisi-keciril%c9%99c%c9%99k","status":"publish","type":"post","link":"https:\/\/kultur.az\/?p=18641","title":{"rendered":"I L\u0259nk\u0259ran Kitab S\u0259rgisi ke\u00e7iril\u0259c\u0259k"},"content":{"rendered":"<p><a href=\"https:\/\/kultur.az\/wp-content\/uploads\/2023\/03\/lenkeran-sergisi.jpg\"><img decoding=\"async\" loading=\"lazy\" class=\"aligncenter size-medium wp-image-18642\" alt=\"R Blurred Spring sale 1\" src=\"https:\/\/kultur.az\/wp-content\/uploads\/2023\/03\/lenkeran-sergisi-300x200.jpg\" width=\"300\" height=\"200\" \/><\/a>10-12 mart tarixl\u0259rind\u0259 Az\u0259rbaycan N\u0259\u015friyyatlar\u0131 Assosiasiyas\u0131, Az\u0259rbaycan Respublikas\u0131 M\u0259d\u0259niyy\u0259t Nazirliyi v\u0259 L\u0259nk\u0259ran \u015f\u0259h\u0259r \u0130cra Hakimiyy\u0259tinin birg\u0259 t\u0259\u015fkilat\u00e7\u0131l\u0131\u011f\u0131 v\u0259 L\u0259nk\u0259ran-Astara Regional T\u0259hsil \u0130dar\u0259sinin t\u0259\u015fkilati d\u0259st\u0259yil\u0259 I L\u0259nk\u0259ran Kitab S\u0259rgisi h\u0259yata ke\u00e7iril\u0259c\u0259k.<\/p>\n<p>kultur.az x\u0259b\u0259r verir ki, \u00f6lk\u0259nin apar\u0131c\u0131 n\u0259\u015friyyatlar\u0131n\u0131n i\u015ftirak\u0131 il\u0259 ba\u015f tutacaq s\u0259rgi \u00e7\u0259r\u00e7iv\u0259sind\u0259 m\u00f6ht\u0259\u015f\u0259m proqram v\u0259 \u00e7ox\u00e7e\u015fidli kitablar\u0131n sat\u0131\u015f\u0131, el\u0259c\u0259 d\u0259 n\u00fcmayi\u015fi n\u0259z\u0259rd\u0259 tutulub.<\/p>\n<p>M\u00fcxt\u0259lif endiriml\u0259rin t\u0259tbiq olunaca\u011f\u0131 kitab bayram\u0131nda tan\u0131nm\u0131\u015f \u0259dibl\u0259rin i\u015ftirak\u0131 il\u0259 t\u0259qdimatlar, imza m\u0259rasiml\u0259ri, konsert proqramlar\u0131, \u015feir gec\u0259l\u0259ri, u\u015faqlar \u00fc\u00e7\u00fcn na\u011f\u0131l saatlar\u0131 v\u0259 master-klaslar ke\u00e7iril\u0259c\u0259k.<\/p>\n<p>L\u0259nk\u0259ran \u015f\u0259h\u0259ri Heyd\u0259r \u018fliyev M\u0259rk\u0259zind\u0259 ke\u00e7irilm\u0259si n\u0259z\u0259rd\u0259 tutulan \u00fc\u00e7 g\u00fcnl\u00fck s\u0259rgiy\u0259 giri\u015f 10:00-dan 18:00-d\u0259k m\u00fcmk\u00fcn olacaq.<\/p>\n<p>Oxucular s\u0259rgi \u00e7\u0259r\u00e7iv\u0259sind\u0259 yaz\u0131\u00e7\u0131lar Elxan Elatl\u0131, R\u00f6v\u015f\u0259n Abdullao\u011flu, qira\u0259t\u00e7i X\u0259z\u0259r S\u00fcleymanl\u0131, fotoqraf Vaqif Cabbarov, filosof Mail Yaqub, t\u0259lim\u00e7i Arzu Pa\u015fazad\u0259, el\u0259c\u0259 d\u0259 dig\u0259r tan\u0131nm\u0131\u015flarla g\u00f6r\u00fc\u015f imkan\u0131 \u0259ld\u0259 ed\u0259c\u0259kl\u0259r.<\/p>\n<p>Giri\u015f pulsuzdur.<\/p>\n<p class=\"bawpvc-ajax-counter\" data-id=\"18641\">Yaz\u0131ya 43 d\u0259f\u0259 bax\u0131l\u0131b<\/p>\n","protected":false},"excerpt":{"rendered":"<p>10-12 mart tarixl\u0259rind\u0259 Az\u0259rbaycan N\u0259\u015friyyatlar\u0131 Assosiasiyas\u0131, Az\u0259rbaycan Respublikas\u0131 M\u0259d\u0259niyy\u0259t Nazirliyi v\u0259 L\u0259nk\u0259ran \u015f\u0259h\u0259r \u0130cra Hakimiyy\u0259tinin birg\u0259 t\u0259\u015fkilat\u00e7\u0131l\u0131\u011f\u0131 v\u0259 L\u0259nk\u0259ran-Astara Regional T\u0259hsil \u0130dar\u0259sinin t\u0259\u015fkilati d\u0259st\u0259yil\u0259 I L\u0259nk\u0259ran Kitab S\u0259rgisi h\u0259yata ke\u00e7iril\u0259c\u0259k. kultur.az x\u0259b\u0259r verir ki, \u00f6lk\u0259nin apar\u0131c\u0131 n\u0259\u015friyyatlar\u0131n\u0131n i\u015ftirak\u0131 il\u0259 ba\u015f tutacaq s\u0259rgi \u00e7\u0259r\u00e7iv\u0259sind\u0259 m\u00f6ht\u0259\u015f\u0259m proqram v\u0259 \u00e7ox\u00e7e\u015fidli kitablar\u0131n sat\u0131\u015f\u0131, el\u0259c\u0259 d\u0259 n\u00fcmayi\u015fi n\u0259z\u0259rd\u0259 tutulub. M\u00fcxt\u0259lif [&hellip;]<\/p>\n","protected":false},"author":1,"featured_media":0,"comment_status":"closed","ping_status":"closed","sticky":false,"template":"","format":"standard","meta":[],"categories":[4,3,21],"tags":[],"_links":{"self":[{"href":"https:\/\/kultur.az\/index.php?rest_route=\/wp\/v2\/posts\/18641"}],"collection":[{"href":"https:\/\/kultur.az\/index.php?rest_route=\/wp\/v2\/posts"}],"about":[{"href":"https:\/\/kultur.az\/index.php?rest_route=\/wp\/v2\/types\/post"}],"author":[{"embeddable":true,"href":"https:\/\/kultur.az\/index.php?rest_route=\/wp\/v2\/users\/1"}],"replies":[{"embeddable":true,"href":"https:\/\/kultur.az\/index.php?rest_route=%2Fwp%2Fv2%2Fcomments&post=18641"}],"version-history":[{"count":1,"href":"https:\/\/kultur.az\/index.php?rest_route=\/wp\/v2\/posts\/18641\/revisions"}],"predecessor-version":[{"id":18643,"href":"https:\/\/kultur.az\/index.php?rest_route=\/wp\/v2\/posts\/18641\/revisions\/18643"}],"wp:attachment":[{"href":"https:\/\/kultur.az\/index.php?rest_route=%2Fwp%2Fv2%2Fmedia&parent=18641"}],"wp:term":[{"taxonomy":"category","embeddable":true,"href":"https:\/\/kultur.az\/index.php?rest_route=%2Fwp%2Fv2%2Fcategories&post=18641"},{"taxonomy":"post_tag","embeddable":true,"href":"https:\/\/kultur.az\/index.php?rest_route=%2Fwp%2Fv2%2Ftags&post=18641"}],"curies":[{"name":"wp","href":"https:\/\/api.w.org\/{rel}","templated":true}]}}