{"id":18676,"date":"2023-04-17T22:53:52","date_gmt":"2023-04-17T17:53:52","guid":{"rendered":"https:\/\/kultur.az\/?p=18676"},"modified":"2023-04-17T22:53:52","modified_gmt":"2023-04-17T17:53:52","slug":"anaib-i-naxcivan-kitab-s%c9%99rgisi-keciril%c9%99c%c9%99k","status":"publish","type":"post","link":"https:\/\/kultur.az\/?p=18676","title":{"rendered":"ANA\u0130B I Nax\u00e7\u0131van Kitab S\u0259rgisi ke\u00e7iril\u0259c\u0259k"},"content":{"rendered":"<p><a href=\"https:\/\/kultur.az\/wp-content\/uploads\/2023\/04\/naxchivan-sergisi.jpg\"><img decoding=\"async\" loading=\"lazy\" class=\"aligncenter size-medium wp-image-18677\" alt=\"naxchivan sergisi\" src=\"https:\/\/kultur.az\/wp-content\/uploads\/2023\/04\/naxchivan-sergisi-300x200.jpg\" width=\"300\" height=\"200\" \/><\/a>13-14 may tarixl\u0259rind\u0259 Nax\u00e7\u0131vanda \u201cAz\u0259rbaycan N\u0259\u015friyyatlar\u0131 Assosiasiyas\u0131\u201d \u0130ctimai Birliyi (ANA\u0130B), Nax\u00e7\u0131van Universiteti v\u0259 \u201cH\u0259d\u0259f\u201d \u015eirk\u0259tl\u0259r Qrupunun t\u0259\u015fkilat\u00e7\u0131l\u0131\u011f\u0131 il\u0259 \u00dcmumilli lider Heyd\u0259r \u018fliyevin 100 illiyin\u0259 h\u0259sr olunmu\u015f ANA\u0130B I Nax\u00e7\u0131van Kitab S\u0259rgisi ke\u00e7iril\u0259c\u0259k.<\/p>\n<p>kultur.az anaib.az-a istinad\u0259n x\u0259b\u0259r verir ki, Nax\u00e7\u0131van Universitetind\u0259 ba\u015f tutacaq s\u0259rgi h\u0259r g\u00fcn 10:00-dan 19:00-a q\u0259d\u0259r davam ed\u0259c\u0259k.<\/p>\n<p>H\u0259mi\u015f\u0259 oldu\u011fu kimi z\u0259ngin proqrama ev sahibliyi ed\u0259c\u0259k kitab festival\u0131nda tan\u0131nm\u0131\u015f \u0259dibl\u0259r, mentorlar, aktyorlar, qira\u0259t\u00e7il\u0259r, el\u0259c\u0259 d\u0259 m\u0259d\u0259niyy\u0259tin dig\u0259r sah\u0259l\u0259rind\u0259 ixtisasla\u015fm\u0131\u015f m\u0259\u015fhurlar i\u015ftirak ed\u0259c\u0259k, oxuculara unudulmaz bayram ab-havas\u0131 ya\u015fadacaqlar.<\/p>\n<p>S\u0259rgid\u0259 \u00f6lk\u0259mizin ziyal\u0131lar\u0131 il\u0259 g\u00f6r\u00fc\u015f, m\u0259\u015fhur yaz\u0131\u00e7\u0131lar\u0131n t\u0259qdimat v\u0259 imza saatlar\u0131, m\u00fcxt\u0259lif panell\u0259r ke\u00e7iril\u0259c\u0259k. \u018fn \u0259sas\u0131 is\u0259 minl\u0259rl\u0259 kitab endirimli qiym\u0259tl\u0259rl\u0259 oxucular\u0131n ixtiyar\u0131nda olacaq.<\/p>\n<p>Bundan \u0259lav\u0259 s\u0259rgid\u0259 g\u00f6rm\u0259k ist\u0259diyiniz m\u0259\u015fhurlar\u0131n \u2013 yaz\u0131\u00e7\u0131, \u015fair, el\u0259c\u0259 d\u0259 ictimai xadiml\u0259rin adlar\u0131n\u0131 ANA\u0130B-in sosial media hesablar\u0131na yaza bil\u0259rsiniz.<\/p>\n<p>Qeyd ed\u0259k ki, bu s\u0259rgi d\u0259 \u201cB\u00f6lg\u0259l\u0259r\u0259 kitabla gedirik!\u201d sloqan\u0131 alt\u0131nda t\u0259\u015fkil olunur.<\/p>\n<p>Giri\u015f s\u0259rb\u0259stdir.<\/p>\n<p class=\"bawpvc-ajax-counter\" data-id=\"18676\">Yaz\u0131ya 13 d\u0259f\u0259 bax\u0131l\u0131b<\/p>\n","protected":false},"excerpt":{"rendered":"<p>13-14 may tarixl\u0259rind\u0259 Nax\u00e7\u0131vanda \u201cAz\u0259rbaycan N\u0259\u015friyyatlar\u0131 Assosiasiyas\u0131\u201d \u0130ctimai Birliyi (ANA\u0130B), Nax\u00e7\u0131van Universiteti v\u0259 \u201cH\u0259d\u0259f\u201d \u015eirk\u0259tl\u0259r Qrupunun t\u0259\u015fkilat\u00e7\u0131l\u0131\u011f\u0131 il\u0259 \u00dcmumilli lider Heyd\u0259r \u018fliyevin 100 illiyin\u0259 h\u0259sr olunmu\u015f ANA\u0130B I Nax\u00e7\u0131van Kitab S\u0259rgisi ke\u00e7iril\u0259c\u0259k. kultur.az anaib.az-a istinad\u0259n x\u0259b\u0259r verir ki, Nax\u00e7\u0131van Universitetind\u0259 ba\u015f tutacaq s\u0259rgi h\u0259r g\u00fcn 10:00-dan 19:00-a q\u0259d\u0259r davam ed\u0259c\u0259k. H\u0259mi\u015f\u0259 oldu\u011fu kimi z\u0259ngin proqrama [&hellip;]<\/p>\n","protected":false},"author":1,"featured_media":0,"comment_status":"closed","ping_status":"closed","sticky":false,"template":"","format":"standard","meta":[],"categories":[4,3,21],"tags":[],"_links":{"self":[{"href":"https:\/\/kultur.az\/index.php?rest_route=\/wp\/v2\/posts\/18676"}],"collection":[{"href":"https:\/\/kultur.az\/index.php?rest_route=\/wp\/v2\/posts"}],"about":[{"href":"https:\/\/kultur.az\/index.php?rest_route=\/wp\/v2\/types\/post"}],"author":[{"embeddable":true,"href":"https:\/\/kultur.az\/index.php?rest_route=\/wp\/v2\/users\/1"}],"replies":[{"embeddable":true,"href":"https:\/\/kultur.az\/index.php?rest_route=%2Fwp%2Fv2%2Fcomments&post=18676"}],"version-history":[{"count":1,"href":"https:\/\/kultur.az\/index.php?rest_route=\/wp\/v2\/posts\/18676\/revisions"}],"predecessor-version":[{"id":18678,"href":"https:\/\/kultur.az\/index.php?rest_route=\/wp\/v2\/posts\/18676\/revisions\/18678"}],"wp:attachment":[{"href":"https:\/\/kultur.az\/index.php?rest_route=%2Fwp%2Fv2%2Fmedia&parent=18676"}],"wp:term":[{"taxonomy":"category","embeddable":true,"href":"https:\/\/kultur.az\/index.php?rest_route=%2Fwp%2Fv2%2Fcategories&post=18676"},{"taxonomy":"post_tag","embeddable":true,"href":"https:\/\/kultur.az\/index.php?rest_route=%2Fwp%2Fv2%2Ftags&post=18676"}],"curies":[{"name":"wp","href":"https:\/\/api.w.org\/{rel}","templated":true}]}}