{"id":18810,"date":"2023-05-18T22:51:21","date_gmt":"2023-05-18T17:51:21","guid":{"rendered":"https:\/\/kultur.az\/?p=18810"},"modified":"2023-05-18T22:51:21","modified_gmt":"2023-05-18T17:51:21","slug":"kamal-h%c9%99s%c9%99n-oglu-camalov-50-m%c9%99nali-v%c9%99-s%c9%99m%c9%99r%c9%99li-h%c9%99yat-yolu","status":"publish","type":"post","link":"https:\/\/kultur.az\/?p=18810","title":{"rendered":"KAMAL H\u018fS\u018fN O\u011eLU CAMALOV \u2013 50 M\u018fNALI V\u018f S\u018fM\u018fR\u018fL\u0130 H\u018fYAT YOLU"},"content":{"rendered":"<p><a href=\"https:\/\/kultur.az\/wp-content\/uploads\/2023\/05\/\u0441\u043a\u0430\u043d\u0438\u0440\u043e\u0432\u0430\u043d\u0438\u04350001.jpg\"><img decoding=\"async\" loading=\"lazy\" class=\"aligncenter size-medium wp-image-18812\" alt=\"\u0441\u043a\u0430\u043d\u0438\u0440\u043e\u0432\u0430\u043d\u0438\u04350001\" src=\"https:\/\/kultur.az\/wp-content\/uploads\/2023\/05\/\u0441\u043a\u0430\u043d\u0438\u0440\u043e\u0432\u0430\u043d\u0438\u04350001-300x240.jpg\" width=\"300\" height=\"240\" \/><\/a>Az\u0259rbaycanda \u00e7a\u011fda\u015f pedaqogika elminin m\u0259hsuldar n\u00fcmay\u0259nd\u0259l\u0259rind\u0259n biri d\u0259 Kamal H\u0259s\u0259n o\u011flu Camalovdur.<\/p>\n<p>Tarix\u0259n bel\u0259 \u0259n\u0259n\u0259 m\u00f6vcud olmu\u015fdur ki, b\u0259zi m\u0259\u015fhur pedaqoqlar t\u0259hsilin, t\u0259rbiy\u0259nin, \u015f\u0259xsiyy\u0259tin formala\u015fmas\u0131n\u0131n, m\u0259kt\u0259b\u015f\u00fcnasl\u0131\u011f\u0131n aktual probleml\u0259rind\u0259n t\u0259dqiqatlar aparmaqla, d\u0259rslik v\u0259 d\u0259rs v\u0259saitl\u0259ri yazmaqla, auditoriyada, sinifd\u0259 d\u0259rs dem\u0259kl\u0259 yana\u015f\u0131\u00a0 b\u0259dii yarad\u0131c\u0131l\u0131qla da m\u0259\u015f\u011ful olmu\u015flar. Do\u011frudur onlar\u0131n \u0259sl pe\u015f\u0259si, m\u0259\u015f\u011fuliyy\u0259t sah\u0259si m\u00fc\u0259llimlik, pedaqoqluq, t\u0259hsil n\u0259z\u0259riyy\u0259si olsa da, yaz\u0131\u00e7\u0131l\u0131\u011f\u0131, \u015fairliyi \u00f6zl\u0259rin\u0259 hobbi se\u00e7mi\u015fl\u0259r.<\/p>\n<p>Kamal m\u00fc\u0259llimd\u0259n s\u00f6z d\u00fc\u015f\u0259nd\u0259 h\u0259min \u015f\u0259xsl\u0259r, K.D. U\u015finski, A.S. Makarenko, R\u0259\u015fidb\u0259y \u018ff\u0259ndiyev, \u018fjd\u0259r A\u011fayev, F\u0259rahim Sad\u0131qov v\u0259 b. d\u00fc\u015fd\u00fc.\u00a0 K.D. U\u015finskinin xeyli ibr\u0259tamiz hekay\u0259l\u0259ri, A.S. Makarenkonun \u201cPedaqoji poema\u201d, \u201cQ\u00fcll\u0259l\u0259r \u00fcz\u0259rind\u0259 bayraqlar\u201d kimi povestl\u0259ri, \u018fjd\u0259r A\u011fayevin hekay\u0259l\u0259r v\u0259 \u015feirl\u0259r kitablar\u0131,\u00a0 F\u0259rahim Sad\u0131qovun pyesl\u0259ri var. M\u0259n \u00f6z\u00fcm d\u0259 5 roman\u0131n (\u201cAldanma s\u00f6zl\u0259r\u0259\u201d, \u201cSamsundan ba\u015flanan yol\u201d, \u201cAc\u0131 xatir\u0259l\u0259r\u201d, \u201cSultan II Murad\u201d, \u201cFateh Sultan M\u0259hm\u0259t\u201d, bir ne\u00e7\u0259 povestin (\u201cAnan\u0131n \u00fcr\u0259yin\u0259 ged\u0259n yol\u201d, \u201c\u018fli\u015f v\u0259 Anna dastan\u0131\u201d, \u201cYax\u015f\u0131l\u0131q qap\u0131 a\u00e7ar\u201d), 2 pyesin (\u201cAtat\u00fcrk\u201d v\u0259 \u201cYax\u015f\u0131 yolda\u015f\u201d), bir \u00e7ox hekay\u0259l\u0259r kitablar\u0131n\u0131n m\u00fc\u0259llifiy\u0259m. B\u0259dii \u0259s\u0259rl\u0259rimin 10 cildliyi i\u015f\u0131q \u00fcz\u00fc g\u00f6rm\u00fc\u015fd\u00fcr.<\/p>\n<p><a href=\"https:\/\/kultur.az\/wp-content\/uploads\/2023\/05\/DSC_0649.jpg\"><img decoding=\"async\" loading=\"lazy\" class=\"aligncenter size-medium wp-image-18811\" alt=\"DSC_0649\" src=\"https:\/\/kultur.az\/wp-content\/uploads\/2023\/05\/DSC_0649-207x300.jpg\" width=\"207\" height=\"300\" srcset=\"https:\/\/kultur.az\/wp-content\/uploads\/2023\/05\/DSC_0649-207x300.jpg 207w, https:\/\/kultur.az\/wp-content\/uploads\/2023\/05\/DSC_0649-708x1024.jpg 708w\" sizes=\"(max-width: 207px) 100vw, 207px\" \/><\/a>Pedaqoqlardan \u018fjd\u0259r A\u011fayev, A\u011fah\u00fcseyn H\u0259s\u0259nov Az\u0259rbaycan Yaz\u0131\u00e7\u0131lar Birliyinin \u00fczvl\u0259ri idil\u0259r. M\u0259n d\u0259 birliyin \u00fczv\u00fcy\u0259m.<\/p>\n<p>Bu il 50 illiyini qeyd ed\u0259c\u0259yimiz pedaqogika elml\u0259ri doktoru Kamal Camalov alim olmaqla yana\u015f\u0131 h\u0259m d\u0259 Az\u0259rbaycan Yaz\u0131\u00e7\u0131lar Birliyinin \u00fczv\u00fcd\u00fcr.<\/p>\n<p>\u00c7ox yax\u015f\u0131!<\/p>\n<p>Bu q\u0131sa m\u0259lumatdan sonra g\u0259lin g\u00f6r\u0259k Kamal H\u0259s\u0259n o\u011flu Camalov kimdir, f\u0259aliyy\u0259ti hans\u0131 c\u0259h\u0259tl\u0259rin\u0259 g\u00f6r\u0259 diqq\u0259t\u0259layiqdir.<\/p>\n<p>Kamal Camalov \u00a01973-c\u00fc il\u00a0dekabr\u0131n 5-d\u0259 <a title=\"Nax\u00e7\u0131van MSSR\" href=\"https:\/\/az.wikipedia.org\/wiki\/Nax%C3%A7%C4%B1van_MSSR\">Nax\u00e7\u0131van MSSR<\/a>-in\u00a0<a title=\"K\u0259ng\u0259rli rayonu\" href=\"https:\/\/az.wikipedia.org\/wiki\/K%C9%99ng%C9%99rli_rayonu\">K\u0259ng\u0259rli rayonunun<\/a>\u00a0<a title=\"Q\u0131vraq\" href=\"https:\/\/az.wikipedia.org\/wiki\/Q%C4%B1vraq\">Q\u0131vraq<\/a>\u00a0q\u0259s\u0259b\u0259sind\u0259 d\u00fcnyaya g\u00f6z a\u00e7\u0131b. <a title=\"Nax\u00e7\u0131van D\u00f6vl\u0259t Universiteti\" href=\"https:\/\/az.wikipedia.org\/wiki\/Nax%C3%A7%C4%B1van_D%C3%B6vl%C9%99t_Universiteti\">Nax\u00e7\u0131van D\u00f6vl\u0259t Universitetind\u0259 <\/a>\u00a0\u00a0 dil-\u0259d\u0259biyyat ixtisas\u0131 \u00fczr\u0259 t\u0259hsil al\u0131b,\u00a0 universiteti f\u0259rql\u0259nm\u0259 diplomu il\u0259 bitirib.<\/p>\n<p>T\u0259hsil ill\u0259rind\u0259 n\u00fcmun\u0259vi davran\u0131\u015f\u0131 v\u0259 t\u0259hsild\u0259ki nailiyy\u0259tl\u0259rin\u0259 g\u00f6r\u0259 f\u0259rql\u0259nib, &#8220;Abbas Zamanov ad\u0131na t\u0259qa\u00fcd&#8221;\u0259 layiq g\u00f6r\u00fcl\u00fcb.<\/p>\n<p>Ali t\u0259hsilini ba\u015fa vurandan sonra Nax\u00e7\u0131van D\u00f6vl\u0259t Universitetinin Pedaqogika v\u0259 psixologiya kafedras\u0131nda \u0259vv\u0259ll\u0259r m\u00fc\u0259llim, daha sonra\u00a0 ba\u015f m\u00fc\u0259llim v\u0259zif\u0259l\u0259rind\u0259 i\u015fl\u0259yib. Nax\u00e7\u0131van M\u00fc\u0259lliml\u0259r \u0130nstitutunun T\u0259dris v\u0259 t\u0259rbiy\u0259 i\u015fl\u0259ri \u00fczr\u0259 prorektor t\u0259yin edilib (2018).<\/p>\n<p>M\u00fc\u0259llim pe\u015f\u0259sin\u0259 sonsuz m\u0259h\u0259bb\u0259tl\u0259 ba\u011flansa da, t\u0259l\u0259b\u0259l\u0259rl\u0259 i\u015f ona son d\u0259r\u0259c\u0259 maraql\u0131 g\u00f6r\u00fcns\u0259 d\u0259, m\u00fc\u0259llim-t\u0259l\u0259b\u0259 m\u00fcnasib\u0259tl\u0259rini, pedaqoji \u0259m\u0259kda\u015fl\u0131\u011f\u0131 y\u00fcks\u0259k s\u0259viyy\u0259d\u0259 qursa da onda elm\u0259 b\u00f6y\u00fck h\u0259v\u0259s oldu\u011fundan arzular\u0131n\u0131n qanadlar\u0131nda\u00a0 \u00a0yola \u00e7\u0131xaraq, Az\u0259rbaycan D\u00f6vl\u0259t Pedaqoji Universitetinin aspiranturas\u0131na (qiyabi \u015f\u00f6b\u0259sin\u0259) daxil olmaq \u00fc\u00e7\u00fcn \u0259riz\u0259 verib.<\/p>\n<p>&#8220;H\u00fcseyn Cavidin pedaqoji ideyalar\u0131&#8221; m\u00f6vzusunda namiz\u0259dlik dissertasiyas\u0131n\u0131 (elmi r\u0259hb\u0259ri akad. H\u00fcseyn \u018fhm\u0259dov) ba\u015fa \u00e7atd\u0131r\u0131b, 2004-c\u00fc ild\u0259 m\u00fcdafi\u0259 ed\u0259r\u0259k, \u00fcmumi pedaqogika, pedaqogika v\u0259 t\u0259hsilin tarixi ixtisas\u0131 \u00fczr\u0259 pedaqogika \u00fczr\u0259 f\u0259ls\u0259f\u0259 doktoru \u00a0elmi d\u0259r\u0259c\u0259si al\u0131b.<\/p>\n<p>Kamal Camalov n\u0259inki Nax\u00e7\u0131van Muxtar Respublikas\u0131nda, eyni zamanda Az\u0259rbaycanda s\u0259m\u0259r\u0259li m\u00fc\u0259llimlik v\u0259 alimlik f\u0259aliyy\u0259ti sah\u0259sind\u0259 d\u0259rin h\u00f6rm\u0259t v\u0259 n\u00fcfuz qazan\u0131b.<\/p>\n<p>He\u00e7 d\u0259 t\u0259sad\u00fcfi deyil ki, o, bir m\u00fcdd\u0259t Nax\u00e7\u0131van D\u00f6vl\u0259t Universitetind\u0259 f\u0259aliyy\u0259t g\u00f6st\u0259r\u0259n &#8220;G\u0259nc aliml\u0259r \u015furas\u0131&#8221;n\u0131n s\u0259dri olub, Az\u0259rbaycan Respublikas\u0131n\u0131n \u018fm\u0259kdar m\u00fc\u0259llimi f\u0259xri ad\u0131na (2009), dosent v\u0259zif\u0259sin\u0259 (2012), sosial-iqtisadi v\u0259 siyasi inki\u015fafda xidm\u0259tl\u0259rin\u0259 g\u00f6r\u0259 Ulu \u00f6nd\u0259r Heyd\u0259r \u018fliyevin 90 illiyi m\u00fcnasib\u0259til\u0259 \u201cQ\u0131z\u0131l medal\u201da, \u201cZiyadar\u201d m\u00fckafat\u0131na layiq g\u00f6r\u00fcl\u00fcb.<\/p>\n<p>Kamal H\u0259s\u0259n o\u011flu Camalov Nax\u00e7\u0131van Muxtar Respublikas\u0131 d\u00f6rd\u00fcnc\u00fc \u00e7a\u011f\u0131r\u0131\u015f Ali M\u0259clisinin deputat\u0131 se\u00e7ilib.<\/p>\n<p>K.H. Camalov 500-d\u0259n art\u0131q elmi-pedaqoji m\u0259qal\u0259nin m\u00fc\u0259llifidir.\u00a0\u00a0 \u018fs\u0259rl\u0259ri AB\u015e, \u0130sve\u00e7, Makedoniya, T\u00fcrkiy\u0259, Kuba, Hollandiya, \u0130ran, \u00d6zb\u0259kistan, Rusiya v\u0259 G\u00fcrc\u00fcstanda i\u015f\u0131q \u00fcz\u00fc g\u00f6r\u00fcb. Rusiya Federasiyas\u0131nda v\u0259 T\u00fcrkiy\u0259 Respublikas\u0131nda ke\u00e7iril\u0259n beyn\u0259lxalq konfrans v\u0259 \u00a0simpoziumlarda \u00f6lk\u0259mizi l\u0259yaq\u0259tl\u0259 t\u0259msil edib, sertifikatlar al\u0131b.<\/p>\n<p>Elmi f\u0259aliyy\u0259tl\u0259 yax\u0131ndan m\u0259\u015f\u011ful olan Kamal Camalov Az\u0259rbaycan D\u00f6vl\u0259t Pedaqoji Universitetinin dissertasiya \u015furas\u0131nda pedaqogika elml\u0259ri doktoru elmi d\u0259r\u0259c\u0259si almaq \u00fc\u00e7\u00fcn &#8220;Az\u0259rbaycan m\u0259kt\u0259b v\u0259 pedaqoji fikrinin inki\u015faf\u0131 tarixind\u0259 &#8220;Molla N\u0259sr\u0259ddin&#8221; jurnal\u0131n\u0131n v\u0259 mollan\u0259sr\u0259ddin\u00e7il\u0259r h\u0259r\u0259kat\u0131n\u0131n yeri v\u0259 \u0259h\u0259miyy\u0259ti&#8221; m\u00f6vzusunda dissertasiya (elmi m\u0259sl\u0259h\u0259t\u00e7isi AMEA-n\u0131n m\u00fcxbir \u00fczv\u00fc, prof. O.Q. H\u0259s\u0259nov) m\u00fcdafi\u0259 ed\u0259r\u0259k pedaqogika elml\u0259ri doktoru elmi d\u0259r\u0259c\u0259si al\u0131b (2018).<\/p>\n<p>Qarsda (T\u00fcr\u00adkiy\u0259) \u018fb\u00add\u00fcr\u00adr\u0259\u00adhim B\u0259y Haqver\u00addi\u00adyevin anadan olma\u00ads\u0131\u00adn\u0131n 150 illik yubileyin\u0259 h\u0259sr olunmu\u015f beyn\u0259lxalq elmi-prak\u00ad\u00adtik konfransda \u201cMollan\u0259sr\u0259ddin\u00e7i \u018fb\u00add\u00fcr\u00adr\u0259him b\u0259y Haqverdiyev v\u0259 elmi-pedaqoji fikrin inki\u00ad\u015faf\u0131\u201d \u00a0(2020, 20-21 fevral, onlayn); Stokholmda (\u0130sve\u00e7) ke\u00e7iril\u0259n V beyn\u0259lxalq elmi konfransda \u201cYan Amos Komenskinin inki\u015fafetdirici t\u0259lim haqq\u0131nda g\u00f6r\u00fc\u015fl\u0259rin\u0259 mollan\u0259sr\u0259ddin\u00e7i maarif\u00e7il\u0259rin t\u0259hlilind\u0259n bir n\u0259z\u0259r\u201d\u00a0\u00a0 (2020, 25-26 iyul, onlayn); Makedoniyada ke\u00e7iril\u0259n IX beyn\u0259lxalq elmi-praktik konfransda \u201cC\u0259lil M\u0259m\u00adm\u0259d\u00ad\u00adquluzad\u0259nin heka\u00ady\u0259\u00adl\u0259\u00adrind\u0259 t\u0259lim v\u0259 t\u0259rbiy\u0259nin rolu\u201d\u00a0\u00a0 \u00a0\u00a0(2020, 19 dekabr, onlayn); Hollandiyada ke\u00e7iril\u0259n \u201cQaraba\u011f \u2013 D\u00fcnyam M\u0259nim\u201d adl\u0131 XXVIII beyn\u0259lxalq elmi simpoziumda \u201cXur\u00ad\u015fid\u00adbanu Nat\u0259van: z\u0259man\u0259sinin qabaqc\u0131l ziyal\u0131s\u0131 v\u0259 xey\u00adriy\u00ad\u00ady\u0259\u00e7isi\u201d\u00a0 (2022, 30 iyul, onlayn) v\u0259 s. m\u00f6vzularda\u00a0 m\u0259ruz\u0259 il\u0259 \u00e7\u0131x\u0131\u015f edib.<\/p>\n<p><b>\u00a0\u00a0\u00a0\u00a0\u00a0\u00a0\u00a0 <\/b>Az\u0259rbaycan Respublikas\u0131n\u0131n bir \u00e7ox g\u00f6rk\u0259mli pedaqoq aliml\u0259ri \u2013 prof. H\u00fcseyn \u018fhm\u0259dov, \u00a0prof. Akif Abbasov, prof. F\u0259rahim Sad\u0131qov, prof. L\u0259zif\u0259 Qas\u0131mova, prof. \u0130ntiqam C\u0259bray\u0131lov, prof. M\u00fcse\u00adyib \u0130lyasov, prof. \u0130ramin \u0130sayev, prof. Fir\u0259dun \u0130brahimov, prof. G\u00fcltac \u018fliyeva v\u0259 dig\u0259rl\u0259ri m\u00fcx\u00adt\u0259\u00adlif elmi jurnallarda, q\u0259zetl\u0259rd\u0259 Kamal Camalov yara\u00add\u0131\u00adc\u0131\u00adl\u0131\u011f\u0131ndan geni\u015f b\u0259hs etmi\u015fl\u0259r.<b><\/b><\/p>\n<p>Kamal Camalov a\u015fa\u011f\u0131dak\u0131 kitablar\u0131n,\u00a0 monoqrafiya, d\u0259rslik v\u0259 d\u0259rs v\u0259saitl\u0259rinin m\u00fc\u0259llifidir: \u201cYusif V\u0259zir \u00c7\u0259m\u0259nz\u0259minli yarad\u0131c\u0131l\u0131\u011f\u0131nda maarif\u00e7ilik ideya\u00adlar\u0131\u201d (2007), \u201c\u00d6m\u0259r Faiq Nemanzad\u0259 yarad\u0131c\u0131l\u0131\u011f\u0131nda maarif\u00e7ilik ide\u00adyalar\u0131\u201d (2007), \u00a0\u201cAz\u0259rbaycan romantikl\u0259rinin maarif\u00e7ilik ideyalar\u0131\u201d \u00a0\u00a0(2009), \u00a0\u201cH\u0259zr\u0259ti \u018flinin elm v\u0259 t\u0259rbiy\u0259 haqq\u0131nda fikirl\u0259ri\u201d \u00a0\u00a0(2010), \u201cValideyn-\u00f6vlad m\u00fcnasib\u0259ti m\u0259s\u0259l\u0259l\u0259ri \u015e\u0259rq m\u00fct\u0259f\u0259kkir\u00adl\u0259\u00ad\u00adri\u00adnin\u00ad g\u00f6z\u00fc il\u0259\u201d (2010), \u201cSosial psixopedaqogikada istedadl\u0131 u\u015faqlar problemi\u201d \u00a0(akad. O.Q. H\u0259s\u0259nli il\u0259, 2011), \u201cT\u0259lim n\u0259tic\u0259l\u0259rinin qiym\u0259tl\u0259ndirilm\u0259sinin forma v\u0259 va\u00adsi\u00ad\u00adt\u0259\u00adl\u0259\u00adri\u201d \u00a0\u00a0(A. H\u0259\u015fimova il\u0259, 2012), \u201cH\u00fcseyn Cavid v\u0259 m\u0259kt\u0259b\u201d (2013), \u201cNax\u00ad\u00e7\u0131van Muxtar Respublikas\u0131nda istedadl\u0131 u\u015faqlar\u0131n inki\u015faf\u0131\u00a0 (akad. O.Q. H\u0259s\u0259nli il\u0259, 2014) \u201cAil\u0259d\u0259 t\u0259rbiy\u0259 \u00fcsullar\u0131n\u0131n t\u0259tbiqi zaman\u0131 etnopedaqoji materiallardan istifad\u0259 imkanlar\u0131\u201d (L. Allah\u00adver\u00addiyeva il\u0259, 2014), \u201cB\u00f6y\u00fck m\u00fct\u0259f\u0259kkirl\u0259rin maarif\u00e7ilik ideyalar\u0131\u201d \u00a0\u00a0(2015), \u201cMollan\u0259sr\u0259ddin\u00e7il\u0259rin maarif\u00e7ilik ideyalar\u0131\u201d\u00a0 \u00a0(2015), \u201cMollan\u0259sr\u0259ddin\u00e7il\u0259r v\u0259 ail\u0259-m\u0259kt\u0259b problemi\u201d \u00a0\u00a0(2017), \u201cPedaqoji-psixoloji fikrin inki\u015faf\u0131 s\u0259l\u0259fl\u0259rd\u0259n x\u0259l\u0259fl\u0259r\u0259\u201d (2019), \u201cRepressiya qurbanlar\u0131n\u0131n maarif\u00e7ilik ideyalar\u0131\u201d (2022) v\u0259 s.<\/p>\n<p>\u00c7a\u011fda\u015f Az\u0259rbaycan pedaqogikas\u0131n\u0131n say\u0131l\u0131b-se\u00e7il\u0259n n\u00fcmay\u0259nd\u0259l\u0259rind\u0259n biri pedaqogika elml\u0259ri doktoru, \u018fm\u0259kdar m\u00fc\u0259llim Kamal H\u0259s\u0259n o\u011flu Camalov \u00f6mr\u00fcn\u00fcn 50-ci bahar\u0131n\u0131 ya\u015fay\u0131r.\u00a0 Qar\u015f\u0131da h\u0259l\u0259 g\u00f6r n\u0259 q\u0259d\u0259r ya\u015fanmam\u0131\u015f ne\u00e7\u0259-ne\u00e7\u0259 ill\u0259r, yaz\u0131lmam\u0131\u015f ne\u00e7\u0259-ne\u00e7\u0259 elmi v\u0259 b\u0259dii \u0259s\u0259rl\u0259r var!!!<\/p>\n<p>Allah taala Kamal\u0131n \u00f6mr\u00fcn\u00fc uzun el\u0259sin, bundan sonra da sa\u011flam h\u0259yat t\u0259rzi ke\u00e7irsin. G\u00fcn o g\u00fcn olsun ki, bu kimi m\u0259qal\u0259l\u0259ri 60 ya\u015f\u0131nda, 70-80-100 ya\u015f\u0131nda yazaq!!!<\/p>\n<p>Kamal, 50 ya\u015f\u0131n m\u00fcbar\u0259k!!!<\/p>\n<p><b>Akif\u00a0 Nura\u011fa o\u011flu Abbasov,<\/b><\/p>\n<p><b>\u00a0\u00a0\u00a0\u00a0\u00a0\u00a0\u00a0\u00a0\u00a0\u00a0\u00a0\u00a0\u00a0\u00a0\u00a0\u00a0\u00a0\u00a0\u00a0\u00a0\u00a0\u00a0\u00a0\u00a0 <\/b>Az\u0259rbaycan Respublikas\u0131n\u0131n T\u0259hsil \u0130nstitutunun elmi katibi,<\/p>\n<p>pedaqogika elml\u0259ri doktoru, professor, respublikan\u0131n<\/p>\n<p>\u018fm\u0259kdar m\u00fc\u0259llimi, Az\u0259rbaycan Yaz\u0131\u00e7\u0131lar v\u0259 Jurnalistl\u0259r<\/p>\n<p>Birlikl\u0259rinin \u00fczv\u00fc<\/p>\n<p class=\"bawpvc-ajax-counter\" data-id=\"18810\">Yaz\u0131ya 155 d\u0259f\u0259 bax\u0131l\u0131b<\/p>\n","protected":false},"excerpt":{"rendered":"<p>Az\u0259rbaycanda \u00e7a\u011fda\u015f pedaqogika elminin m\u0259hsuldar n\u00fcmay\u0259nd\u0259l\u0259rind\u0259n biri d\u0259 Kamal H\u0259s\u0259n o\u011flu Camalovdur. Tarix\u0259n bel\u0259 \u0259n\u0259n\u0259 m\u00f6vcud olmu\u015fdur ki, b\u0259zi m\u0259\u015fhur pedaqoqlar t\u0259hsilin, t\u0259rbiy\u0259nin, \u015f\u0259xsiyy\u0259tin formala\u015fmas\u0131n\u0131n, m\u0259kt\u0259b\u015f\u00fcnasl\u0131\u011f\u0131n aktual probleml\u0259rind\u0259n t\u0259dqiqatlar aparmaqla, d\u0259rslik v\u0259 d\u0259rs v\u0259saitl\u0259ri yazmaqla, auditoriyada, sinifd\u0259 d\u0259rs dem\u0259kl\u0259 yana\u015f\u0131\u00a0 b\u0259dii yarad\u0131c\u0131l\u0131qla da m\u0259\u015f\u011ful olmu\u015flar. Do\u011frudur onlar\u0131n \u0259sl pe\u015f\u0259si, m\u0259\u015f\u011fuliyy\u0259t sah\u0259si m\u00fc\u0259llimlik, pedaqoqluq, t\u0259hsil n\u0259z\u0259riyy\u0259si [&hellip;]<\/p>\n","protected":false},"author":1,"featured_media":0,"comment_status":"closed","ping_status":"closed","sticky":false,"template":"","format":"standard","meta":[],"categories":[4,3,21],"tags":[],"_links":{"self":[{"href":"https:\/\/kultur.az\/index.php?rest_route=\/wp\/v2\/posts\/18810"}],"collection":[{"href":"https:\/\/kultur.az\/index.php?rest_route=\/wp\/v2\/posts"}],"about":[{"href":"https:\/\/kultur.az\/index.php?rest_route=\/wp\/v2\/types\/post"}],"author":[{"embeddable":true,"href":"https:\/\/kultur.az\/index.php?rest_route=\/wp\/v2\/users\/1"}],"replies":[{"embeddable":true,"href":"https:\/\/kultur.az\/index.php?rest_route=%2Fwp%2Fv2%2Fcomments&post=18810"}],"version-history":[{"count":1,"href":"https:\/\/kultur.az\/index.php?rest_route=\/wp\/v2\/posts\/18810\/revisions"}],"predecessor-version":[{"id":18813,"href":"https:\/\/kultur.az\/index.php?rest_route=\/wp\/v2\/posts\/18810\/revisions\/18813"}],"wp:attachment":[{"href":"https:\/\/kultur.az\/index.php?rest_route=%2Fwp%2Fv2%2Fmedia&parent=18810"}],"wp:term":[{"taxonomy":"category","embeddable":true,"href":"https:\/\/kultur.az\/index.php?rest_route=%2Fwp%2Fv2%2Fcategories&post=18810"},{"taxonomy":"post_tag","embeddable":true,"href":"https:\/\/kultur.az\/index.php?rest_route=%2Fwp%2Fv2%2Ftags&post=18810"}],"curies":[{"name":"wp","href":"https:\/\/api.w.org\/{rel}","templated":true}]}}