{"id":18941,"date":"2023-08-09T21:11:21","date_gmt":"2023-08-09T16:11:21","guid":{"rendered":"https:\/\/kultur.az\/?p=18941"},"modified":"2023-08-09T21:11:21","modified_gmt":"2023-08-09T16:11:21","slug":"akif-abbasov-sirin-basi","status":"publish","type":"post","link":"https:\/\/kultur.az\/?p=18941","title":{"rendered":"AK\u0130F ABBASOV &#8211; \u015e\u0130R\u0130N BA\u015eI"},"content":{"rendered":"<p align=\"center\"><b><a href=\"https:\/\/kultur.az\/wp-content\/uploads\/2023\/08\/AK\u0130F-100.jpg\"><img decoding=\"async\" loading=\"lazy\" class=\"aligncenter size-medium wp-image-18926\" alt=\"AK\u0130F 100\" src=\"https:\/\/kultur.az\/wp-content\/uploads\/2023\/08\/AK\u0130F-100-300x156.jpg\" width=\"300\" height=\"156\" srcset=\"https:\/\/kultur.az\/wp-content\/uploads\/2023\/08\/AK\u0130F-100-300x156.jpg 300w, https:\/\/kultur.az\/wp-content\/uploads\/2023\/08\/AK\u0130F-100.jpg 500w\" sizes=\"(max-width: 300px) 100vw, 300px\" \/><\/a>(hekay\u0259)<\/b><\/p>\n<p>\u00a0\u00a0\u00a0\u00a0\u00a0\u00a0\u00a0\u00a0 \u00dc\u00e7 yolda\u015f \u2013 \u018fli, V\u0259li, Pirv\u0259li me\u015f\u0259d\u0259 dola\u015f\u0131r, a\u011fac k\u0259sib, odun do\u011fray\u0131r, sat\u0131b ev-e\u015fikl\u0259rini doland\u0131r\u0131rd\u0131lar. Pirv\u0259li \u0259f\u0259l oldu\u011fundan i\u015f\u0259 yaram\u0131rd\u0131, ona\u00a0 tap\u015f\u0131rm\u0131\u015fd\u0131lar ki,\u00a0 yem\u0259k haz\u0131rlamaqla m\u0259\u015f\u011ful olsun. Bir g\u00fcn, be\u015f g\u00fcn&#8230; Ax\u0131rda Pirv\u0259li yem\u0259k bi\u015firm\u0259kd\u0259n\u00a0 bezir. Deyir: \u201cSiz\u0259 baxanda m\u0259nim i\u015fim asand\u0131r. Amma bir s\u00f6z deyim, m\u0259ni q\u0131namay\u0131n. G\u00f6rd\u00fcy\u00fcm he\u00e7 ki\u015fiy\u0259 yara\u015fan i\u015f deyil\u201d.<\/p>\n<p>\u018fli bunu e\u015fidib:<\/p>\n<p>-N\u0259 olar, sabah biziml\u0259 a\u011fac k\u0259sm\u0259y\u0259 ged\u0259rs\u0259n, &#8211; deyir.<\/p>\n<p>Pirv\u0259li dediyin\u0259 pe\u015fman olur. Amma namusa bo\u011fulub etiraz etmir. O, boy-buxundan yar\u0131sa da,\u00a0 t\u0259bi\u0259t\u0259n a\u011fciy\u0259r idi.<\/p>\n<p>Gec\u0259 d\u00fc\u015f\u00fcr. H\u0259r\u0259si bir a\u011faca s\u00f6yk\u0259nib g\u00f6zl\u0259rini yummurlar. Pirv\u0259li yuxuda g\u00f6r\u00fcr ki,\u00a0 o, a\u011fac k\u0259sir, a\u011fac y\u0131x\u0131lmaq \u00fczr\u0259dir. Qorxusundan ba\u015flay\u0131r qa\u00e7ma\u011fa. Bir d\u0259 baxanda g\u00f6r\u00fcr ki, bir az l\u0259ng t\u0259rp\u0259ns\u0259, a\u011fac\u00a0 onu alt\u0131na alacaq. Odur ki, dal\u0131-dal\u0131 \u00e7\u0259kilir. Bu vaxt o biri a\u011fac\u0131n arxas\u0131ndan bir \u015fir \u00e7\u0131x\u0131b Pirv\u0259linin \u00fcst\u00fcn\u0259 at\u0131l\u0131r v\u0259 onun ba\u015f\u0131n\u0131 a\u011fz\u0131na al\u0131r.<\/p>\n<p>Pirv\u0259li q\u0131\u015fq\u0131r\u0131b yuxudan oyan\u0131r. Yolda\u015flar\u0131 da qalx\u0131rlar. V\u0259li soru\u015fur:<\/p>\n<p>-N\u0259 oldu s\u0259n\u0259, Pirv\u0259li? Niy\u0259 q\u0131\u015fq\u0131r\u0131rd\u0131n? Yuxumuzu da qa\u00e7\u0131rd\u0131n.<\/p>\n<p>\u018fli d\u0259 g\u00f6zl\u0259rini ovu\u015fdura-ovu\u015fdura s\u00f6hb\u0259t\u0259 qo\u015fulur:<\/p>\n<p>-Ay f\u0259rsiz, bizi niy\u0259 qoymursan yatma\u011fa? A\u011fac k\u0259sm\u0259kd\u0259n yorulub \u0259ld\u0259n d\u00fc\u015fm\u00fc\u015f\u00fck. Lap bezdirdin bizi.<\/p>\n<p>Qan-t\u0259r i\u00e7ind\u0259 olan Pirv\u0259li \u00f6z\u00fcn\u00fc toplay\u0131b n\u0259 des\u0259 yax\u015f\u0131d\u0131r? Deyir:<\/p>\n<p>-Ay-vay! Sizin \u00a0ba\u015f\u0131n\u0131z da \u015firin a\u011fz\u0131nda olsayd\u0131, m\u0259nd\u0259n d\u0259 b\u0259rk q\u0131\u015fq\u0131rard\u0131n\u0131z!\u201d<\/p>\n<p align=\"right\">\u00a0\u00a0\u00a0\u00a0\u00a0\u00a0\u00a0\u00a0\u00a0\u00a0\u00a0\u00a0\u00a0\u00a0\u00a0\u00a0\u00a0\u00a0\u00a0\u00a0\u00a0\u00a0\u00a0\u00a0\u00a0\u00a0\u00a0\u00a0\u00a0\u00a0\u00a0 <b><i>Bak\u0131 \u015f\u0259h\u0259r, 01 avqust 2023-c\u00fc il<\/i><\/b><\/p>\n<p class=\"bawpvc-ajax-counter\" data-id=\"18941\">Yaz\u0131ya 21 d\u0259f\u0259 bax\u0131l\u0131b<\/p>\n","protected":false},"excerpt":{"rendered":"<p>(hekay\u0259) \u00a0\u00a0\u00a0\u00a0\u00a0\u00a0\u00a0\u00a0 \u00dc\u00e7 yolda\u015f \u2013 \u018fli, V\u0259li, Pirv\u0259li me\u015f\u0259d\u0259 dola\u015f\u0131r, a\u011fac k\u0259sib, odun do\u011fray\u0131r, sat\u0131b ev-e\u015fikl\u0259rini doland\u0131r\u0131rd\u0131lar. Pirv\u0259li \u0259f\u0259l oldu\u011fundan i\u015f\u0259 yaram\u0131rd\u0131, ona\u00a0 tap\u015f\u0131rm\u0131\u015fd\u0131lar ki,\u00a0 yem\u0259k haz\u0131rlamaqla m\u0259\u015f\u011ful olsun. Bir g\u00fcn, be\u015f g\u00fcn&#8230; Ax\u0131rda Pirv\u0259li yem\u0259k bi\u015firm\u0259kd\u0259n\u00a0 bezir. Deyir: \u201cSiz\u0259 baxanda m\u0259nim i\u015fim asand\u0131r. Amma bir s\u00f6z deyim, m\u0259ni q\u0131namay\u0131n. G\u00f6rd\u00fcy\u00fcm he\u00e7 ki\u015fiy\u0259 yara\u015fan i\u015f [&hellip;]<\/p>\n","protected":false},"author":1,"featured_media":18926,"comment_status":"closed","ping_status":"closed","sticky":false,"template":"","format":"standard","meta":[],"categories":[16,3],"tags":[],"_links":{"self":[{"href":"https:\/\/kultur.az\/index.php?rest_route=\/wp\/v2\/posts\/18941"}],"collection":[{"href":"https:\/\/kultur.az\/index.php?rest_route=\/wp\/v2\/posts"}],"about":[{"href":"https:\/\/kultur.az\/index.php?rest_route=\/wp\/v2\/types\/post"}],"author":[{"embeddable":true,"href":"https:\/\/kultur.az\/index.php?rest_route=\/wp\/v2\/users\/1"}],"replies":[{"embeddable":true,"href":"https:\/\/kultur.az\/index.php?rest_route=%2Fwp%2Fv2%2Fcomments&post=18941"}],"version-history":[{"count":1,"href":"https:\/\/kultur.az\/index.php?rest_route=\/wp\/v2\/posts\/18941\/revisions"}],"predecessor-version":[{"id":18942,"href":"https:\/\/kultur.az\/index.php?rest_route=\/wp\/v2\/posts\/18941\/revisions\/18942"}],"wp:featuredmedia":[{"embeddable":true,"href":"https:\/\/kultur.az\/index.php?rest_route=\/wp\/v2\/media\/18926"}],"wp:attachment":[{"href":"https:\/\/kultur.az\/index.php?rest_route=%2Fwp%2Fv2%2Fmedia&parent=18941"}],"wp:term":[{"taxonomy":"category","embeddable":true,"href":"https:\/\/kultur.az\/index.php?rest_route=%2Fwp%2Fv2%2Fcategories&post=18941"},{"taxonomy":"post_tag","embeddable":true,"href":"https:\/\/kultur.az\/index.php?rest_route=%2Fwp%2Fv2%2Ftags&post=18941"}],"curies":[{"name":"wp","href":"https:\/\/api.w.org\/{rel}","templated":true}]}}