{"id":18949,"date":"2023-08-09T21:19:19","date_gmt":"2023-08-09T16:19:19","guid":{"rendered":"https:\/\/kultur.az\/?p=18949"},"modified":"2023-08-09T21:19:19","modified_gmt":"2023-08-09T16:19:19","slug":"akif-abbasov-b%c9%99s-s%c9%99n-harani-qurtarmisan","status":"publish","type":"post","link":"https:\/\/kultur.az\/?p=18949","title":{"rendered":"AK\u0130F ABBASOV &#8211; B\u018fS S\u018fN HARANI QURTARMISAN?"},"content":{"rendered":"<p align=\"center\"><b><a href=\"https:\/\/kultur.az\/wp-content\/uploads\/2023\/08\/AK\u0130F-100.jpg\"><img decoding=\"async\" loading=\"lazy\" class=\"aligncenter size-medium wp-image-18926\" alt=\"AK\u0130F 100\" src=\"https:\/\/kultur.az\/wp-content\/uploads\/2023\/08\/AK\u0130F-100-300x156.jpg\" width=\"300\" height=\"156\" srcset=\"https:\/\/kultur.az\/wp-content\/uploads\/2023\/08\/AK\u0130F-100-300x156.jpg 300w, https:\/\/kultur.az\/wp-content\/uploads\/2023\/08\/AK\u0130F-100.jpg 500w\" sizes=\"(max-width: 300px) 100vw, 300px\" \/><\/a>(hekay\u0259)<\/b><\/p>\n<p><b>\u00a0\u00a0\u00a0\u00a0\u00a0\u00a0\u00a0\u00a0 <\/b>Oqtay da t\u0259l\u0259b\u0259 idi, Sevinc d\u0259. H\u0259r\u0259si Bak\u0131ya ba\u015fqa-ba\u015fqa \u00a0rayonlardan g\u0259lmi\u015fdi.\u00a0 Ali m\u0259kt\u0259bd\u0259 t\u0259hsil al\u0131rd\u0131lar. Oqtay kiray\u0259 ev tutmu\u015fdu, Sevinc\u00a0 \u201cQ\u0131zlar yataqxanas\u0131\u201dnda qal\u0131rd\u0131.<\/p>\n<p>Atas\u0131 imkanl\u0131 oldu\u011fundan Oqtay d\u0259rsl\u0259r\u0259 d\u0259 d\u00fcz \u0259m\u0259lli-ba\u015fl\u0131 gedib-g\u0259lmirdi.\u00a0 \u00a0\u00a0X\u00fcsus\u0259n Sevinc\u0259 rast g\u0259l\u0259nd\u0259n, ona \u00fcr\u0259yini a\u00e7andan sonra. B\u00fct\u00fcn g\u00fcn\u00fc yataqxanan\u0131n b\u00f6y\u00fcr-ba\u015f\u0131n\u0131 k\u0259sdirib dururdu. Sevinci instituta apar\u0131r, sonra gedib g\u0259tirirdi.<\/p>\n<p>Oqtay yataqxanan\u0131n komendant\u0131 il\u0259 dostla\u015fm\u0131\u015fd\u0131. Arada onu apar\u0131b kababa qonaq edirdi.<\/p>\n<p>Q\u0131zlar da otaqda olanda b\u0259z\u0259n Sevinc Oqtay\u0131 \u00e7aya, yem\u0259y\u0259 d\u0259v\u0259t edirdi. \u00d6z\u00fc t\u0259k olanda d\u00fcnya da\u011f\u0131la Oqta\u0131n yuxar\u0131ya \u2013 ota\u011fa qalxmas\u0131na icaz\u0259 vermirdi. Dil\u0259-di\u015f\u0259 d\u00fc\u015f\u0259rdi. Ab\u0131rl\u0131, ism\u0259tli q\u0131z idi. Ona s\u00f6z-s\u00f6hb\u0259t \u00a0\u00a0laz\u0131m deyildi?!<\/p>\n<p>Sevinc m\u00fchazir\u0259 v\u0259 seminar m\u0259\u015f\u011f\u0259l\u0259l\u0259rind\u0259n qalmazd\u0131. Haz\u0131rla\u015f\u0131b imtahanlardan da qiym\u0259t al\u0131rd\u0131. B\u0259s Oqtay? K\u0259ndd\u0259 kolxoz s\u0259dri i\u015fl\u0259y\u0259n atas\u0131n\u0131n can\u0131 sa\u011f olsun. Qay\u0131blar\u0131n\u0131 sildirir, imtahanlar\u0131n\u0131 verirdi.<\/p>\n<p>Vaxt-v\u0259d\u0259 tamam oldu.\u00a0 Oqtayla Sevinc institutu bitirdil\u0259r. Ni\u015fanl\u0131 idil\u0259r. Avqust ay\u0131nda toylar\u0131 olacaqd\u0131. \u0130ndi Oqtay Sevinci rayona yola sal\u0131rd\u0131. Q\u0131z\u0131n xalas\u0131 da g\u0259lib \u00e7\u0131xd\u0131. Bac\u0131s\u0131 q\u0131z\u0131n\u0131 institutu bitirm\u0259si m\u00fcnasib\u0259til\u0259 t\u0259brik edib, h\u0259diyy\u0259sini vermi\u015fdi.\u00a0 \u0130ndi onu rayona yola sal\u0131rd\u0131.\u00a0 Xala Sevinc\u0259 m\u00fcraci\u0259tl\u0259:<\/p>\n<p>-Evd\u0259kil\u0259r\u0259 &#8211; ham\u0131ya, atana, bac\u0131ma, bac\u0131na, qarda\u015f\u0131na salam\u0131m\u0131 yetir, &#8211; dedi. -Toyuna \u00e7a\u011f\u0131rma\u011f\u0131 unutma!<\/p>\n<p>Sevinc xalas\u0131na q\u0131s\u0131ld\u0131:<\/p>\n<p>-Xalam m\u0259nim can\u0131md\u0131r, h\u0259yat\u0131md\u0131r. He\u00e7 el\u0259 \u015fey olar? Xalas\u0131z toy olmaz!<\/p>\n<p>Xala \u0259lini uzad\u0131b Oqtayla da g\u00f6r\u00fc\u015fd\u00fc:<\/p>\n<p>-O\u011ful, sizi bir daha t\u0259brik edir\u0259m! Xo\u015fb\u0259xt olas\u0131n\u0131z! Toyunuzda doyunca s\u00fcz\u0259c\u0259y\u0259m.<\/p>\n<p>Xala bird\u0259n:<\/p>\n<p>-Ay o\u011ful, Sevinci bildim. B\u0259s s\u0259n haran\u0131 qurtarm\u0131san?<\/p>\n<p>Onun \u0259v\u0259zin\u0259 Sevinc cavab verdi:<\/p>\n<p>-Bizim yataqxanan\u0131, ay xala.<\/p>\n<p>Xala ba\u015fa d\u00fc\u015fm\u0259di. Sual dolu bax\u0131\u015flar\u0131n\u0131 Sevinc\u0259 dikdi. Sevinci g\u00fclm\u0259k tutdu. Oqtay da \u00f6z\u00fcn\u00fc saxlaya bilm\u0259yib g\u00fcl\u00fcrd\u00fc.<\/p>\n<p align=\"right\">\u00a0<b><i>Bak\u0131 \u015f\u0259h\u0259ri, 09 avqust 2023-c\u00fc il<\/i><\/b><\/p>\n<p class=\"bawpvc-ajax-counter\" data-id=\"18949\">Yaz\u0131ya 48 d\u0259f\u0259 bax\u0131l\u0131b<\/p>\n","protected":false},"excerpt":{"rendered":"<p>(hekay\u0259) \u00a0\u00a0\u00a0\u00a0\u00a0\u00a0\u00a0\u00a0 Oqtay da t\u0259l\u0259b\u0259 idi, Sevinc d\u0259. H\u0259r\u0259si Bak\u0131ya ba\u015fqa-ba\u015fqa \u00a0rayonlardan g\u0259lmi\u015fdi.\u00a0 Ali m\u0259kt\u0259bd\u0259 t\u0259hsil al\u0131rd\u0131lar. Oqtay kiray\u0259 ev tutmu\u015fdu, Sevinc\u00a0 \u201cQ\u0131zlar yataqxanas\u0131\u201dnda qal\u0131rd\u0131. Atas\u0131 imkanl\u0131 oldu\u011fundan Oqtay d\u0259rsl\u0259r\u0259 d\u0259 d\u00fcz \u0259m\u0259lli-ba\u015fl\u0131 gedib-g\u0259lmirdi.\u00a0 \u00a0\u00a0X\u00fcsus\u0259n Sevinc\u0259 rast g\u0259l\u0259nd\u0259n, ona \u00fcr\u0259yini a\u00e7andan sonra. B\u00fct\u00fcn g\u00fcn\u00fc yataqxanan\u0131n b\u00f6y\u00fcr-ba\u015f\u0131n\u0131 k\u0259sdirib dururdu. Sevinci instituta apar\u0131r, sonra gedib g\u0259tirirdi. Oqtay [&hellip;]<\/p>\n","protected":false},"author":1,"featured_media":18926,"comment_status":"closed","ping_status":"closed","sticky":false,"template":"","format":"standard","meta":[],"categories":[16,3],"tags":[],"_links":{"self":[{"href":"https:\/\/kultur.az\/index.php?rest_route=\/wp\/v2\/posts\/18949"}],"collection":[{"href":"https:\/\/kultur.az\/index.php?rest_route=\/wp\/v2\/posts"}],"about":[{"href":"https:\/\/kultur.az\/index.php?rest_route=\/wp\/v2\/types\/post"}],"author":[{"embeddable":true,"href":"https:\/\/kultur.az\/index.php?rest_route=\/wp\/v2\/users\/1"}],"replies":[{"embeddable":true,"href":"https:\/\/kultur.az\/index.php?rest_route=%2Fwp%2Fv2%2Fcomments&post=18949"}],"version-history":[{"count":1,"href":"https:\/\/kultur.az\/index.php?rest_route=\/wp\/v2\/posts\/18949\/revisions"}],"predecessor-version":[{"id":18950,"href":"https:\/\/kultur.az\/index.php?rest_route=\/wp\/v2\/posts\/18949\/revisions\/18950"}],"wp:featuredmedia":[{"embeddable":true,"href":"https:\/\/kultur.az\/index.php?rest_route=\/wp\/v2\/media\/18926"}],"wp:attachment":[{"href":"https:\/\/kultur.az\/index.php?rest_route=%2Fwp%2Fv2%2Fmedia&parent=18949"}],"wp:term":[{"taxonomy":"category","embeddable":true,"href":"https:\/\/kultur.az\/index.php?rest_route=%2Fwp%2Fv2%2Fcategories&post=18949"},{"taxonomy":"post_tag","embeddable":true,"href":"https:\/\/kultur.az\/index.php?rest_route=%2Fwp%2Fv2%2Ftags&post=18949"}],"curies":[{"name":"wp","href":"https:\/\/api.w.org\/{rel}","templated":true}]}}