{"id":18951,"date":"2023-08-09T21:21:50","date_gmt":"2023-08-09T16:21:50","guid":{"rendered":"https:\/\/kultur.az\/?p=18951"},"modified":"2023-08-09T21:21:50","modified_gmt":"2023-08-09T16:21:50","slug":"akif-abbasov-hansini-kim%c9%99","status":"publish","type":"post","link":"https:\/\/kultur.az\/?p=18951","title":{"rendered":"AK\u0130F ABBASOV &#8211; HANSINI K\u0130M\u018f?"},"content":{"rendered":"<p align=\"center\"><b><a href=\"https:\/\/kultur.az\/wp-content\/uploads\/2023\/08\/AK\u0130F-100.jpg\"><img decoding=\"async\" loading=\"lazy\" class=\"aligncenter size-medium wp-image-18926\" alt=\"AK\u0130F 100\" src=\"https:\/\/kultur.az\/wp-content\/uploads\/2023\/08\/AK\u0130F-100-300x156.jpg\" width=\"300\" height=\"156\" srcset=\"https:\/\/kultur.az\/wp-content\/uploads\/2023\/08\/AK\u0130F-100-300x156.jpg 300w, https:\/\/kultur.az\/wp-content\/uploads\/2023\/08\/AK\u0130F-100.jpg 500w\" sizes=\"(max-width: 300px) 100vw, 300px\" \/><\/a>(hekay\u0259)<\/b><\/p>\n<p><b>\u00a0\u00a0\u00a0\u00a0\u00a0\u00a0\u00a0\u00a0 <\/b>Ramil sad\u0259l\u00f6vh idi, h\u0259m d\u0259 bir s\u00f6z dey\u0259nd\u0259 ona gec \u00e7at\u0131rd\u0131. Bir d\u0259f\u0259 \u015f\u00f6b\u0259 m\u00fcdiri M\u00fcsl\u00fcm m\u00fc\u0259llim Ramili yan\u0131na \u00e7a\u011f\u0131r\u0131b soru\u015fdu:<\/p>\n<p>-N\u0259\u015friyyatda S\u0259rdarla, B\u0259hram\u0131 tan\u0131y\u0131rsan?<\/p>\n<p>Ramil c\u0259ld:<\/p>\n<p>-\u018flb\u0259tt\u0259, M\u00fcsl\u00fcm m\u00fc\u0259llim., &#8211; dedi.<\/p>\n<p>M\u00fcsl\u00fcm m\u00fc\u0259llim iki \u0259d\u0259d on manatl\u0131\u011f\u0131 ona uzad\u0131b:<\/p>\n<p>-Al bu onluqlar\u0131. Gedirs\u0259n n\u0259\u015friyyata. Onlu\u011fun birini S\u0259rdara, o birini d\u0259 B\u0259hr\u0259ma ver\u0259rs\u0259n. Bildin?<\/p>\n<p>Ramil yen\u0259 c\u0259ld:<\/p>\n<p>-B\u0259li, m\u00fc\u0259llim, &#8211; dey\u0259 cavab verdi.<\/p>\n<p>Ramil yola d\u00fcz\u0259ldi. Yolun yar\u0131s\u0131nda ayaq saxlad\u0131. \u018flind\u0259 tutdu\u011fu onluqlara bax\u0131b fikr\u0259 getdi v\u0259 geri qay\u0131td\u0131:<\/p>\n<p>-M\u00fcsl\u00fcm m\u00fc\u0259llim,\u00a0 \u00fczr ist\u0259yir\u0259m. Ba\u015f a\u011fr\u0131s\u0131 olmas\u0131n. Bu onluqlardan hans\u0131n\u0131 S\u0259rdar m\u00fc\u0259llim\u0259, hans\u0131n\u0131 B\u0259hr\u0259m m\u00fc\u0259llim\u0259 verim?<\/p>\n<p>M\u00fcsl\u00fcm m\u00fc\u0259llim t\u0259\u0259cc\u00fcbl\u0259 ona baxd\u0131.<\/p>\n<p align=\"right\"><b><i>Bak\u0131 \u015f\u0259h\u0259ri, 09 avqust 2023-c\u00fc il<\/i><\/b><\/p>\n<p class=\"bawpvc-ajax-counter\" data-id=\"18951\">Yaz\u0131ya 59 d\u0259f\u0259 bax\u0131l\u0131b<\/p>\n","protected":false},"excerpt":{"rendered":"<p>(hekay\u0259) \u00a0\u00a0\u00a0\u00a0\u00a0\u00a0\u00a0\u00a0 Ramil sad\u0259l\u00f6vh idi, h\u0259m d\u0259 bir s\u00f6z dey\u0259nd\u0259 ona gec \u00e7at\u0131rd\u0131. Bir d\u0259f\u0259 \u015f\u00f6b\u0259 m\u00fcdiri M\u00fcsl\u00fcm m\u00fc\u0259llim Ramili yan\u0131na \u00e7a\u011f\u0131r\u0131b soru\u015fdu: -N\u0259\u015friyyatda S\u0259rdarla, B\u0259hram\u0131 tan\u0131y\u0131rsan? Ramil c\u0259ld: -\u018flb\u0259tt\u0259, M\u00fcsl\u00fcm m\u00fc\u0259llim., &#8211; dedi. M\u00fcsl\u00fcm m\u00fc\u0259llim iki \u0259d\u0259d on manatl\u0131\u011f\u0131 ona uzad\u0131b: -Al bu onluqlar\u0131. Gedirs\u0259n n\u0259\u015friyyata. Onlu\u011fun birini S\u0259rdara, o birini d\u0259 B\u0259hr\u0259ma ver\u0259rs\u0259n. [&hellip;]<\/p>\n","protected":false},"author":1,"featured_media":18926,"comment_status":"closed","ping_status":"closed","sticky":false,"template":"","format":"standard","meta":[],"categories":[16,3],"tags":[],"_links":{"self":[{"href":"https:\/\/kultur.az\/index.php?rest_route=\/wp\/v2\/posts\/18951"}],"collection":[{"href":"https:\/\/kultur.az\/index.php?rest_route=\/wp\/v2\/posts"}],"about":[{"href":"https:\/\/kultur.az\/index.php?rest_route=\/wp\/v2\/types\/post"}],"author":[{"embeddable":true,"href":"https:\/\/kultur.az\/index.php?rest_route=\/wp\/v2\/users\/1"}],"replies":[{"embeddable":true,"href":"https:\/\/kultur.az\/index.php?rest_route=%2Fwp%2Fv2%2Fcomments&post=18951"}],"version-history":[{"count":1,"href":"https:\/\/kultur.az\/index.php?rest_route=\/wp\/v2\/posts\/18951\/revisions"}],"predecessor-version":[{"id":18952,"href":"https:\/\/kultur.az\/index.php?rest_route=\/wp\/v2\/posts\/18951\/revisions\/18952"}],"wp:featuredmedia":[{"embeddable":true,"href":"https:\/\/kultur.az\/index.php?rest_route=\/wp\/v2\/media\/18926"}],"wp:attachment":[{"href":"https:\/\/kultur.az\/index.php?rest_route=%2Fwp%2Fv2%2Fmedia&parent=18951"}],"wp:term":[{"taxonomy":"category","embeddable":true,"href":"https:\/\/kultur.az\/index.php?rest_route=%2Fwp%2Fv2%2Fcategories&post=18951"},{"taxonomy":"post_tag","embeddable":true,"href":"https:\/\/kultur.az\/index.php?rest_route=%2Fwp%2Fv2%2Ftags&post=18951"}],"curies":[{"name":"wp","href":"https:\/\/api.w.org\/{rel}","templated":true}]}}