{"id":18958,"date":"2023-08-14T10:19:33","date_gmt":"2023-08-14T05:19:33","guid":{"rendered":"https:\/\/kultur.az\/?p=18958"},"modified":"2023-08-14T10:20:34","modified_gmt":"2023-08-14T05:20:34","slug":"d%c9%99nizcil%c9%99r%c9%99-sosial-d%c9%99st%c9%99k-ictimai-birliyi-az%c9%99rbaycan-pes%c9%99-t%c9%99hsilind%c9%99n-okean-sularina-q%c9%99d%c9%99r-layih%c9%99si-dava","status":"publish","type":"post","link":"https:\/\/kultur.az\/?p=18958","title":{"rendered":"\u201cD\u0259niz\u00e7il\u0259r\u0259 Sosial D\u0259st\u0259k\u201d \u0130ctimai Birliyi Az\u0259rbaycan \u201cPe\u015f\u0259 t\u0259hsilind\u0259n okean sular\u0131na q\u0259d\u0259r\u201d layih\u0259sini davam etdirir"},"content":{"rendered":"<h2><em><a href=\"https:\/\/kultur.az\/wp-content\/uploads\/2023\/08\/inbound2776033273233996930.jpg\"><img decoding=\"async\" loading=\"lazy\" class=\"aligncenter size-medium wp-image-18959\" alt=\"inbound2776033273233996930\" src=\"https:\/\/kultur.az\/wp-content\/uploads\/2023\/08\/inbound2776033273233996930-300x300.jpg\" width=\"300\" height=\"300\" \/><\/a>\u201cD\u0259niz\u00e7il\u0259r\u0259 Sosial D\u0259st\u0259k\u201d \u0130ctimai Birliyi Az\u0259rbaycan Respublikas\u0131n\u0131n QHT-l\u0259r\u0259 D\u00f6vl\u0259t D\u0259st\u0259yi Agentliyinin maliy\u0259 d\u0259st\u0259yi il\u0259 \u201cPe\u015f\u0259 t\u0259hsilind\u0259n okean sular\u0131na q\u0259d\u0259r\u201d layih\u0259si davam etdirir.<\/em><\/h2>\n<p>Bu haqda redaksiyam\u0131za \u0130ctimai Birliyin Analitik-\u0130nformasiya B\u00f6l\u00fcm\u00fcnd\u0259n m\u0259lumat\u00a0 verilib.\u00a0 M\u0259lumatda deyilir ki,\u00a0icra olunacaq layih\u0259nin g\u00f6zl\u0259nil\u0259n n\u0259tic\u0259l\u0259r y\u00fcks\u0259k s\u0259viyy\u0259d\u0259 h\u0259yata ke\u00e7irilir.<br \/>\nLayih\u0259d\u0259 n\u0259z\u0259rd\u0259 tutlan v\u0259 f\u0259aliyy\u0259t plan\u0131na daxil olan i\u015fl\u0259r icra olunmaqdad\u0131r. \u00a0Layih\u0259 \u00e7\u0259r\u00e7iv\u0259sind\u0259 ara\u015fd\u0131rmalar apar\u0131l\u0131b, d\u0259niz\u00e7ilik pe\u015f\u0259sinin populyarla\u015fmas\u0131, t\u0259bli\u011f olunmas\u0131 istiqam\u0259td\u0259 m\u00fcxt\u0259lif b\u00f6lg\u0259l\u0259rd\u0259 t\u0259bli\u011fat i\u015fl\u0259ri apar\u0131l\u0131b, g\u0259ncl\u0259rin d\u0259niz\u00e7ilik pe\u015f\u0259sin istiqam\u0259tind\u0259 t\u0259hsil almas\u0131 istiqam\u0259tind\u0259 apar\u0131lan i\u015fl\u0259r y\u00fcks\u0259k n\u0259tic\u0259 verib. Bel\u0259 ki, Az\u0259rbaycan\u0131n C\u0259lilabad, Masall\u0131, Ucar, Qusar rayonlar\u0131ndan m\u00fcdaviml\u0259rin t\u0259hsil almas\u0131 \u00fc\u00e7\u00fcn apar\u0131lan dan\u0131\u015f\u0131qlar \u00f6z b\u0259hr\u0259sini verib. \u201cKaspian Education Center\u201d MMC-ninnt\u0259dris m\u0259rk\u0259zind\u0259 6 ayl\u0131q t\u0259hsil \u00fc\u00e7\u00fcn 26 n\u0259f\u0259r g\u0259nc t\u0259hsil\u0259 c\u0259lb edilib.<\/p>\n<p>&nbsp;<\/p>\n<p class=\"bawpvc-ajax-counter\" data-id=\"18958\">Yaz\u0131ya 33 d\u0259f\u0259 bax\u0131l\u0131b<\/p>\n","protected":false},"excerpt":{"rendered":"<p>\u201cD\u0259niz\u00e7il\u0259r\u0259 Sosial D\u0259st\u0259k\u201d \u0130ctimai Birliyi Az\u0259rbaycan Respublikas\u0131n\u0131n QHT-l\u0259r\u0259 D\u00f6vl\u0259t D\u0259st\u0259yi Agentliyinin maliy\u0259 d\u0259st\u0259yi il\u0259 \u201cPe\u015f\u0259 t\u0259hsilind\u0259n okean sular\u0131na q\u0259d\u0259r\u201d layih\u0259si davam etdirir. Bu haqda redaksiyam\u0131za \u0130ctimai Birliyin Analitik-\u0130nformasiya B\u00f6l\u00fcm\u00fcnd\u0259n m\u0259lumat\u00a0 verilib.\u00a0 M\u0259lumatda deyilir ki,\u00a0icra olunacaq layih\u0259nin g\u00f6zl\u0259nil\u0259n n\u0259tic\u0259l\u0259r y\u00fcks\u0259k s\u0259viyy\u0259d\u0259 h\u0259yata ke\u00e7irilir. Layih\u0259d\u0259 n\u0259z\u0259rd\u0259 tutlan v\u0259 f\u0259aliyy\u0259t plan\u0131na daxil olan i\u015fl\u0259r icra olunmaqdad\u0131r. \u00a0Layih\u0259 \u00e7\u0259r\u00e7iv\u0259sind\u0259 [&hellip;]<\/p>\n","protected":false},"author":1,"featured_media":0,"comment_status":"closed","ping_status":"closed","sticky":false,"template":"","format":"standard","meta":[],"categories":[1,5,4],"tags":[],"_links":{"self":[{"href":"https:\/\/kultur.az\/index.php?rest_route=\/wp\/v2\/posts\/18958"}],"collection":[{"href":"https:\/\/kultur.az\/index.php?rest_route=\/wp\/v2\/posts"}],"about":[{"href":"https:\/\/kultur.az\/index.php?rest_route=\/wp\/v2\/types\/post"}],"author":[{"embeddable":true,"href":"https:\/\/kultur.az\/index.php?rest_route=\/wp\/v2\/users\/1"}],"replies":[{"embeddable":true,"href":"https:\/\/kultur.az\/index.php?rest_route=%2Fwp%2Fv2%2Fcomments&post=18958"}],"version-history":[{"count":2,"href":"https:\/\/kultur.az\/index.php?rest_route=\/wp\/v2\/posts\/18958\/revisions"}],"predecessor-version":[{"id":18961,"href":"https:\/\/kultur.az\/index.php?rest_route=\/wp\/v2\/posts\/18958\/revisions\/18961"}],"wp:attachment":[{"href":"https:\/\/kultur.az\/index.php?rest_route=%2Fwp%2Fv2%2Fmedia&parent=18958"}],"wp:term":[{"taxonomy":"category","embeddable":true,"href":"https:\/\/kultur.az\/index.php?rest_route=%2Fwp%2Fv2%2Fcategories&post=18958"},{"taxonomy":"post_tag","embeddable":true,"href":"https:\/\/kultur.az\/index.php?rest_route=%2Fwp%2Fv2%2Ftags&post=18958"}],"curies":[{"name":"wp","href":"https:\/\/api.w.org\/{rel}","templated":true}]}}