{"id":19024,"date":"2023-08-30T15:31:54","date_gmt":"2023-08-30T10:31:54","guid":{"rendered":"https:\/\/kultur.az\/?p=19024"},"modified":"2023-08-30T15:31:54","modified_gmt":"2023-08-30T10:31:54","slug":"q%c9%99rib-mehdinin-51-ci-kitabi-isiq-uzu-gordu","status":"publish","type":"post","link":"https:\/\/kultur.az\/?p=19024","title":{"rendered":"Q\u0259rib Mehdinin 51-ci kitab\u0131 i\u015f\u0131q \u00fcz\u00fc g\u00f6rd\u00fc"},"content":{"rendered":"<p><a href=\"https:\/\/kultur.az\/wp-content\/uploads\/2023\/08\/WhatsApp-Image-2023-08-30-at-14.24.01.jpeg\"><img decoding=\"async\" loading=\"lazy\" class=\"aligncenter size-medium wp-image-19025\" alt=\"WhatsApp Image 2023-08-30 at 14.24.01\" src=\"https:\/\/kultur.az\/wp-content\/uploads\/2023\/08\/WhatsApp-Image-2023-08-30-at-14.24.01-244x300.jpeg\" width=\"244\" height=\"300\" \/><\/a>Bu g\u00fcnl\u0259rd\u0259 nasir, \u015fair, publisist, dramaturq, \u018fm\u0259kdar jurnalist Q\u0259rib Mehdinin \u201c16-lar\u201d adl\u0131 kitab\u0131 i\u015f\u0131q \u00fcz\u00fc g\u00f6r\u00fcb.<\/p>\n<p>www.kultur.az x\u0259b\u0259r verir ki, m\u00fc\u0259llif sosial \u015f\u0259b\u0259k\u0259 hesab\u0131nda \u201cBu da 51-ci \u00f6vlad sevinci. \u201c16-lar\u201d\u0131 da quca\u011f\u0131ma al\u0131b, ba\u011fr\u0131ma basd\u0131m\u201d yazaraq, sevincini payla\u015f\u0131b.<\/p>\n<p>\u201cKitabda El\u00e7in, Al\u0259mz\u0259r \u018flizad\u0259, X\u0259zang\u00fcl, N\u00fc\u015fab\u0259 \u018fs\u0259d M\u0259mm\u0259dli, Ramiz R\u00f6v\u015f\u0259n, Ayd\u0131n Murovda\u011fl\u0131, Adil C\u0259mil v\u0259 ba\u015fqa \u0259d\u0259biyyat adamlar\u0131 bar\u0259d\u0259 fikirl\u0259rim var. S\u0131ralama ad\u0131 \u00e7\u0259kil\u0259n m\u00fc\u0259llifl\u0259rin tutdu\u011fu m\u00f6vqe il\u0259 yox, yaz\u0131lma tarixinin ard\u0131c\u0131ll\u0131\u011f\u0131 il\u0259dir. Kitab 16 \u0259d\u0259biyyat adam\u0131 haqq\u0131nda 16 m\u0259qal\u0259d\u0259n ibar\u0259tdir\u201d, &#8211; dey\u0259n m\u00fc\u0259llif yax\u0131n g\u00fcnl\u0259rd\u0259 \u201c16-lar\u0131n\u201d geni\u015f oxucu k\u00fctl\u0259sin\u0259 t\u0259qdim edil\u0259c\u0259yini d\u0259 qeyd etdi.<\/p>\n<p class=\"bawpvc-ajax-counter\" data-id=\"19024\">Yaz\u0131ya 35 d\u0259f\u0259 bax\u0131l\u0131b<\/p>\n","protected":false},"excerpt":{"rendered":"<p>Bu g\u00fcnl\u0259rd\u0259 nasir, \u015fair, publisist, dramaturq, \u018fm\u0259kdar jurnalist Q\u0259rib Mehdinin \u201c16-lar\u201d adl\u0131 kitab\u0131 i\u015f\u0131q \u00fcz\u00fc g\u00f6r\u00fcb. www.kultur.az x\u0259b\u0259r verir ki, m\u00fc\u0259llif sosial \u015f\u0259b\u0259k\u0259 hesab\u0131nda \u201cBu da 51-ci \u00f6vlad sevinci. \u201c16-lar\u201d\u0131 da quca\u011f\u0131ma al\u0131b, ba\u011fr\u0131ma basd\u0131m\u201d yazaraq, sevincini payla\u015f\u0131b. \u201cKitabda El\u00e7in, Al\u0259mz\u0259r \u018flizad\u0259, X\u0259zang\u00fcl, N\u00fc\u015fab\u0259 \u018fs\u0259d M\u0259mm\u0259dli, Ramiz R\u00f6v\u015f\u0259n, Ayd\u0131n Murovda\u011fl\u0131, Adil C\u0259mil v\u0259 ba\u015fqa \u0259d\u0259biyyat [&hellip;]<\/p>\n","protected":false},"author":1,"featured_media":0,"comment_status":"closed","ping_status":"closed","sticky":false,"template":"","format":"standard","meta":[],"categories":[20,3,21],"tags":[],"_links":{"self":[{"href":"https:\/\/kultur.az\/index.php?rest_route=\/wp\/v2\/posts\/19024"}],"collection":[{"href":"https:\/\/kultur.az\/index.php?rest_route=\/wp\/v2\/posts"}],"about":[{"href":"https:\/\/kultur.az\/index.php?rest_route=\/wp\/v2\/types\/post"}],"author":[{"embeddable":true,"href":"https:\/\/kultur.az\/index.php?rest_route=\/wp\/v2\/users\/1"}],"replies":[{"embeddable":true,"href":"https:\/\/kultur.az\/index.php?rest_route=%2Fwp%2Fv2%2Fcomments&post=19024"}],"version-history":[{"count":1,"href":"https:\/\/kultur.az\/index.php?rest_route=\/wp\/v2\/posts\/19024\/revisions"}],"predecessor-version":[{"id":19026,"href":"https:\/\/kultur.az\/index.php?rest_route=\/wp\/v2\/posts\/19024\/revisions\/19026"}],"wp:attachment":[{"href":"https:\/\/kultur.az\/index.php?rest_route=%2Fwp%2Fv2%2Fmedia&parent=19024"}],"wp:term":[{"taxonomy":"category","embeddable":true,"href":"https:\/\/kultur.az\/index.php?rest_route=%2Fwp%2Fv2%2Fcategories&post=19024"},{"taxonomy":"post_tag","embeddable":true,"href":"https:\/\/kultur.az\/index.php?rest_route=%2Fwp%2Fv2%2Ftags&post=19024"}],"curies":[{"name":"wp","href":"https:\/\/api.w.org\/{rel}","templated":true}]}}